{"id":305202,"date":"2021-03-02T14:46:59","date_gmt":"2021-03-02T11:46:59","guid":{"rendered":"http:\/\/arantv.az\/?p=305202"},"modified":"2021-03-02T14:46:59","modified_gmt":"2021-03-02T11:46:59","slug":"yaponiya-mediasi-qarabagda-baslamis-quruculuq-isl%c9%99rind%c9%99n-yazib","status":"publish","type":"post","link":"https:\/\/arantv.az\/?p=305202","title":{"rendered":"Yaponiya medias\u0131 Qaraba\u011fda ba\u015flam\u0131\u015f quruculuq i\u015fl\u0259rind\u0259n yaz\u0131b"},"content":{"rendered":"<p><strong>Yaponiyan\u0131n n\u00fcfuzlu JIJI PRESS agentliyi Az\u0259rbaycan\u0131n Erm\u0259nistan ordusunun i\u015f\u011fal\u0131ndan azad edilmi\u015f \u0259razil\u0259rind\u0259 apar\u0131lan b\u00f6y\u00fck quruculuq i\u015fl\u0259ri bar\u0259d\u0259 m\u0259qal\u0259 yay\u0131b.<\/strong><\/p>\n<p><strong>ARANTV.AZ<\/strong>\u00a0\u00a0<a href=\"http:\/\/azertag.az\/\" target=\"_blank\" rel=\"noopener\">AZ\u018fRTAC<\/a>-a istinad\u0259n bildirir ki, &#8220;B\u00f6y\u00fck aeroportun in\u015fas\u0131 Az\u0259rbaycan\u0131n Da\u011fl\u0131q Qaraba\u011f regionuna n\u0259zar\u0259tini daha da g\u00fccl\u0259ndir\u0259c\u0259k&#8221; adl\u0131 m\u0259qal\u0259d\u0259 \u00f6t\u0259n ilin pay\u0131z\u0131nda ba\u015f vermi\u015f V\u0259t\u0259n m\u00fcharib\u0259si bar\u0259d\u0259 m\u0259lumat \u00f6z \u0259ksini tap\u0131b. Qeyd edilib ki, Az\u0259rbaycan\u0131n q\u0259l\u0259b\u0259si v\u0259 30 il\u0259 yax\u0131n bir d\u00f6vrd\u0259 Erm\u0259nistan ordusunun i\u015f\u011fal\u0131 alt\u0131nda olan torpaqlar\u0131n azad edilm\u0259si regionda b\u00f6y\u00fck quruculuq i\u015fl\u0259rin\u0259 \u015f\u0259rait yarad\u0131b. Bel\u0259 obyektl\u0259rd\u0259n biri kimi F\u00fczuli aeroportunun x\u00fcsusi \u0259h\u0259miyy\u0259t da\u015f\u0131d\u0131\u011f\u0131 vur\u011fulan\u0131b. Az\u0259rbaycan\u0131n m\u00f6hk\u0259m etnik \u0259laq\u0259l\u0259r\u0259 malik oldu\u011fu T\u00fcrkiy\u0259nin d\u0259st\u0259yi il\u0259 in\u015fa edil\u0259n yeni aeroportun strateji \u0259h\u0259miyy\u0259t da\u015f\u0131d\u0131\u011f\u0131, Erm\u0259nistan\u0131n i\u015f\u011fal\u00e7\u0131 siyas\u0259tin\u0259 qar\u015f\u0131 y\u00f6n\u0259ldiyi d\u0259 yaz\u0131da qeyd edilir.<\/p>\n<p>Bildirilir ki, tikinti i\u015fl\u0259ri \u00f6t\u0259n ilin sentyabr-noyabr aylar\u0131nda ba\u015f tutmu\u015f m\u00fcharib\u0259 n\u0259tic\u0259sind\u0259 azad edil\u0259n F\u00fczuli rayonu \u0259razisind\u0259 apar\u0131l\u0131r. Agentliyin m\u00fcxbirinin h\u0259min \u0259raziy\u0259 fevral\u0131n 27-d\u0259 s\u0259f\u0259ri zaman\u0131 burada a\u011f\u0131r texnikan\u0131n i\u015fl\u0259m\u0259sinin \u015fahidi oldu\u011fu qeyd edilir.<\/p>\n<p>Bu \u0259razid\u0259 Az\u0259rbaycan h\u00f6kum\u0259tinin q\u0259rar\u0131 il\u0259 in\u015fa edil\u0259n u\u00e7u\u015f-enm\u0259 zola\u011f\u0131n\u0131n 3 min metr uzunlu\u011funda olaca\u011f\u0131, beyn\u0259lxalq status da\u015f\u0131yaca\u011f\u0131 qeyd edilir. M\u0259qal\u0259d\u0259 F\u00fczuli rayonunun co\u011frafi m\u00f6vqeyin\u0259 d\u0259 x\u00fcsusi diqq\u0259t yetirilir. Bildirilir ki, Da\u011fl\u0131q Qaraba\u011f\u0131n c\u0259nub-\u015f\u0259rqind\u0259 yerl\u0259\u015f\u0259n F\u00fczuli rayonu 1993-c\u00fc ild\u0259 erm\u0259ni i\u015f\u011fal\u00e7\u0131lar\u0131 t\u0259r\u0259find\u0259n \u0259l\u0259 ke\u00e7irilib. Bu \u0259razid\u0259 ya\u015fayan insanlar qovulub, ya\u015fay\u0131\u015f m\u0259sk\u0259nl\u0259ri is\u0259 da\u011f\u0131d\u0131l\u0131b. Bildirilir ki, haz\u0131rda in\u015fa edil\u0259n aeroportun k\u0259nar\u0131nda da\u011f\u0131lm\u0131\u015f evl\u0259r, \u00fcz\u00fcm tarlalar\u0131n\u0131n qal\u0131qlar\u0131 ayd\u0131n g\u00f6r\u00fcn\u00fcr.<\/p>\n<p>M\u0259qal\u0259d\u0259 aeroportun yax\u0131nl\u0131\u011f\u0131nda yar\u0131mstansiya v\u0259 magistral yolun da in\u015fa edildiyi qeyd edilir. Bu magistral yol aeroportu Da\u011fl\u0131q Qaraba\u011f\u0131n \u0259sas ya\u015fay\u0131\u015f m\u0259nt\u0259q\u0259si hesab olunan \u015eu\u015fa \u015f\u0259h\u0259ri il\u0259 birl\u0259\u015fdir\u0259c\u0259k. Yolun in\u015fas\u0131 is\u0259 2022-ci il\u0259d\u0259k yekunla\u015facaq.<\/p>\n<p>Yaz\u0131da, h\u0259m\u00e7inin vur\u011fulan\u0131r ki, aeroportun f\u0259aliyy\u0259t\u0259 ba\u015flamas\u0131 Az\u0259rbaycan\u0131n Erm\u0259nistan qar\u015f\u0131s\u0131nda havada \u00fcst\u00fcnl\u00fcy\u00fcn\u00fc daha da m\u00f6hk\u0259ml\u0259ndir\u0259c\u0259k. Bundan \u0259lav\u0259, qon\u015fu \u0130ranla da \u0259laq\u0259l\u0259rin inki\u015faf\u0131na t\u0259sir g\u00f6st\u0259r\u0259c\u0259k.<\/p>\n","protected":false},"excerpt":{"rendered":"<p>Yaponiyan\u0131n n\u00fcfuzlu JIJI PRESS agentliyi Az\u0259rbaycan\u0131n Erm\u0259nistan ordusunun i\u015f\u011fal\u0131ndan azad edilmi\u015f \u0259razil\u0259rind\u0259 apar\u0131lan b\u00f6y\u00fck quruculuq i\u015fl\u0259ri bar\u0259d\u0259 m\u0259qal\u0259 yay\u0131b. ARANTV.AZ\u00a0\u00a0AZ\u018fRTAC-a istinad\u0259n bildirir ki, &#8220;B\u00f6y\u00fck aeroportun in\u015fas\u0131 Az\u0259rbaycan\u0131n Da\u011fl\u0131q Qaraba\u011f regionuna n\u0259zar\u0259tini daha da g\u00fccl\u0259ndir\u0259c\u0259k&#8221; adl\u0131 m\u0259qal\u0259d\u0259 \u00f6t\u0259n ilin pay\u0131z\u0131nda ba\u015f vermi\u015f V\u0259t\u0259n m\u00fcharib\u0259si bar\u0259d\u0259 m\u0259lumat \u00f6z \u0259ksini tap\u0131b. Qeyd edilib ki, Az\u0259rbaycan\u0131n q\u0259l\u0259b\u0259si v\u0259 30 il\u0259 yax\u0131n bir d\u00f6vrd\u0259 Erm\u0259nistan ordusunun i\u015f\u011fal\u0131 alt\u0131nda olan torpaqlar\u0131n azad edilm\u0259si regionda b\u00f6y\u00fck quruculuq i\u015fl\u0259rin\u0259 \u015f\u0259rait yarad\u0131b. Bel\u0259 obyektl\u0259rd\u0259n biri kimi F\u00fczuli aeroportunun x\u00fcsusi \u0259h\u0259miyy\u0259t da\u015f\u0131d\u0131\u011f\u0131 vur\u011fulan\u0131b. Az\u0259rbaycan\u0131n m\u00f6hk\u0259m etnik \u0259laq\u0259l\u0259r\u0259 malik oldu\u011fu T\u00fcrkiy\u0259nin&hellip;<\/p>\n","protected":false},"author":2,"featured_media":305203,"comment_status":"closed","ping_status":"closed","sticky":false,"template":"","format":"standard","meta":{"om_disable_all_campaigns":false,"_monsterinsights_skip_tracking":false,"_monsterinsights_sitenote_active":false,"_monsterinsights_sitenote_note":"","_monsterinsights_sitenote_category":0},"categories":[4],"tags":[],"aioseo_notices":[],"gutentor_comment":0,"rttpg_featured_image_url":{"full":["https:\/\/arantv.az\/wp-content\/uploads\/2021\/03\/927214_01.jpg",1000,621,false],"landscape":["https:\/\/arantv.az\/wp-content\/uploads\/2021\/03\/927214_01.jpg",1000,621,false],"portraits":["https:\/\/arantv.az\/wp-content\/uploads\/2021\/03\/927214_01.jpg",1000,621,false],"thumbnail":["https:\/\/arantv.az\/wp-content\/uploads\/2021\/03\/927214_01-150x150.jpg",150,150,true],"medium":["https:\/\/arantv.az\/wp-content\/uploads\/2021\/03\/927214_01-300x186.jpg",300,186,true],"large":["https:\/\/arantv.az\/wp-content\/uploads\/2021\/03\/927214_01.jpg",640,397,false],"1536x1536":["https:\/\/arantv.az\/wp-content\/uploads\/2021\/03\/927214_01.jpg",1000,621,false],"2048x2048":["https:\/\/arantv.az\/wp-content\/uploads\/2021\/03\/927214_01.jpg",1000,621,false],"post-thumbnail":["https:\/\/arantv.az\/wp-content\/uploads\/2021\/03\/927214_01-240x172.jpg",240,172,true],"advps-thumb-one":["https:\/\/arantv.az\/wp-content\/uploads\/2021\/03\/927214_01-1000x620.jpg",1000,620,true]},"rttpg_author":{"display_name":"V\u00fcsal Rafiqo\u011flu","author_link":"https:\/\/arantv.az\/?author=2"},"rttpg_comment":0,"rttpg_category":"<a href=\"https:\/\/arantv.az\/?cat=4\" rel=\"category\">Siyas\u0259t<\/a>","rttpg_excerpt":"Yaponiyan\u0131n n\u00fcfuzlu JIJI PRESS agentliyi Az\u0259rbaycan\u0131n Erm\u0259nistan ordusunun i\u015f\u011fal\u0131ndan azad edilmi\u015f \u0259razil\u0259rind\u0259 apar\u0131lan b\u00f6y\u00fck quruculuq i\u015fl\u0259ri bar\u0259d\u0259 m\u0259qal\u0259 yay\u0131b. ARANTV.AZ\u00a0\u00a0AZ\u018fRTAC-a istinad\u0259n bildirir ki, &#8220;B\u00f6y\u00fck aeroportun in\u015fas\u0131 Az\u0259rbaycan\u0131n Da\u011fl\u0131q Qaraba\u011f regionuna n\u0259zar\u0259tini daha da g\u00fccl\u0259ndir\u0259c\u0259k&#8221; adl\u0131 m\u0259qal\u0259d\u0259 \u00f6t\u0259n ilin pay\u0131z\u0131nda ba\u015f vermi\u015f V\u0259t\u0259n m\u00fcharib\u0259si bar\u0259d\u0259 m\u0259lumat \u00f6z \u0259ksini tap\u0131b. Qeyd edilib ki, Az\u0259rbaycan\u0131n q\u0259l\u0259b\u0259si v\u0259 30&hellip;","_links":{"self":[{"href":"https:\/\/arantv.az\/index.php?rest_route=\/wp\/v2\/posts\/305202"}],"collection":[{"href":"https:\/\/arantv.az\/index.php?rest_route=\/wp\/v2\/posts"}],"about":[{"href":"https:\/\/arantv.az\/index.php?rest_route=\/wp\/v2\/types\/post"}],"author":[{"embeddable":true,"href":"https:\/\/arantv.az\/index.php?rest_route=\/wp\/v2\/users\/2"}],"replies":[{"embeddable":true,"href":"https:\/\/arantv.az\/index.php?rest_route=%2Fwp%2Fv2%2Fcomments&post=305202"}],"version-history":[{"count":0,"href":"https:\/\/arantv.az\/index.php?rest_route=\/wp\/v2\/posts\/305202\/revisions"}],"wp:featuredmedia":[{"embeddable":true,"href":"https:\/\/arantv.az\/index.php?rest_route=\/wp\/v2\/media\/305203"}],"wp:attachment":[{"href":"https:\/\/arantv.az\/index.php?rest_route=%2Fwp%2Fv2%2Fmedia&parent=305202"}],"wp:term":[{"taxonomy":"category","embeddable":true,"href":"https:\/\/arantv.az\/index.php?rest_route=%2Fwp%2Fv2%2Fcategories&post=305202"},{"taxonomy":"post_tag","embeddable":true,"href":"https:\/\/arantv.az\/index.php?rest_route=%2Fwp%2Fv2%2Ftags&post=305202"}],"curies":[{"name":"wp","href":"https:\/\/api.w.org\/{rel}","templated":true}]}}