{"id":305214,"date":"2021-03-02T15:10:10","date_gmt":"2021-03-02T12:10:10","guid":{"rendered":"http:\/\/arantv.az\/?p=305214"},"modified":"2021-03-02T15:10:10","modified_gmt":"2021-03-02T12:10:10","slug":"ukrayna-telekanali-prezident-ilham-%c9%99liyevin-m%c9%99tbuat-konfransi-bar%c9%99d%c9%99-xususi-reportaj-yayimlayib","status":"publish","type":"post","link":"https:\/\/arantv.az\/?p=305214","title":{"rendered":"Ukrayna telekanal\u0131 Prezident \u0130lham \u018fliyevin m\u0259tbuat konfrans\u0131 bar\u0259d\u0259 x\u00fcsusi reportaj yay\u0131mlay\u0131b"},"content":{"rendered":"<p><strong>Ukraynan\u0131n n\u00fcfuzlu &#8220;\u0130nter&#8221; telekanal\u0131 Az\u0259rbaycan Prezidenti \u0130lham \u018fliyevin fevral\u0131n 26-da yerli v\u0259 xarici media n\u00fcmay\u0259nd\u0259l\u0259ri \u00fc\u00e7\u00fcn ke\u00e7irdiyi m\u0259tbuat konfrans\u0131 bar\u0259d\u0259 x\u00fcsusi reportaj yay\u0131mlay\u0131b.<\/strong><\/p>\n<p><strong>ARANTV.AZ<\/strong>\u00a0\u00a0<a href=\"http:\/\/azertag.az\/\" target=\"_blank\" rel=\"noopener\">AZ\u018fRTAC<\/a>-a istinad\u0259n bildirir ki,\u00a0reportajda d\u00f6vl\u0259timizin ba\u015f\u00e7\u0131s\u0131n\u0131n Az\u0259rbaycan Ordusunun i\u015f\u011faldan azad etdiyi \u0259razil\u0259rd\u0259 u\u011furlu h\u0259rbi \u0259m\u0259liyyatlar\u0131 bar\u0259d\u0259 sitatlar\u0131 yer al\u0131b. Az\u0259rbaycan Prezidentinin sitatlar\u0131na istinadla qeyd edilir ki, Az\u0259rbaycan Ordusunun \u015eu\u015fa \u0259m\u0259liyyat\u0131 bar\u0259d\u0259 detallar m\u0259lum olanda o, \u0259n u\u011furlu \u0259m\u0259liyyat kimi tarix\u0259 d\u00fc\u015f\u0259c\u0259k. Az\u0259rbaycan\u0131n x\u00fcsusi t\u0259yinatl\u0131lar\u0131n\u0131n v\u0259 dig\u0259r x\u00fcsusi h\u0259rbi birl\u0259\u015fm\u0259l\u0259rin misilsiz m\u0259rdliyi, q\u0259hr\u0259manl\u0131\u011f\u0131, f\u0259dakarl\u0131\u011f\u0131 x\u00fcsusi qeyd olunmal\u0131d\u0131r.<\/p>\n<p>Ukraynal\u0131 jurnalist tama\u015fa\u00e7\u0131lara A\u011fdam \u015f\u0259h\u0259rind\u0259n g\u00f6r\u00fcnt\u00fcl\u0259rini &#8211; tarixi, dini abid\u0259l\u0259rin, ya\u015fay\u0131\u015f binalar\u0131n\u0131n erm\u0259nil\u0259r t\u0259r\u0259find\u0259n nec\u0259 m\u0259hv olundu\u011fu da n\u00fcmayi\u015f etdirib. Bildirib ki, h\u0259min \u0259razil\u0259rd\u0259 minalanm\u0131\u015f sah\u0259l\u0259rd\u0259n ba\u015fqa he\u00e7 n\u0259 qalmay\u0131b.<\/p>\n","protected":false},"excerpt":{"rendered":"<p>Ukraynan\u0131n n\u00fcfuzlu &#8220;\u0130nter&#8221; telekanal\u0131 Az\u0259rbaycan Prezidenti \u0130lham \u018fliyevin fevral\u0131n 26-da yerli v\u0259 xarici media n\u00fcmay\u0259nd\u0259l\u0259ri \u00fc\u00e7\u00fcn ke\u00e7irdiyi m\u0259tbuat konfrans\u0131 bar\u0259d\u0259 x\u00fcsusi reportaj yay\u0131mlay\u0131b. ARANTV.AZ\u00a0\u00a0AZ\u018fRTAC-a istinad\u0259n bildirir ki,\u00a0reportajda d\u00f6vl\u0259timizin ba\u015f\u00e7\u0131s\u0131n\u0131n Az\u0259rbaycan Ordusunun i\u015f\u011faldan azad etdiyi \u0259razil\u0259rd\u0259 u\u011furlu h\u0259rbi \u0259m\u0259liyyatlar\u0131 bar\u0259d\u0259 sitatlar\u0131 yer al\u0131b. Az\u0259rbaycan Prezidentinin sitatlar\u0131na istinadla qeyd edilir ki, Az\u0259rbaycan Ordusunun \u015eu\u015fa \u0259m\u0259liyyat\u0131 bar\u0259d\u0259 detallar m\u0259lum olanda o, \u0259n u\u011furlu \u0259m\u0259liyyat kimi tarix\u0259 d\u00fc\u015f\u0259c\u0259k. Az\u0259rbaycan\u0131n x\u00fcsusi t\u0259yinatl\u0131lar\u0131n\u0131n v\u0259 dig\u0259r x\u00fcsusi h\u0259rbi birl\u0259\u015fm\u0259l\u0259rin misilsiz m\u0259rdliyi, q\u0259hr\u0259manl\u0131\u011f\u0131, f\u0259dakarl\u0131\u011f\u0131 x\u00fcsusi qeyd olunmal\u0131d\u0131r. Ukraynal\u0131 jurnalist tama\u015fa\u00e7\u0131lara A\u011fdam \u015f\u0259h\u0259rind\u0259n g\u00f6r\u00fcnt\u00fcl\u0259rini &#8211; tarixi, dini abid\u0259l\u0259rin, ya\u015fay\u0131\u015f&hellip;<\/p>\n","protected":false},"author":2,"featured_media":305215,"comment_status":"closed","ping_status":"closed","sticky":false,"template":"","format":"standard","meta":{"om_disable_all_campaigns":false,"_monsterinsights_skip_tracking":false,"_monsterinsights_sitenote_active":false,"_monsterinsights_sitenote_note":"","_monsterinsights_sitenote_category":0},"categories":[4],"tags":[],"aioseo_notices":[],"gutentor_comment":0,"rttpg_featured_image_url":{"full":["https:\/\/arantv.az\/wp-content\/uploads\/2021\/03\/927217_04.jpg",1000,562,false],"landscape":["https:\/\/arantv.az\/wp-content\/uploads\/2021\/03\/927217_04.jpg",1000,562,false],"portraits":["https:\/\/arantv.az\/wp-content\/uploads\/2021\/03\/927217_04.jpg",1000,562,false],"thumbnail":["https:\/\/arantv.az\/wp-content\/uploads\/2021\/03\/927217_04-150x150.jpg",150,150,true],"medium":["https:\/\/arantv.az\/wp-content\/uploads\/2021\/03\/927217_04-300x169.jpg",300,169,true],"large":["https:\/\/arantv.az\/wp-content\/uploads\/2021\/03\/927217_04.jpg",640,360,false],"1536x1536":["https:\/\/arantv.az\/wp-content\/uploads\/2021\/03\/927217_04.jpg",1000,562,false],"2048x2048":["https:\/\/arantv.az\/wp-content\/uploads\/2021\/03\/927217_04.jpg",1000,562,false],"post-thumbnail":["https:\/\/arantv.az\/wp-content\/uploads\/2021\/03\/927217_04-240x172.jpg",240,172,true],"advps-thumb-one":["https:\/\/arantv.az\/wp-content\/uploads\/2021\/03\/927217_04.jpg",1000,562,false]},"rttpg_author":{"display_name":"V\u00fcsal Rafiqo\u011flu","author_link":"https:\/\/arantv.az\/?author=2"},"rttpg_comment":0,"rttpg_category":"<a href=\"https:\/\/arantv.az\/?cat=4\" rel=\"category\">Siyas\u0259t<\/a>","rttpg_excerpt":"Ukraynan\u0131n n\u00fcfuzlu &#8220;\u0130nter&#8221; telekanal\u0131 Az\u0259rbaycan Prezidenti \u0130lham \u018fliyevin fevral\u0131n 26-da yerli v\u0259 xarici media n\u00fcmay\u0259nd\u0259l\u0259ri \u00fc\u00e7\u00fcn ke\u00e7irdiyi m\u0259tbuat konfrans\u0131 bar\u0259d\u0259 x\u00fcsusi reportaj yay\u0131mlay\u0131b. ARANTV.AZ\u00a0\u00a0AZ\u018fRTAC-a istinad\u0259n bildirir ki,\u00a0reportajda d\u00f6vl\u0259timizin ba\u015f\u00e7\u0131s\u0131n\u0131n Az\u0259rbaycan Ordusunun i\u015f\u011faldan azad etdiyi \u0259razil\u0259rd\u0259 u\u011furlu h\u0259rbi \u0259m\u0259liyyatlar\u0131 bar\u0259d\u0259 sitatlar\u0131 yer al\u0131b. Az\u0259rbaycan Prezidentinin sitatlar\u0131na istinadla qeyd edilir ki, Az\u0259rbaycan Ordusunun \u015eu\u015fa \u0259m\u0259liyyat\u0131 bar\u0259d\u0259 detallar&hellip;","_links":{"self":[{"href":"https:\/\/arantv.az\/index.php?rest_route=\/wp\/v2\/posts\/305214"}],"collection":[{"href":"https:\/\/arantv.az\/index.php?rest_route=\/wp\/v2\/posts"}],"about":[{"href":"https:\/\/arantv.az\/index.php?rest_route=\/wp\/v2\/types\/post"}],"author":[{"embeddable":true,"href":"https:\/\/arantv.az\/index.php?rest_route=\/wp\/v2\/users\/2"}],"replies":[{"embeddable":true,"href":"https:\/\/arantv.az\/index.php?rest_route=%2Fwp%2Fv2%2Fcomments&post=305214"}],"version-history":[{"count":0,"href":"https:\/\/arantv.az\/index.php?rest_route=\/wp\/v2\/posts\/305214\/revisions"}],"wp:featuredmedia":[{"embeddable":true,"href":"https:\/\/arantv.az\/index.php?rest_route=\/wp\/v2\/media\/305215"}],"wp:attachment":[{"href":"https:\/\/arantv.az\/index.php?rest_route=%2Fwp%2Fv2%2Fmedia&parent=305214"}],"wp:term":[{"taxonomy":"category","embeddable":true,"href":"https:\/\/arantv.az\/index.php?rest_route=%2Fwp%2Fv2%2Fcategories&post=305214"},{"taxonomy":"post_tag","embeddable":true,"href":"https:\/\/arantv.az\/index.php?rest_route=%2Fwp%2Fv2%2Ftags&post=305214"}],"curies":[{"name":"wp","href":"https:\/\/api.w.org\/{rel}","templated":true}]}}