{"id":305218,"date":"2021-03-02T15:11:04","date_gmt":"2021-03-02T12:11:04","guid":{"rendered":"http:\/\/arantv.az\/?p=305218"},"modified":"2021-03-02T15:11:04","modified_gmt":"2021-03-02T12:11:04","slug":"s%c9%99hid-polisin-ovladi-susa-polis-sob%c9%99sind%c9%99-v%c9%99zif%c9%99y%c9%99-t%c9%99yin-olundu","status":"publish","type":"post","link":"https:\/\/arantv.az\/?p=305218","title":{"rendered":"\u015e\u0259hid polisin \u00f6vlad\u0131 \u015eu\u015fa polis \u015f\u00f6b\u0259sind\u0259 v\u0259zif\u0259y\u0259 t\u0259yin olundu"},"content":{"rendered":"<p><strong>\u015eu\u015fa \u015f\u0259h\u0259r polis \u015f\u00f6b\u0259sin\u0259 yeni t\u0259yinat olub.<\/strong><\/p>\n<p><strong>ARANTV.AZ<\/strong>\u00a0\u00a0<a href=\"https:\/\/az.trend.az\/\" target=\"_blank\" rel=\"noopener\">Trend<\/a>-\u0259 istinad\u0259n bildirir ki, bu bar\u0259d\u0259 Daxili \u0130\u015fl\u0259r naziri, general-polkovnik Vilay\u0259t Eyvazov \u0259mr imzalay\u0131b. Nazirin \u0259mri il\u0259, Goranboy Rayon Polis \u015e\u00f6b\u0259sind\u0259 \u0259m\u0259liyyat m\u00fcv\u0259kkili, polis ba\u015f leytenant\u0131 S\u0259nan \u018fsg\u0259rov tutdu\u011fu v\u0259zif\u0259d\u0259n azad edil\u0259r\u0259k \u015eu\u015fa \u015e\u0259h\u0259r Polis \u015e\u00f6b\u0259sinin \u0259m\u0259liyyat m\u00fcv\u0259kkili t\u0259yin edilib.<\/p>\n<p>Qeyd ed\u0259k ki, S.\u018fsg\u0259rovun atas\u0131 X\u0259zani \u018fsg\u0259rov \u015eu\u015fa \u015e\u0259h\u0259r Polis \u015e\u00f6b\u0259sinin \u0259m\u0259kda\u015f\u0131 olub v\u0259 1994-c\u00fc ild\u0259 Qaraba\u011f m\u00fcharib\u0259sind\u0259ki d\u00f6y\u00fc\u015fl\u0259rd\u0259 \u015f\u0259hid olub.<\/p>\n","protected":false},"excerpt":{"rendered":"<p>\u015eu\u015fa \u015f\u0259h\u0259r polis \u015f\u00f6b\u0259sin\u0259 yeni t\u0259yinat olub. ARANTV.AZ\u00a0\u00a0Trend-\u0259 istinad\u0259n bildirir ki, bu bar\u0259d\u0259 Daxili \u0130\u015fl\u0259r naziri, general-polkovnik Vilay\u0259t Eyvazov \u0259mr imzalay\u0131b. Nazirin \u0259mri il\u0259, Goranboy Rayon Polis \u015e\u00f6b\u0259sind\u0259 \u0259m\u0259liyyat m\u00fcv\u0259kkili, polis ba\u015f leytenant\u0131 S\u0259nan \u018fsg\u0259rov tutdu\u011fu v\u0259zif\u0259d\u0259n azad edil\u0259r\u0259k \u015eu\u015fa \u015e\u0259h\u0259r Polis \u015e\u00f6b\u0259sinin \u0259m\u0259liyyat m\u00fcv\u0259kkili t\u0259yin edilib. Qeyd ed\u0259k ki, S.\u018fsg\u0259rovun atas\u0131 X\u0259zani \u018fsg\u0259rov \u015eu\u015fa \u015e\u0259h\u0259r Polis \u015e\u00f6b\u0259sinin \u0259m\u0259kda\u015f\u0131 olub v\u0259 1994-c\u00fc ild\u0259 Qaraba\u011f m\u00fcharib\u0259sind\u0259ki d\u00f6y\u00fc\u015fl\u0259rd\u0259 \u015f\u0259hid olub.<\/p>\n","protected":false},"author":2,"featured_media":305219,"comment_status":"closed","ping_status":"closed","sticky":false,"template":"","format":"standard","meta":{"om_disable_all_campaigns":false,"_monsterinsights_skip_tracking":false,"_monsterinsights_sitenote_active":false,"_monsterinsights_sitenote_note":"","_monsterinsights_sitenote_category":0},"categories":[26],"tags":[],"aioseo_notices":[],"gutentor_comment":0,"rttpg_featured_image_url":{"full":["https:\/\/arantv.az\/wp-content\/uploads\/2021\/03\/susa.jpg",700,460,false],"landscape":["https:\/\/arantv.az\/wp-content\/uploads\/2021\/03\/susa.jpg",700,460,false],"portraits":["https:\/\/arantv.az\/wp-content\/uploads\/2021\/03\/susa.jpg",700,460,false],"thumbnail":["https:\/\/arantv.az\/wp-content\/uploads\/2021\/03\/susa-150x150.jpg",150,150,true],"medium":["https:\/\/arantv.az\/wp-content\/uploads\/2021\/03\/susa-300x197.jpg",300,197,true],"large":["https:\/\/arantv.az\/wp-content\/uploads\/2021\/03\/susa.jpg",640,421,false],"1536x1536":["https:\/\/arantv.az\/wp-content\/uploads\/2021\/03\/susa.jpg",700,460,false],"2048x2048":["https:\/\/arantv.az\/wp-content\/uploads\/2021\/03\/susa.jpg",700,460,false],"post-thumbnail":["https:\/\/arantv.az\/wp-content\/uploads\/2021\/03\/susa-240x172.jpg",240,172,true],"advps-thumb-one":["https:\/\/arantv.az\/wp-content\/uploads\/2021\/03\/susa.jpg",700,460,false]},"rttpg_author":{"display_name":"V\u00fcsal Rafiqo\u011flu","author_link":"https:\/\/arantv.az\/?author=2"},"rttpg_comment":0,"rttpg_category":"<a href=\"https:\/\/arantv.az\/?cat=26\" rel=\"category\">Sosial<\/a>","rttpg_excerpt":"\u015eu\u015fa \u015f\u0259h\u0259r polis \u015f\u00f6b\u0259sin\u0259 yeni t\u0259yinat olub. ARANTV.AZ\u00a0\u00a0Trend-\u0259 istinad\u0259n bildirir ki, bu bar\u0259d\u0259 Daxili \u0130\u015fl\u0259r naziri, general-polkovnik Vilay\u0259t Eyvazov \u0259mr imzalay\u0131b. Nazirin \u0259mri il\u0259, Goranboy Rayon Polis \u015e\u00f6b\u0259sind\u0259 \u0259m\u0259liyyat m\u00fcv\u0259kkili, polis ba\u015f leytenant\u0131 S\u0259nan \u018fsg\u0259rov tutdu\u011fu v\u0259zif\u0259d\u0259n azad edil\u0259r\u0259k \u015eu\u015fa \u015e\u0259h\u0259r Polis \u015e\u00f6b\u0259sinin \u0259m\u0259liyyat m\u00fcv\u0259kkili t\u0259yin edilib. Qeyd ed\u0259k ki, S.\u018fsg\u0259rovun atas\u0131 X\u0259zani \u018fsg\u0259rov \u015eu\u015fa&hellip;","_links":{"self":[{"href":"https:\/\/arantv.az\/index.php?rest_route=\/wp\/v2\/posts\/305218"}],"collection":[{"href":"https:\/\/arantv.az\/index.php?rest_route=\/wp\/v2\/posts"}],"about":[{"href":"https:\/\/arantv.az\/index.php?rest_route=\/wp\/v2\/types\/post"}],"author":[{"embeddable":true,"href":"https:\/\/arantv.az\/index.php?rest_route=\/wp\/v2\/users\/2"}],"replies":[{"embeddable":true,"href":"https:\/\/arantv.az\/index.php?rest_route=%2Fwp%2Fv2%2Fcomments&post=305218"}],"version-history":[{"count":0,"href":"https:\/\/arantv.az\/index.php?rest_route=\/wp\/v2\/posts\/305218\/revisions"}],"wp:featuredmedia":[{"embeddable":true,"href":"https:\/\/arantv.az\/index.php?rest_route=\/wp\/v2\/media\/305219"}],"wp:attachment":[{"href":"https:\/\/arantv.az\/index.php?rest_route=%2Fwp%2Fv2%2Fmedia&parent=305218"}],"wp:term":[{"taxonomy":"category","embeddable":true,"href":"https:\/\/arantv.az\/index.php?rest_route=%2Fwp%2Fv2%2Fcategories&post=305218"},{"taxonomy":"post_tag","embeddable":true,"href":"https:\/\/arantv.az\/index.php?rest_route=%2Fwp%2Fv2%2Ftags&post=305218"}],"curies":[{"name":"wp","href":"https:\/\/api.w.org\/{rel}","templated":true}]}}