{"id":305293,"date":"2021-03-02T15:41:44","date_gmt":"2021-03-02T12:41:44","guid":{"rendered":"http:\/\/arantv.az\/?p=305293"},"modified":"2021-03-02T15:41:44","modified_gmt":"2021-03-02T12:41:44","slug":"allahsukur-pasazad%c9%99-fransa-n%c9%99srin%c9%99-erm%c9%99nil%c9%99rin-qarabagdaki-barbarligindan-danisdi","status":"publish","type":"post","link":"https:\/\/arantv.az\/?p=305293","title":{"rendered":"Allah\u015f\u00fck\u00fcr Pa\u015fazad\u0259 Fransa n\u0259\u015frin\u0259 erm\u0259nil\u0259rin Qaraba\u011fdak\u0131 barbarl\u0131\u011f\u0131ndan dan\u0131\u015fd\u0131"},"content":{"rendered":"<p>Mart\u0131n 2-d\u0259 Qafqaz M\u00fcs\u0259lmanlar\u0131 \u0130dar\u0259sinin s\u0259dri \u015eeyx\u00fclislam Allah\u015f\u00fck\u00fcr Pa\u015fazad\u0259 Fransan\u0131n n\u00fcfuzlu \u00abLe Mond\u0435\u00bb q\u0259zetinin m\u00fcxbiri Emmanuel Qrinzpam il\u0259 g\u00f6r\u00fc\u015f\u00fcb m\u00fcsahib\u0259 verib.<\/p>\n<p>Bu bar\u0259d\u0259 Oxu.Az-a QM\u0130-nin M\u0259tbuat Xidm\u0259tind\u0259n m\u0259lumat verilib.<\/p>\n<p>Bildirilib ki, Qafqaz, Az\u0259rbaycan m\u00fcs\u0259lmanlar\u0131n\u0131n dini lideri il\u0259 g\u00f6r\u00fc\u015f imkan\u0131n\u0131 y\u00fcks\u0259k d\u0259y\u0259rl\u0259ndir\u0259n frans\u0131z jurnalist onu maraqland\u0131ran suallar\u0131 \u015eeyx\u00fclislam A.Pa\u015fazad\u0259y\u0259 \u00fcnvanlay\u0131b.<\/p>\n<p>Fransal\u0131 jurnalistin suallar\u0131 s\u0131ras\u0131nda Az\u0259rbaycan\u0131n dini modeli, \u00f6lk\u0259d\u0259 h\u00f6km s\u00fcr\u0259n dinl\u0259raras\u0131 harmoniyan\u0131n t\u0259m\u0259lind\u0259 duran d\u0259y\u0259rl\u0259r, bunun tarixi aspekti v\u0259 bug\u00fcnk\u00fc reall\u0131qlar\u0131, d\u00f6vl\u0259t-din m\u00fcnasib\u0259tl\u0259rinin s\u0259viyy\u0259si, Avropa \u00fc\u00e7\u00fcn \u00f6rn\u0259k ola bil\u0259c\u0259k dinl\u0259r v\u0259 konfessiyalararas\u0131 m\u00fcnasib\u0259tl\u0259r n\u00fcmun\u0259si, m\u0259zh\u0259bl\u0259raras\u0131 anla\u015fma m\u00fchitini \u015f\u0259rtl\u0259ndir\u0259n s\u0259b\u0259bl\u0259r, sekulyar c\u0259miyy\u0259tl\u0259rd\u0259 dinin yeri, rolu v\u0259 s. bu kimi m\u0259s\u0259l\u0259l\u0259r yer al\u0131r\u0131b. Fransal\u0131 jurnalist \u00fc\u00e7\u00fcn x\u00fcsusi \u00f6n\u0259m k\u0259sb ed\u0259n m\u0259qamlar Az\u0259rbaycan\u0131n, Qafqaz\u0131n m\u00fcs\u0259lman dini liderinin uzun onillikl\u0259r \u0259rzind\u0259 beyn\u0259lxalq miqyasda tan\u0131nan, m\u00f6vqeyi d\u0259y\u0259rl\u0259ndiril\u0259n m\u0259n\u0259vi xadim, a\u011fsaqqal statusunda q\u0259bul edilm\u0259si kontekstind\u0259 \u015eeyx\u00fclislam\u0131n \u015f\u0259xsiyy\u0259ti, formala\u015fd\u0131\u011f\u0131 m\u00fchit il\u0259 ba\u011fl\u0131 suallarda \u0259ksini tapd\u0131. Tan\u0131nm\u0131\u015f m\u00fcxbir m\u00fcsahib\u0259 zaman\u0131 Fransada dinl\u0259raras\u0131 m\u00fcnasib\u0259tl\u0259r n\u00fcmun\u0259sind\u0259n b\u0259hs ed\u0259r\u0259k, Az\u0259rbaycanla m\u00fcqayis\u0259li \u015f\u0259kild\u0259, paralell\u0259r apararaq da b\u0259zi suallar s\u0259sl\u0259ndirib.<\/p>\n<p>Erm\u0259ni kils\u0259si il\u0259 dinl\u0259raras\u0131 \u0259laq\u0259l\u0259rin s\u0259viyy\u0259si, indiy\u0259d\u0259k ba\u015f tutmu\u015f g\u00f6r\u00fc\u015fl\u0259r, habel\u0259 44 g\u00fcnl\u00fck II Qaraba\u011f m\u00fcharib\u0259si d\u00f6vr\u00fcn\u0259 dair m\u0259s\u0259l\u0259l\u0259r d\u0259 fransal\u0131 media t\u0259msil\u00e7isini maraqland\u0131ran suallar s\u0131ras\u0131nda olub.<\/p>\n<p>QM\u0130 s\u0259dri suallar\u0131 geni\u015f \u015f\u0259kild\u0259 cavabland\u0131r\u0131b. Az\u0259rbaycan xalq\u0131n\u0131n \u00f6z Ali Ba\u015f Komandan\u0131n\u0131n r\u0259hb\u0259rliyi alt\u0131nda qazand\u0131\u011f\u0131 Z\u0259f\u0259rin m\u0259n\u0259vi \u00f6n\u0259mi, bu z\u0259f\u0259rin qazan\u0131lmas\u0131nda Az\u0259rbaycanda ya\u015fayan b\u00fct\u00fcn dini konfessiyalar\u0131n n\u00fcmayind\u0259l\u0259rinin d\u00f6vl\u0259t \u0259traf\u0131nda s\u0131x birl\u0259\u015fm\u0259sind\u0259n, V\u0259t\u0259nin \u0259razi b\u00fct\u00f6vl\u00fcy\u00fcn\u00fcn b\u0259rpa olunmas\u0131nda az\u0259rbaycanl\u0131larla yana\u015f\u0131 ruslar, y\u0259hudil\u0259r, ukraynal\u0131lar aras\u0131ndan \u015f\u0259hid q\u0259hr\u0259manlar\u0131m\u0131z\u0131n oldu\u011funu f\u0259xar\u0259tl\u0259 vur\u011fulayan \u015eeyx\u00fclislam A. Pa\u015fazad\u0259 Az\u0259rbaycan d\u00f6vl\u0259tinin h\u0259r zaman s\u00fclh, b\u00f6lg\u0259d\u0259 dinc qon\u015fuluq, iqtisadi \u0259m\u0259kda\u015fl\u0131q t\u0259r\u0259fdar\u0131 oldu\u011funu qeyd edib. QM\u0130 s\u0259dri Az\u0259rbaycan Prezidentinin bu yax\u0131nlarda yerli v\u0259 xarici media il\u0259 ke\u00e7irdiyi, b\u00f6y\u00fck beyn\u0259lxalq rezonans do\u011furmu\u015f press-konfransda erm\u0259ni t\u0259r\u0259fin\u0259 \u00fcnvanl\u0131 s\u0259sl\u0259ndirilmi\u015f dinc birg\u0259ya\u015fay\u0131\u015f ismar\u0131clar\u0131n\u0131n erm\u0259nil\u0259r t\u0259r\u0259find\u0259n laz\u0131m\u0131nca d\u0259y\u0259rl\u0259ndirilm\u0259si vacibliyin\u0259 diqq\u0259ti \u00e7\u0259kib.<\/p>\n<p>\u015eeyx\u00fclislam A. Pa\u015fazad\u0259 dinl\u0259r v\u0259 konfessiyalar aras\u0131nda qar\u015f\u0131l\u0131ql\u0131 anla\u015fma v\u0259 \u0259m\u0259kda\u015fl\u0131q m\u00fchitinin formala\u015fmas\u0131nda t\u0259kc\u0259 din xadiml\u0259rinin s\u0259yl\u0259rinin kifay\u0259t etm\u0259diyini, bunun \u00fc\u00e7\u00fcn d\u00f6vl\u0259ti irad\u0259nin, siyasi x\u0259ttin vacib \u0259h\u0259miyy\u0259t da\u015f\u0131d\u0131\u011f\u0131n\u0131 x\u00fcsusi vur\u011fulay\u0131b. D\u00fcnyada s\u00fclh v\u0259 \u0259min-amanl\u0131\u011f\u0131n t\u0259min olunmas\u0131nda dini liderl\u0259rin s\u0259yl\u0259rinin \u00f6n\u0259m k\u0259sb etdiyini bildir\u0259n \u015eeyx\u00fclislam A. Pa\u015fazad\u0259 bu istiqam\u0259td\u0259 \u00f6z\u00fcn\u00fcn h\u0259r zaman f\u0259al \u015f\u0259kild\u0259 \u00e7al\u0131\u015fd\u0131\u011f\u0131n\u0131, ist\u0259r Sovetl\u0259r d\u00f6n\u0259mind\u0259, ist\u0259r Az\u0259rbaycan\u0131n m\u00fcst\u0259qillik ill\u0259rind\u0259 dinl\u0259raras\u0131 dialoq m\u00fcst\u0259visind\u0259 s\u0259yl\u0259rini \u0259sirg\u0259m\u0259diyini faktlarla fransal\u0131 m\u00fcxbirin diqq\u0259tin\u0259 \u00e7atd\u0131r\u0131b. Bir insan\u0131n h\u0259yat\u0131n\u0131n xilas\u0131n\u0131 b\u00fct\u00fcn b\u0259\u015f\u0259rin xilas\u0131 il\u0259 eyni d\u0259y\u0259rd\u0259 qiym\u0259tl\u0259ndir\u0259n \u0130slam dininin h\u00f6kml\u0259rini r\u0259hb\u0259r tutaraq 30 ild\u0259n art\u0131q m\u00fcdd\u0259td\u0259 Erm\u0259ni kils\u0259sinin dini liderl\u0259ri il\u0259 apard\u0131\u011f\u0131 dialoqlardan, m\u00fcnaqi\u015f\u0259nin dini m\u00fcst\u0259viy\u0259 ke\u00e7m\u0259m\u0259si \u00fc\u00e7\u00fcn s\u0259yl\u0259rind\u0259n b\u0259hs edib. QM\u0130 s\u0259dri t\u0259\u0259ss\u00fcfl\u0259 qeyd etdi ki, erm\u0259ni kils\u0259si dinin s\u00fclhyaratma missiyas\u0131n\u0131 r\u0259hb\u0259r tutmaq \u0259v\u0259zin\u0259 h\u0259rb\u0259, i\u015f\u011fala haqq qazand\u0131rma m\u00f6vqeyind\u0259n \u00e7\u0131x\u0131\u015f ed\u0259r\u0259k, \u00f6z xalq\u0131n\u0131 m\u00fcharib\u0259y\u0259 s\u00f6vq edir, d\u00fcnyada, o c\u00fcml\u0259d\u0259n, Avropa miqyas\u0131nda yalan t\u0259bli\u011fatlar apar\u0131r, i\u015f\u011fal d\u00f6vr\u00fcnd\u0259 Qaraba\u011fdak\u0131 dini m\u0259b\u0259dl\u0259ri m\u0259hv ed\u0259n, m\u0259scidl\u0259ri talan edib, h\u0259qar\u0259t\u0259 m\u0259ruz qoyan, q\u0259dim alban, pravoslav kils\u0259l\u0259rini qriqoryanla\u015fd\u0131rd\u0131qlar\u0131 halda, Az\u0259rbaycan\u0131n dini m\u0259b\u0259dl\u0259r\u0259 m\u00fcnasib\u0259tin\u0259 dair qarayaxmalar yay\u0131r. Az\u0259rbaycan\u0131n haqq m\u00fcbariz\u0259sinin \u0259sl h\u0259qiq\u0259tl\u0259rini d\u00fcnya ictimaiyy\u0259tin\u0259 geni\u015f yaymaq \u00fc\u00e7\u00fcn b\u00fct\u00fcn m\u00fcst\u0259vil\u0259rd\u0259n, o c\u00fcml\u0259d\u0259n, \u00fczv\u00fc oldu\u011fu beyn\u0259lxalq v\u0259 regional qurumlar\u0131n xitab\u0259t k\u00fcrs\u00fcl\u0259rind\u0259n istifad\u0259 etdiyini, onlar\u0131 m\u00fct\u0259madi m\u0259lumatland\u0131rd\u0131\u011f\u0131n\u0131 qeyd ed\u0259n \u015eeyx\u00fclislam A.Pa\u015fazad\u0259 erm\u0259ni kils\u0259sinin qon\u015fu xalqlar olan Az\u0259rbaycan v\u0259 Erm\u0259nistan aras\u0131nda s\u00fclh\u00fcn v\u0259 g\u0259l\u0259c\u0259k \u0259laq\u0259l\u0259rin qurulmas\u0131n\u0131 deyil, qar\u015f\u0131durman\u0131 t\u0259\u015fviq ed\u0259n m\u00f6vqeyini q\u0131nad\u0131\u011f\u0131n\u0131 bildirib.<\/p>\n<p>QM\u0130 s\u0259dri Fransaya s\u0259f\u0259rl\u0259rini xat\u0131rlayaraq, orada m\u00fcs\u0259lman din xadiml\u0259ri il\u0259 g\u00f6r\u00fc\u015fl\u0259rind\u0259n s\u00f6hb\u0259t a\u00e7\u0131b, \u0259sl\u0259n fransal\u0131 xristian din xadiml\u0259ri il\u0259 birg\u0259 beyn\u0259lxalq dinl\u0259raras\u0131 dialoq m\u00fcst\u0259visind\u0259 \u0259m\u0259kda\u015fl\u0131q n\u00fcmun\u0259l\u0259rind\u0259n b\u0259hs etdi. O, Qaraba\u011fda Az\u0259rbaycana qar\u015f\u0131 d\u00f6y\u00fc\u015f\u0259n terror\u00e7ular\u0131n Fransada m\u00fchakim\u0259 edilc\u0259yi il\u0259 ba\u011fl\u0131 x\u0259b\u0259rl\u0259ri m\u00fcsb\u0259t d\u0259y\u0259rl\u0259ndirdiyini bildirib.<\/p>\n<p>D\u00fcnyada v\u0259 b\u00f6lg\u0259mizd\u0259 s\u00fclh v\u0259 anla\u015fman\u0131n b\u0259rq\u0259rar\u0131 \u00fc\u00e7\u00fcn bundan sonra da s\u0259yl\u0259rini davam etdir\u0259c\u0259yini bildir\u0259n \u015eeyx\u00fclislam A. Pa\u015fazad\u0259 Fransan\u0131n n\u00fcfuzlu n\u0259\u015frinin Az\u0259rbaycan bar\u0259d\u0259 h\u0259qiq\u0259tl\u0259ri yaymaq ist\u0259yini y\u00fcks\u0259k qiym\u0259tl\u0259ndirdiyini qeyd edib.<\/p>\n","protected":false},"excerpt":{"rendered":"<p>Mart\u0131n 2-d\u0259 Qafqaz M\u00fcs\u0259lmanlar\u0131 \u0130dar\u0259sinin s\u0259dri \u015eeyx\u00fclislam Allah\u015f\u00fck\u00fcr Pa\u015fazad\u0259 Fransan\u0131n n\u00fcfuzlu \u00abLe Mond\u0435\u00bb q\u0259zetinin m\u00fcxbiri Emmanuel Qrinzpam il\u0259 g\u00f6r\u00fc\u015f\u00fcb m\u00fcsahib\u0259 verib. Bu bar\u0259d\u0259 Oxu.Az-a QM\u0130-nin M\u0259tbuat Xidm\u0259tind\u0259n m\u0259lumat verilib. Bildirilib ki, Qafqaz, Az\u0259rbaycan m\u00fcs\u0259lmanlar\u0131n\u0131n dini lideri il\u0259 g\u00f6r\u00fc\u015f imkan\u0131n\u0131 y\u00fcks\u0259k d\u0259y\u0259rl\u0259ndir\u0259n frans\u0131z jurnalist onu maraqland\u0131ran suallar\u0131 \u015eeyx\u00fclislam A.Pa\u015fazad\u0259y\u0259 \u00fcnvanlay\u0131b. Fransal\u0131 jurnalistin suallar\u0131 s\u0131ras\u0131nda Az\u0259rbaycan\u0131n dini modeli, \u00f6lk\u0259d\u0259 h\u00f6km s\u00fcr\u0259n dinl\u0259raras\u0131 harmoniyan\u0131n t\u0259m\u0259lind\u0259 duran d\u0259y\u0259rl\u0259r, bunun tarixi aspekti v\u0259 bug\u00fcnk\u00fc reall\u0131qlar\u0131, d\u00f6vl\u0259t-din m\u00fcnasib\u0259tl\u0259rinin s\u0259viyy\u0259si, Avropa \u00fc\u00e7\u00fcn \u00f6rn\u0259k ola bil\u0259c\u0259k dinl\u0259r v\u0259 konfessiyalararas\u0131 m\u00fcnasib\u0259tl\u0259r n\u00fcmun\u0259si, m\u0259zh\u0259bl\u0259raras\u0131 anla\u015fma m\u00fchitini \u015f\u0259rtl\u0259ndir\u0259n s\u0259b\u0259bl\u0259r, sekulyar c\u0259miyy\u0259tl\u0259rd\u0259&hellip;<\/p>\n","protected":false},"author":2,"featured_media":305294,"comment_status":"closed","ping_status":"closed","sticky":false,"template":"","format":"standard","meta":{"om_disable_all_campaigns":false,"_monsterinsights_skip_tracking":false,"_monsterinsights_sitenote_active":false,"_monsterinsights_sitenote_note":"","_monsterinsights_sitenote_category":0},"categories":[26],"tags":[],"aioseo_notices":[],"gutentor_comment":0,"rttpg_featured_image_url":{"full":["https:\/\/arantv.az\/wp-content\/uploads\/2021\/03\/156613395_1093956834457469_9085576396304736767_n.jpg",620,413,false],"landscape":["https:\/\/arantv.az\/wp-content\/uploads\/2021\/03\/156613395_1093956834457469_9085576396304736767_n.jpg",620,413,false],"portraits":["https:\/\/arantv.az\/wp-content\/uploads\/2021\/03\/156613395_1093956834457469_9085576396304736767_n.jpg",620,413,false],"thumbnail":["https:\/\/arantv.az\/wp-content\/uploads\/2021\/03\/156613395_1093956834457469_9085576396304736767_n-150x150.jpg",150,150,true],"medium":["https:\/\/arantv.az\/wp-content\/uploads\/2021\/03\/156613395_1093956834457469_9085576396304736767_n-300x200.jpg",300,200,true],"large":["https:\/\/arantv.az\/wp-content\/uploads\/2021\/03\/156613395_1093956834457469_9085576396304736767_n.jpg",620,413,false],"1536x1536":["https:\/\/arantv.az\/wp-content\/uploads\/2021\/03\/156613395_1093956834457469_9085576396304736767_n.jpg",620,413,false],"2048x2048":["https:\/\/arantv.az\/wp-content\/uploads\/2021\/03\/156613395_1093956834457469_9085576396304736767_n.jpg",620,413,false],"post-thumbnail":["https:\/\/arantv.az\/wp-content\/uploads\/2021\/03\/156613395_1093956834457469_9085576396304736767_n-240x172.jpg",240,172,true],"advps-thumb-one":["https:\/\/arantv.az\/wp-content\/uploads\/2021\/03\/156613395_1093956834457469_9085576396304736767_n.jpg",620,413,false]},"rttpg_author":{"display_name":"V\u00fcsal Rafiqo\u011flu","author_link":"https:\/\/arantv.az\/?author=2"},"rttpg_comment":0,"rttpg_category":"<a href=\"https:\/\/arantv.az\/?cat=26\" rel=\"category\">Sosial<\/a>","rttpg_excerpt":"Mart\u0131n 2-d\u0259 Qafqaz M\u00fcs\u0259lmanlar\u0131 \u0130dar\u0259sinin s\u0259dri \u015eeyx\u00fclislam Allah\u015f\u00fck\u00fcr Pa\u015fazad\u0259 Fransan\u0131n n\u00fcfuzlu \u00abLe Mond\u0435\u00bb q\u0259zetinin m\u00fcxbiri Emmanuel Qrinzpam il\u0259 g\u00f6r\u00fc\u015f\u00fcb m\u00fcsahib\u0259 verib. Bu bar\u0259d\u0259 Oxu.Az-a QM\u0130-nin M\u0259tbuat Xidm\u0259tind\u0259n m\u0259lumat verilib. Bildirilib ki, Qafqaz, Az\u0259rbaycan m\u00fcs\u0259lmanlar\u0131n\u0131n dini lideri il\u0259 g\u00f6r\u00fc\u015f imkan\u0131n\u0131 y\u00fcks\u0259k d\u0259y\u0259rl\u0259ndir\u0259n frans\u0131z jurnalist onu maraqland\u0131ran suallar\u0131 \u015eeyx\u00fclislam A.Pa\u015fazad\u0259y\u0259 \u00fcnvanlay\u0131b. Fransal\u0131 jurnalistin suallar\u0131 s\u0131ras\u0131nda Az\u0259rbaycan\u0131n dini&hellip;","_links":{"self":[{"href":"https:\/\/arantv.az\/index.php?rest_route=\/wp\/v2\/posts\/305293"}],"collection":[{"href":"https:\/\/arantv.az\/index.php?rest_route=\/wp\/v2\/posts"}],"about":[{"href":"https:\/\/arantv.az\/index.php?rest_route=\/wp\/v2\/types\/post"}],"author":[{"embeddable":true,"href":"https:\/\/arantv.az\/index.php?rest_route=\/wp\/v2\/users\/2"}],"replies":[{"embeddable":true,"href":"https:\/\/arantv.az\/index.php?rest_route=%2Fwp%2Fv2%2Fcomments&post=305293"}],"version-history":[{"count":0,"href":"https:\/\/arantv.az\/index.php?rest_route=\/wp\/v2\/posts\/305293\/revisions"}],"wp:featuredmedia":[{"embeddable":true,"href":"https:\/\/arantv.az\/index.php?rest_route=\/wp\/v2\/media\/305294"}],"wp:attachment":[{"href":"https:\/\/arantv.az\/index.php?rest_route=%2Fwp%2Fv2%2Fmedia&parent=305293"}],"wp:term":[{"taxonomy":"category","embeddable":true,"href":"https:\/\/arantv.az\/index.php?rest_route=%2Fwp%2Fv2%2Fcategories&post=305293"},{"taxonomy":"post_tag","embeddable":true,"href":"https:\/\/arantv.az\/index.php?rest_route=%2Fwp%2Fv2%2Ftags&post=305293"}],"curies":[{"name":"wp","href":"https:\/\/api.w.org\/{rel}","templated":true}]}}