{"id":306595,"date":"2021-03-04T11:25:13","date_gmt":"2021-03-04T08:25:13","guid":{"rendered":"http:\/\/arantv.az\/?p=306595"},"modified":"2021-03-04T11:25:13","modified_gmt":"2021-03-04T08:25:13","slug":"yurddas-partiyasi-yap-a-birl%c9%99sm%c9%99k-ucun-muraci%c9%99t-etdi","status":"publish","type":"post","link":"https:\/\/arantv.az\/?p=306595","title":{"rendered":"Yurdda\u015f Partiyas\u0131 YAP-a birl\u0259\u015fm\u0259k \u00fc\u00e7\u00fcn m\u00fcraci\u0259t etdi"},"content":{"rendered":"<blockquote><p><em><strong>Yurdda\u015f Partiyas\u0131 Yeni Az\u0259rbaycan Partiyas\u0131na (YAP) birl\u0259\u015fm\u0259k \u00fc\u00e7\u00fcn m\u00fcraci\u0259t edib.<\/strong><\/em><\/p><\/blockquote>\n<p><strong>ARANTV.AZ\u00a0<\/strong> x\u0259b\u0259r verir ki, bu bar\u0259d\u0259 APA-ya a\u00e7\u0131qlamas\u0131nda Yurdda\u015f Partiyas\u0131n\u0131n s\u0259dri G\u00fclay Quliyeva bildirib.<\/p>\n<p>G. Quliyeva deyib ki, bu bar\u0259d\u0259 q\u0259rar Yurdda\u015f Partiyas\u0131n\u0131n mart\u0131n 1-d\u0259 ke\u00e7irilmi\u015f qurultay\u0131nda q\u0259bul edilib.<\/p>\n<p>Qeyd ed\u0259k ki, daha bir ne\u00e7\u0259 partiyan\u0131n YAP-a birl\u0259\u015fm\u0259k \u00fc\u00e7\u00fcn m\u00fcraci\u0259t etdiyi bar\u0259d\u0259 m\u0259lumatlar var.<\/p>\n","protected":false},"excerpt":{"rendered":"<p>Yurdda\u015f Partiyas\u0131 Yeni Az\u0259rbaycan Partiyas\u0131na (YAP) birl\u0259\u015fm\u0259k \u00fc\u00e7\u00fcn m\u00fcraci\u0259t edib. ARANTV.AZ\u00a0 x\u0259b\u0259r verir ki, bu bar\u0259d\u0259 APA-ya a\u00e7\u0131qlamas\u0131nda Yurdda\u015f Partiyas\u0131n\u0131n s\u0259dri G\u00fclay Quliyeva bildirib. G. Quliyeva deyib ki, bu bar\u0259d\u0259 q\u0259rar Yurdda\u015f Partiyas\u0131n\u0131n mart\u0131n 1-d\u0259 ke\u00e7irilmi\u015f qurultay\u0131nda q\u0259bul edilib. Qeyd ed\u0259k ki, daha bir ne\u00e7\u0259 partiyan\u0131n YAP-a birl\u0259\u015fm\u0259k \u00fc\u00e7\u00fcn m\u00fcraci\u0259t etdiyi bar\u0259d\u0259 m\u0259lumatlar var.<\/p>\n","protected":false},"author":2,"featured_media":306596,"comment_status":"closed","ping_status":"closed","sticky":false,"template":"","format":"standard","meta":{"om_disable_all_campaigns":false,"_monsterinsights_skip_tracking":false,"_monsterinsights_sitenote_active":false,"_monsterinsights_sitenote_note":"","_monsterinsights_sitenote_category":0},"categories":[4],"tags":[],"aioseo_notices":[],"gutentor_comment":0,"rttpg_featured_image_url":{"full":["https:\/\/arantv.az\/wp-content\/uploads\/2021\/03\/yap_0214-1.jpg",800,600,false],"landscape":["https:\/\/arantv.az\/wp-content\/uploads\/2021\/03\/yap_0214-1.jpg",800,600,false],"portraits":["https:\/\/arantv.az\/wp-content\/uploads\/2021\/03\/yap_0214-1.jpg",800,600,false],"thumbnail":["https:\/\/arantv.az\/wp-content\/uploads\/2021\/03\/yap_0214-1-150x150.jpg",150,150,true],"medium":["https:\/\/arantv.az\/wp-content\/uploads\/2021\/03\/yap_0214-1-300x225.jpg",300,225,true],"large":["https:\/\/arantv.az\/wp-content\/uploads\/2021\/03\/yap_0214-1.jpg",640,480,false],"1536x1536":["https:\/\/arantv.az\/wp-content\/uploads\/2021\/03\/yap_0214-1.jpg",800,600,false],"2048x2048":["https:\/\/arantv.az\/wp-content\/uploads\/2021\/03\/yap_0214-1.jpg",800,600,false],"post-thumbnail":["https:\/\/arantv.az\/wp-content\/uploads\/2021\/03\/yap_0214-1-240x172.jpg",240,172,true],"advps-thumb-one":["https:\/\/arantv.az\/wp-content\/uploads\/2021\/03\/yap_0214-1.jpg",800,600,false]},"rttpg_author":{"display_name":"V\u00fcsal Rafiqo\u011flu","author_link":"https:\/\/arantv.az\/?author=2"},"rttpg_comment":0,"rttpg_category":"<a href=\"https:\/\/arantv.az\/?cat=4\" rel=\"category\">Siyas\u0259t<\/a>","rttpg_excerpt":"Yurdda\u015f Partiyas\u0131 Yeni Az\u0259rbaycan Partiyas\u0131na (YAP) birl\u0259\u015fm\u0259k \u00fc\u00e7\u00fcn m\u00fcraci\u0259t edib. ARANTV.AZ\u00a0 x\u0259b\u0259r verir ki, bu bar\u0259d\u0259 APA-ya a\u00e7\u0131qlamas\u0131nda Yurdda\u015f Partiyas\u0131n\u0131n s\u0259dri G\u00fclay Quliyeva bildirib. G. Quliyeva deyib ki, bu bar\u0259d\u0259 q\u0259rar Yurdda\u015f Partiyas\u0131n\u0131n mart\u0131n 1-d\u0259 ke\u00e7irilmi\u015f qurultay\u0131nda q\u0259bul edilib. Qeyd ed\u0259k ki, daha bir ne\u00e7\u0259 partiyan\u0131n YAP-a birl\u0259\u015fm\u0259k \u00fc\u00e7\u00fcn m\u00fcraci\u0259t etdiyi bar\u0259d\u0259 m\u0259lumatlar var.","_links":{"self":[{"href":"https:\/\/arantv.az\/index.php?rest_route=\/wp\/v2\/posts\/306595"}],"collection":[{"href":"https:\/\/arantv.az\/index.php?rest_route=\/wp\/v2\/posts"}],"about":[{"href":"https:\/\/arantv.az\/index.php?rest_route=\/wp\/v2\/types\/post"}],"author":[{"embeddable":true,"href":"https:\/\/arantv.az\/index.php?rest_route=\/wp\/v2\/users\/2"}],"replies":[{"embeddable":true,"href":"https:\/\/arantv.az\/index.php?rest_route=%2Fwp%2Fv2%2Fcomments&post=306595"}],"version-history":[{"count":0,"href":"https:\/\/arantv.az\/index.php?rest_route=\/wp\/v2\/posts\/306595\/revisions"}],"wp:featuredmedia":[{"embeddable":true,"href":"https:\/\/arantv.az\/index.php?rest_route=\/wp\/v2\/media\/306596"}],"wp:attachment":[{"href":"https:\/\/arantv.az\/index.php?rest_route=%2Fwp%2Fv2%2Fmedia&parent=306595"}],"wp:term":[{"taxonomy":"category","embeddable":true,"href":"https:\/\/arantv.az\/index.php?rest_route=%2Fwp%2Fv2%2Fcategories&post=306595"},{"taxonomy":"post_tag","embeddable":true,"href":"https:\/\/arantv.az\/index.php?rest_route=%2Fwp%2Fv2%2Ftags&post=306595"}],"curies":[{"name":"wp","href":"https:\/\/api.w.org\/{rel}","templated":true}]}}