{"id":306662,"date":"2021-03-04T12:13:52","date_gmt":"2021-03-04T09:13:52","guid":{"rendered":"http:\/\/arantv.az\/?p=306662"},"modified":"2021-03-04T12:13:52","modified_gmt":"2021-03-04T09:13:52","slug":"yarali-halda-s%c9%99hid-yoldasimi-40-km-dasidim-qazi","status":"publish","type":"post","link":"https:\/\/arantv.az\/?p=306662","title":{"rendered":"&#8220;Yaral\u0131 halda \u015f\u0259hid yolda\u015f\u0131m\u0131 40 km da\u015f\u0131d\u0131m&#8221; &#8211; Qazi"},"content":{"rendered":"<blockquote><p><em><strong>D\u00f6y\u00fc\u015fl\u0259r vaxt\u0131 \u015f\u0259hid yolda\u015f\u0131m\u0131 \u0259razid\u0259n \u00e7\u0131xarmaq ist\u0259y\u0259n zaman g\u00fcll\u0259nin biri k\u00fcr\u0259yimd\u0259n, biri sin\u0259md\u0259n girdi. Yaral\u0131 halda \u015f\u0259hidi \u00f6z\u00fcml\u0259 birlikd\u0259 40 km da\u015f\u0131d\u0131m. A\u011fr\u0131lar\u0131ma baxmayaraq, \u00e7al\u0131\u015f\u0131rd\u0131m ki, \u015f\u0259hidimizi g\u00f6z\u00fc yollarda qalan valideynl\u0259rin\u0259 \u00e7atd\u0131r\u0131m.<\/strong><\/em><\/p><\/blockquote>\n<p><strong>ARANTV.AZ\u00a0<\/strong> bildirir ki, bunu\u00a0<a href=\"https:\/\/az.trend.az\/\" target=\"_blank\" rel=\"noopener\">Trend<\/a>-\u0259\u00a0Sumqay\u0131t \u015f\u0259h\u0259rind\u0259 ya\u015fayan qazi Ruslan Rzayev deyib.<\/p>\n<p>Onun s\u00f6zl\u0259rin\u0259 \u00f6r\u0259, m\u00fcharib\u0259y\u0259 k\u00f6n\u00fcll\u00fc gedib v\u0259 F\u00fczuli, Beyl\u0259qan rayonlar\u0131 \u0259razisind\u0259 sanitar t\u0259limat\u00e7\u0131 kimi \u00e7al\u0131\u015f\u0131b. Oktyabr\u0131n 1-d\u0259n 14-\u0259 q\u0259d\u0259r d\u00f6y\u00fc\u015f ged\u0259n \u0259razil\u0259rd\u0259n yaral\u0131 v\u0259 \u015f\u0259hid da\u015f\u0131y\u0131b:<\/p>\n<p>&#8220;Oktyabr\u0131n 14-d\u0259 ged\u0259n d\u00f6y\u00fc\u015fl\u0259r zaman\u0131 \u0259razil\u0259ri d\u0259qiq tan\u0131mad\u0131\u011f\u0131m \u00fc\u00e7\u00fcn neytral \u0259raziy\u0259 gedib \u00e7\u0131xd\u0131m. O zaman 3 g\u00fcll\u0259 yaras\u0131 ald\u0131m. Biri qoruyucu jiletd\u0259n ke\u00e7\u0259r\u0259k sin\u0259md\u0259n, biri \u00e7iynimd\u0259n, biri k\u00fcr\u0259yimd\u0259n d\u0259ymi\u015fdi. Vuruldu\u011fum yerl\u0259 tibb xidm\u0259tinin ma\u015f\u0131n\u0131 aras\u0131ndak\u0131 m\u0259saf\u0259 \u00e7ox uzaq idi. Arada t\u0259p\u0259lik var idi. T\u0259p\u0259liy\u0259 \u00e7atanda 9 d\u0259f\u0259 m\u0259rmi at\u0131ld\u0131. He\u00e7 biri m\u0259n\u0259 d\u0259ym\u0259di. Bu, m\u00f6c\u00fcz\u0259 idi. O v\u0259ziyy\u0259td\u0259 \u015f\u0259hidi \u00e7\u0131xartma\u011f\u0131m \u00e7\u0259tin idi, \u00e7\u00fcnki m\u0259ni dayanmadan vururdular. 4 qab\u0131r\u011fam, qolumda sinir 4-5 yerd\u0259n q\u0131r\u0131lm\u0131\u015fd\u0131. D\u0259h\u015f\u0259tli a\u011fr\u0131lar\u0131m var idi. M\u0259nim is\u0259 daldalanmaq \u00fc\u00e7\u00fcn yerim yox idi. H\u0259kiml\u0259rin dediyin\u0259 g\u00f6r\u0259, \u00e7oxlu qanaxmam olmu\u015fdu&#8221;.<\/p>\n<p>R.Rzayev deyib ki, \u0259vv\u0259lc\u0259 F\u00fczuli rayonun \u018fhm\u0259db\u0259yli k\u0259nd x\u0259st\u0259xanas\u0131na yerl\u0259\u015fdirilib. Daha sonra is\u0259 t\u0259cili tibbi yard\u0131m ma\u015f\u0131n\u0131 il\u0259 h\u0259rbi hospitala \u00e7atd\u0131r\u0131blar.<\/p>\n<p>Haz\u0131rda Sumqay\u0131t Reabilitasiya M\u0259rk\u0259zind\u0259 m\u00fcalic\u0259 olundu\u011funu dey\u0259n R.Rzayev burada ona g\u00f6st\u0259ril\u0259n qay\u011f\u0131dan \u00e7ox raz\u0131 qald\u0131\u011f\u0131n\u0131 s\u00f6yl\u0259yib:<\/p>\n<p>&#8220;Biz orada V\u0259t\u0259n qar\u015f\u0131s\u0131nda olan borcumuzu yerin\u0259 yetirdik. Bundan \u00e7ox m\u0259mnunuq. Burada biz\u0259 qar\u015f\u0131l\u0131ql\u0131 m\u00fcnasib\u0259t g\u00f6z\u0259ldir. H\u0259kiml\u0259r biz\u0259 \u00e7ox h\u00f6rm\u0259tl\u0259 yana\u015f\u0131r, can yand\u0131r\u0131rlar&#8221;.<\/p>\n","protected":false},"excerpt":{"rendered":"<p>D\u00f6y\u00fc\u015fl\u0259r vaxt\u0131 \u015f\u0259hid yolda\u015f\u0131m\u0131 \u0259razid\u0259n \u00e7\u0131xarmaq ist\u0259y\u0259n zaman g\u00fcll\u0259nin biri k\u00fcr\u0259yimd\u0259n, biri sin\u0259md\u0259n girdi. Yaral\u0131 halda \u015f\u0259hidi \u00f6z\u00fcml\u0259 birlikd\u0259 40 km da\u015f\u0131d\u0131m. A\u011fr\u0131lar\u0131ma baxmayaraq, \u00e7al\u0131\u015f\u0131rd\u0131m ki, \u015f\u0259hidimizi g\u00f6z\u00fc yollarda qalan valideynl\u0259rin\u0259 \u00e7atd\u0131r\u0131m. ARANTV.AZ\u00a0 bildirir ki, bunu\u00a0Trend-\u0259\u00a0Sumqay\u0131t \u015f\u0259h\u0259rind\u0259 ya\u015fayan qazi Ruslan Rzayev deyib. Onun s\u00f6zl\u0259rin\u0259 \u00f6r\u0259, m\u00fcharib\u0259y\u0259 k\u00f6n\u00fcll\u00fc gedib v\u0259 F\u00fczuli, Beyl\u0259qan rayonlar\u0131 \u0259razisind\u0259 sanitar t\u0259limat\u00e7\u0131 kimi \u00e7al\u0131\u015f\u0131b. Oktyabr\u0131n 1-d\u0259n 14-\u0259 q\u0259d\u0259r d\u00f6y\u00fc\u015f ged\u0259n \u0259razil\u0259rd\u0259n yaral\u0131 v\u0259 \u015f\u0259hid da\u015f\u0131y\u0131b: &#8220;Oktyabr\u0131n 14-d\u0259 ged\u0259n d\u00f6y\u00fc\u015fl\u0259r zaman\u0131 \u0259razil\u0259ri d\u0259qiq tan\u0131mad\u0131\u011f\u0131m \u00fc\u00e7\u00fcn neytral \u0259raziy\u0259 gedib \u00e7\u0131xd\u0131m. O zaman 3 g\u00fcll\u0259 yaras\u0131 ald\u0131m. Biri qoruyucu jiletd\u0259n&hellip;<\/p>\n","protected":false},"author":2,"featured_media":306663,"comment_status":"closed","ping_status":"closed","sticky":false,"template":"","format":"standard","meta":{"om_disable_all_campaigns":false,"_monsterinsights_skip_tracking":false,"_monsterinsights_sitenote_active":false,"_monsterinsights_sitenote_note":"","_monsterinsights_sitenote_category":0},"categories":[26],"tags":[],"aioseo_notices":[],"gutentor_comment":0,"rttpg_featured_image_url":{"full":["https:\/\/arantv.az\/wp-content\/uploads\/2021\/03\/927862.jpg",800,600,false],"landscape":["https:\/\/arantv.az\/wp-content\/uploads\/2021\/03\/927862.jpg",800,600,false],"portraits":["https:\/\/arantv.az\/wp-content\/uploads\/2021\/03\/927862.jpg",800,600,false],"thumbnail":["https:\/\/arantv.az\/wp-content\/uploads\/2021\/03\/927862-150x150.jpg",150,150,true],"medium":["https:\/\/arantv.az\/wp-content\/uploads\/2021\/03\/927862-300x225.jpg",300,225,true],"large":["https:\/\/arantv.az\/wp-content\/uploads\/2021\/03\/927862.jpg",640,480,false],"1536x1536":["https:\/\/arantv.az\/wp-content\/uploads\/2021\/03\/927862.jpg",800,600,false],"2048x2048":["https:\/\/arantv.az\/wp-content\/uploads\/2021\/03\/927862.jpg",800,600,false],"post-thumbnail":["https:\/\/arantv.az\/wp-content\/uploads\/2021\/03\/927862-240x172.jpg",240,172,true],"advps-thumb-one":["https:\/\/arantv.az\/wp-content\/uploads\/2021\/03\/927862.jpg",800,600,false]},"rttpg_author":{"display_name":"V\u00fcsal Rafiqo\u011flu","author_link":"https:\/\/arantv.az\/?author=2"},"rttpg_comment":0,"rttpg_category":"<a href=\"https:\/\/arantv.az\/?cat=26\" rel=\"category\">Sosial<\/a>","rttpg_excerpt":"D\u00f6y\u00fc\u015fl\u0259r vaxt\u0131 \u015f\u0259hid yolda\u015f\u0131m\u0131 \u0259razid\u0259n \u00e7\u0131xarmaq ist\u0259y\u0259n zaman g\u00fcll\u0259nin biri k\u00fcr\u0259yimd\u0259n, biri sin\u0259md\u0259n girdi. Yaral\u0131 halda \u015f\u0259hidi \u00f6z\u00fcml\u0259 birlikd\u0259 40 km da\u015f\u0131d\u0131m. A\u011fr\u0131lar\u0131ma baxmayaraq, \u00e7al\u0131\u015f\u0131rd\u0131m ki, \u015f\u0259hidimizi g\u00f6z\u00fc yollarda qalan valideynl\u0259rin\u0259 \u00e7atd\u0131r\u0131m. ARANTV.AZ\u00a0 bildirir ki, bunu\u00a0Trend-\u0259\u00a0Sumqay\u0131t \u015f\u0259h\u0259rind\u0259 ya\u015fayan qazi Ruslan Rzayev deyib. Onun s\u00f6zl\u0259rin\u0259 \u00f6r\u0259, m\u00fcharib\u0259y\u0259 k\u00f6n\u00fcll\u00fc gedib v\u0259 F\u00fczuli, Beyl\u0259qan rayonlar\u0131 \u0259razisind\u0259 sanitar t\u0259limat\u00e7\u0131&hellip;","_links":{"self":[{"href":"https:\/\/arantv.az\/index.php?rest_route=\/wp\/v2\/posts\/306662"}],"collection":[{"href":"https:\/\/arantv.az\/index.php?rest_route=\/wp\/v2\/posts"}],"about":[{"href":"https:\/\/arantv.az\/index.php?rest_route=\/wp\/v2\/types\/post"}],"author":[{"embeddable":true,"href":"https:\/\/arantv.az\/index.php?rest_route=\/wp\/v2\/users\/2"}],"replies":[{"embeddable":true,"href":"https:\/\/arantv.az\/index.php?rest_route=%2Fwp%2Fv2%2Fcomments&post=306662"}],"version-history":[{"count":0,"href":"https:\/\/arantv.az\/index.php?rest_route=\/wp\/v2\/posts\/306662\/revisions"}],"wp:featuredmedia":[{"embeddable":true,"href":"https:\/\/arantv.az\/index.php?rest_route=\/wp\/v2\/media\/306663"}],"wp:attachment":[{"href":"https:\/\/arantv.az\/index.php?rest_route=%2Fwp%2Fv2%2Fmedia&parent=306662"}],"wp:term":[{"taxonomy":"category","embeddable":true,"href":"https:\/\/arantv.az\/index.php?rest_route=%2Fwp%2Fv2%2Fcategories&post=306662"},{"taxonomy":"post_tag","embeddable":true,"href":"https:\/\/arantv.az\/index.php?rest_route=%2Fwp%2Fv2%2Ftags&post=306662"}],"curies":[{"name":"wp","href":"https:\/\/api.w.org\/{rel}","templated":true}]}}