{"id":306666,"date":"2021-03-04T12:14:39","date_gmt":"2021-03-04T09:14:39","guid":{"rendered":"http:\/\/arantv.az\/?p=306666"},"modified":"2021-03-04T12:14:39","modified_gmt":"2021-03-04T09:14:39","slug":"xudaf%c9%99rin-gomruk-postunun-acilmasi-il%c9%99-bagli-danisiqlar-gedir","status":"publish","type":"post","link":"https:\/\/arantv.az\/?p=306666","title":{"rendered":"Xudaf\u0259rin g\u00f6mr\u00fck postunun a\u00e7\u0131lmas\u0131 il\u0259 ba\u011fl\u0131 dan\u0131\u015f\u0131qlar gedir"},"content":{"rendered":"<blockquote><p><em><strong>Az\u0259rbaycanla \u0130ran aras\u0131nda Xudaf\u0259rin g\u00f6mr\u00fck postunun a\u00e7\u0131lmas\u0131 bar\u0259d\u0259 fikirl\u0259r var.<\/strong><\/em><\/p><\/blockquote>\n<p><strong>ARANTV.AZ<\/strong>\u00a0<a href=\"https:\/\/az.trend.az\/\" target=\"_blank\" rel=\"noopener\">Trend<\/a>-\u0259 istinad\u0259n bildirir ki,\u00a0bunu D\u00f6vl\u0259t G\u00f6mr\u00fck Komit\u0259sinin s\u0259dri S\u0259f\u0259r Mehdiyev bu g\u00fcn ke\u00e7iril\u0259n m\u0259tbuat konfrans\u0131nda deyib.<\/p>\n<p>O qeyd edib ki, \u0130ran \u0130slam Respublikas\u0131 il\u0259 Az\u0259rbaycan aras\u0131nda yeni g\u00f6mr\u00fck postunun a\u00e7\u0131lmas\u0131 ehtimal\u0131 var: &#8220;Dan\u0131\u015f\u0131lqar gedir, iki \u00f6lk\u0259nin g\u00f6mr\u00fck qurumlar\u0131 v\u0259 dig\u0259r qurumlar aras\u0131nda dan\u0131\u015f\u0131qlar gedir. N\u0259 vaxt a\u00e7\u0131laca\u011f\u0131 il\u0259 ba\u011fl\u0131 konkret tarix dem\u0259k olmaz, ancaq i\u015f gedir&#8221;.<\/p>\n","protected":false},"excerpt":{"rendered":"<p>Az\u0259rbaycanla \u0130ran aras\u0131nda Xudaf\u0259rin g\u00f6mr\u00fck postunun a\u00e7\u0131lmas\u0131 bar\u0259d\u0259 fikirl\u0259r var. ARANTV.AZ\u00a0Trend-\u0259 istinad\u0259n bildirir ki,\u00a0bunu D\u00f6vl\u0259t G\u00f6mr\u00fck Komit\u0259sinin s\u0259dri S\u0259f\u0259r Mehdiyev bu g\u00fcn ke\u00e7iril\u0259n m\u0259tbuat konfrans\u0131nda deyib. O qeyd edib ki, \u0130ran \u0130slam Respublikas\u0131 il\u0259 Az\u0259rbaycan aras\u0131nda yeni g\u00f6mr\u00fck postunun a\u00e7\u0131lmas\u0131 ehtimal\u0131 var: &#8220;Dan\u0131\u015f\u0131lqar gedir, iki \u00f6lk\u0259nin g\u00f6mr\u00fck qurumlar\u0131 v\u0259 dig\u0259r qurumlar aras\u0131nda dan\u0131\u015f\u0131qlar gedir. N\u0259 vaxt a\u00e7\u0131laca\u011f\u0131 il\u0259 ba\u011fl\u0131 konkret tarix dem\u0259k olmaz, ancaq i\u015f gedir&#8221;.<\/p>\n","protected":false},"author":2,"featured_media":306667,"comment_status":"closed","ping_status":"closed","sticky":false,"template":"","format":"standard","meta":{"om_disable_all_campaigns":false,"_monsterinsights_skip_tracking":false,"_monsterinsights_sitenote_active":false,"_monsterinsights_sitenote_note":"","_monsterinsights_sitenote_category":0},"categories":[4],"tags":[],"aioseo_notices":[],"gutentor_comment":0,"rttpg_featured_image_url":{"full":["https:\/\/arantv.az\/wp-content\/uploads\/2021\/03\/927858.jpg",800,600,false],"landscape":["https:\/\/arantv.az\/wp-content\/uploads\/2021\/03\/927858.jpg",800,600,false],"portraits":["https:\/\/arantv.az\/wp-content\/uploads\/2021\/03\/927858.jpg",800,600,false],"thumbnail":["https:\/\/arantv.az\/wp-content\/uploads\/2021\/03\/927858-150x150.jpg",150,150,true],"medium":["https:\/\/arantv.az\/wp-content\/uploads\/2021\/03\/927858-300x225.jpg",300,225,true],"large":["https:\/\/arantv.az\/wp-content\/uploads\/2021\/03\/927858.jpg",640,480,false],"1536x1536":["https:\/\/arantv.az\/wp-content\/uploads\/2021\/03\/927858.jpg",800,600,false],"2048x2048":["https:\/\/arantv.az\/wp-content\/uploads\/2021\/03\/927858.jpg",800,600,false],"post-thumbnail":["https:\/\/arantv.az\/wp-content\/uploads\/2021\/03\/927858-240x172.jpg",240,172,true],"advps-thumb-one":["https:\/\/arantv.az\/wp-content\/uploads\/2021\/03\/927858.jpg",800,600,false]},"rttpg_author":{"display_name":"V\u00fcsal Rafiqo\u011flu","author_link":"https:\/\/arantv.az\/?author=2"},"rttpg_comment":0,"rttpg_category":"<a href=\"https:\/\/arantv.az\/?cat=4\" rel=\"category\">Siyas\u0259t<\/a>","rttpg_excerpt":"Az\u0259rbaycanla \u0130ran aras\u0131nda Xudaf\u0259rin g\u00f6mr\u00fck postunun a\u00e7\u0131lmas\u0131 bar\u0259d\u0259 fikirl\u0259r var. ARANTV.AZ\u00a0Trend-\u0259 istinad\u0259n bildirir ki,\u00a0bunu D\u00f6vl\u0259t G\u00f6mr\u00fck Komit\u0259sinin s\u0259dri S\u0259f\u0259r Mehdiyev bu g\u00fcn ke\u00e7iril\u0259n m\u0259tbuat konfrans\u0131nda deyib. O qeyd edib ki, \u0130ran \u0130slam Respublikas\u0131 il\u0259 Az\u0259rbaycan aras\u0131nda yeni g\u00f6mr\u00fck postunun a\u00e7\u0131lmas\u0131 ehtimal\u0131 var: &#8220;Dan\u0131\u015f\u0131lqar gedir, iki \u00f6lk\u0259nin g\u00f6mr\u00fck qurumlar\u0131 v\u0259 dig\u0259r qurumlar aras\u0131nda dan\u0131\u015f\u0131qlar gedir. N\u0259&hellip;","_links":{"self":[{"href":"https:\/\/arantv.az\/index.php?rest_route=\/wp\/v2\/posts\/306666"}],"collection":[{"href":"https:\/\/arantv.az\/index.php?rest_route=\/wp\/v2\/posts"}],"about":[{"href":"https:\/\/arantv.az\/index.php?rest_route=\/wp\/v2\/types\/post"}],"author":[{"embeddable":true,"href":"https:\/\/arantv.az\/index.php?rest_route=\/wp\/v2\/users\/2"}],"replies":[{"embeddable":true,"href":"https:\/\/arantv.az\/index.php?rest_route=%2Fwp%2Fv2%2Fcomments&post=306666"}],"version-history":[{"count":0,"href":"https:\/\/arantv.az\/index.php?rest_route=\/wp\/v2\/posts\/306666\/revisions"}],"wp:featuredmedia":[{"embeddable":true,"href":"https:\/\/arantv.az\/index.php?rest_route=\/wp\/v2\/media\/306667"}],"wp:attachment":[{"href":"https:\/\/arantv.az\/index.php?rest_route=%2Fwp%2Fv2%2Fmedia&parent=306666"}],"wp:term":[{"taxonomy":"category","embeddable":true,"href":"https:\/\/arantv.az\/index.php?rest_route=%2Fwp%2Fv2%2Fcategories&post=306666"},{"taxonomy":"post_tag","embeddable":true,"href":"https:\/\/arantv.az\/index.php?rest_route=%2Fwp%2Fv2%2Ftags&post=306666"}],"curies":[{"name":"wp","href":"https:\/\/api.w.org\/{rel}","templated":true}]}}