{"id":306674,"date":"2021-03-04T12:17:33","date_gmt":"2021-03-04T09:17:33","guid":{"rendered":"http:\/\/arantv.az\/?p=306674"},"modified":"2021-03-04T12:17:33","modified_gmt":"2021-03-04T09:17:33","slug":"az%c9%99rbaycan-dunyada-38-ci-olub","status":"publish","type":"post","link":"https:\/\/arantv.az\/?p=306674","title":{"rendered":"Az\u0259rbaycan d\u00fcnyada 38-ci olub"},"content":{"rendered":"<p><em>Az\u0259rbaycan iqtisadi azadl\u0131q indeksi reytinqind\u0259 d\u00fcnyada 38-ci olub<\/em><\/p>\n<p>AB\u015e-\u0131n\u00a0<strong>&#8220;The Heritage Foundation&#8221;<\/strong>\u00a0strateji t\u0259dqiqat institutu t\u0259r\u0259find\u0259n haz\u0131rlad\u0131\u011f\u0131 2021-ci il iqtisadi azadl\u0131q reytinqind\u0259 Az\u0259rbaycan\u00a0<strong>178\u00a0<\/strong>\u00f6lk\u0259 aras\u0131nda 70,1 b\u0259ndl\u0259 38-ci yerd\u0259 q\u0259rarla\u015f\u0131b.<\/p>\n<p><strong>ARANTV.AZ<\/strong> x\u0259b\u0259r verir ki, \u00f6lk\u0259 \u00fczr\u0259 g\u00f6st\u0259ricil\u0259r d\u00f6vl\u0259tin inteqrasiyas\u0131 n\u0259tic\u0259sind\u0259 0,8 b\u0259nd art\u0131b. Avropa \u00fczr\u0259 orta g\u00f6st\u0259rici il\u0259 eyni olan Az\u0259rbaycan\u0131n g\u00f6st\u0259ricisi d\u00fcnya ortalamas\u0131 il\u0259 m\u00fcqayis\u0259d\u0259 8,5 b\u0259nd \u00e7oxdur. \u0130nstitutun t\u0259dqiqat\u0131nda qeyd olunur ki, Az\u0259rbaycan iqtisadiyyat\u0131 daha geni\u015f iqtisadi azadl\u0131qdan faydalanma\u011fa davam edir v\u0259 art\u0131q \u0259sas\u0259n tam azad iqtisadiyyatlar kateqoriyas\u0131na y\u00fcks\u0259lib. Bu statusu qorumaq \u00fc\u00e7\u00fcn h\u00f6kum\u0259tin m\u00fclkiyy\u0259t h\u00fcquqlar\u0131, m\u0259hk\u0259m\u0259 sisteminin s\u0259m\u0259r\u0259liliyi v\u0259 d\u00f6vl\u0259tin inteqrasiyas\u0131 art\u0131rmal\u0131d\u0131r.<\/p>\n<p>Xat\u0131rladaq ki, reytinqin ilk \u00fc\u00e7l\u00fcy\u00fcn\u0259\u00a0<strong>Sinqapur\u00a0<\/strong>(89,7),\u00a0<strong>Yeni Zelandiya<\/strong>\u00a0(83,9) v\u0259\u00a0<strong>Avstraliya\u00a0<\/strong>(82,4) daxil olub. Siyah\u0131n\u0131n autsayderl\u0259ri s\u0131ras\u0131nda is\u0259\u00a0<strong>Kuba\u00a0<\/strong>(28,1),\u00a0<strong>Venesuela\u00a0<\/strong>(24,7) v\u0259\u00a0<strong>C\u0259nubi Koreya<\/strong>\u00a0(5,2) yer al\u0131b.<\/p>\n","protected":false},"excerpt":{"rendered":"<p>Az\u0259rbaycan iqtisadi azadl\u0131q indeksi reytinqind\u0259 d\u00fcnyada 38-ci olub AB\u015e-\u0131n\u00a0&#8220;The Heritage Foundation&#8221;\u00a0strateji t\u0259dqiqat institutu t\u0259r\u0259find\u0259n haz\u0131rlad\u0131\u011f\u0131 2021-ci il iqtisadi azadl\u0131q reytinqind\u0259 Az\u0259rbaycan\u00a0178\u00a0\u00f6lk\u0259 aras\u0131nda 70,1 b\u0259ndl\u0259 38-ci yerd\u0259 q\u0259rarla\u015f\u0131b. ARANTV.AZ x\u0259b\u0259r verir ki, \u00f6lk\u0259 \u00fczr\u0259 g\u00f6st\u0259ricil\u0259r d\u00f6vl\u0259tin inteqrasiyas\u0131 n\u0259tic\u0259sind\u0259 0,8 b\u0259nd art\u0131b. Avropa \u00fczr\u0259 orta g\u00f6st\u0259rici il\u0259 eyni olan Az\u0259rbaycan\u0131n g\u00f6st\u0259ricisi d\u00fcnya ortalamas\u0131 il\u0259 m\u00fcqayis\u0259d\u0259 8,5 b\u0259nd \u00e7oxdur. \u0130nstitutun t\u0259dqiqat\u0131nda qeyd olunur ki, Az\u0259rbaycan iqtisadiyyat\u0131 daha geni\u015f iqtisadi azadl\u0131qdan faydalanma\u011fa davam edir v\u0259 art\u0131q \u0259sas\u0259n tam azad iqtisadiyyatlar kateqoriyas\u0131na y\u00fcks\u0259lib. Bu statusu qorumaq \u00fc\u00e7\u00fcn h\u00f6kum\u0259tin m\u00fclkiyy\u0259t h\u00fcquqlar\u0131, m\u0259hk\u0259m\u0259 sisteminin s\u0259m\u0259r\u0259liliyi v\u0259 d\u00f6vl\u0259tin&hellip;<\/p>\n","protected":false},"author":2,"featured_media":306675,"comment_status":"closed","ping_status":"closed","sticky":false,"template":"","format":"standard","meta":{"om_disable_all_campaigns":false,"_monsterinsights_skip_tracking":false,"_monsterinsights_sitenote_active":false,"_monsterinsights_sitenote_note":"","_monsterinsights_sitenote_category":0},"categories":[19],"tags":[],"aioseo_notices":[],"gutentor_comment":0,"rttpg_featured_image_url":{"full":["https:\/\/arantv.az\/wp-content\/uploads\/2021\/03\/02f657d5160370357899455470610749153.jpg",975,540,false],"landscape":["https:\/\/arantv.az\/wp-content\/uploads\/2021\/03\/02f657d5160370357899455470610749153.jpg",975,540,false],"portraits":["https:\/\/arantv.az\/wp-content\/uploads\/2021\/03\/02f657d5160370357899455470610749153.jpg",975,540,false],"thumbnail":["https:\/\/arantv.az\/wp-content\/uploads\/2021\/03\/02f657d5160370357899455470610749153-150x150.jpg",150,150,true],"medium":["https:\/\/arantv.az\/wp-content\/uploads\/2021\/03\/02f657d5160370357899455470610749153-300x166.jpg",300,166,true],"large":["https:\/\/arantv.az\/wp-content\/uploads\/2021\/03\/02f657d5160370357899455470610749153.jpg",640,354,false],"1536x1536":["https:\/\/arantv.az\/wp-content\/uploads\/2021\/03\/02f657d5160370357899455470610749153.jpg",975,540,false],"2048x2048":["https:\/\/arantv.az\/wp-content\/uploads\/2021\/03\/02f657d5160370357899455470610749153.jpg",975,540,false],"post-thumbnail":["https:\/\/arantv.az\/wp-content\/uploads\/2021\/03\/02f657d5160370357899455470610749153-240x172.jpg",240,172,true],"advps-thumb-one":["https:\/\/arantv.az\/wp-content\/uploads\/2021\/03\/02f657d5160370357899455470610749153.jpg",975,540,false]},"rttpg_author":{"display_name":"V\u00fcsal Rafiqo\u011flu","author_link":"https:\/\/arantv.az\/?author=2"},"rttpg_comment":0,"rttpg_category":"<a href=\"https:\/\/arantv.az\/?cat=19\" rel=\"category\">G\u00fcnd\u0259m<\/a>","rttpg_excerpt":"Az\u0259rbaycan iqtisadi azadl\u0131q indeksi reytinqind\u0259 d\u00fcnyada 38-ci olub AB\u015e-\u0131n\u00a0&#8220;The Heritage Foundation&#8221;\u00a0strateji t\u0259dqiqat institutu t\u0259r\u0259find\u0259n haz\u0131rlad\u0131\u011f\u0131 2021-ci il iqtisadi azadl\u0131q reytinqind\u0259 Az\u0259rbaycan\u00a0178\u00a0\u00f6lk\u0259 aras\u0131nda 70,1 b\u0259ndl\u0259 38-ci yerd\u0259 q\u0259rarla\u015f\u0131b. ARANTV.AZ x\u0259b\u0259r verir ki, \u00f6lk\u0259 \u00fczr\u0259 g\u00f6st\u0259ricil\u0259r d\u00f6vl\u0259tin inteqrasiyas\u0131 n\u0259tic\u0259sind\u0259 0,8 b\u0259nd art\u0131b. Avropa \u00fczr\u0259 orta g\u00f6st\u0259rici il\u0259 eyni olan Az\u0259rbaycan\u0131n g\u00f6st\u0259ricisi d\u00fcnya ortalamas\u0131 il\u0259 m\u00fcqayis\u0259d\u0259 8,5 b\u0259nd&hellip;","_links":{"self":[{"href":"https:\/\/arantv.az\/index.php?rest_route=\/wp\/v2\/posts\/306674"}],"collection":[{"href":"https:\/\/arantv.az\/index.php?rest_route=\/wp\/v2\/posts"}],"about":[{"href":"https:\/\/arantv.az\/index.php?rest_route=\/wp\/v2\/types\/post"}],"author":[{"embeddable":true,"href":"https:\/\/arantv.az\/index.php?rest_route=\/wp\/v2\/users\/2"}],"replies":[{"embeddable":true,"href":"https:\/\/arantv.az\/index.php?rest_route=%2Fwp%2Fv2%2Fcomments&post=306674"}],"version-history":[{"count":0,"href":"https:\/\/arantv.az\/index.php?rest_route=\/wp\/v2\/posts\/306674\/revisions"}],"wp:featuredmedia":[{"embeddable":true,"href":"https:\/\/arantv.az\/index.php?rest_route=\/wp\/v2\/media\/306675"}],"wp:attachment":[{"href":"https:\/\/arantv.az\/index.php?rest_route=%2Fwp%2Fv2%2Fmedia&parent=306674"}],"wp:term":[{"taxonomy":"category","embeddable":true,"href":"https:\/\/arantv.az\/index.php?rest_route=%2Fwp%2Fv2%2Fcategories&post=306674"},{"taxonomy":"post_tag","embeddable":true,"href":"https:\/\/arantv.az\/index.php?rest_route=%2Fwp%2Fv2%2Ftags&post=306674"}],"curies":[{"name":"wp","href":"https:\/\/api.w.org\/{rel}","templated":true}]}}