{"id":306698,"date":"2021-03-04T12:42:51","date_gmt":"2021-03-04T09:42:51","guid":{"rendered":"http:\/\/arantv.az\/?p=306698"},"modified":"2021-03-04T12:42:51","modified_gmt":"2021-03-04T09:42:51","slug":"merkel-koronavirus-m%c9%99hdudiyy%c9%99tl%c9%99rinin-l%c9%99gvi-planini-aciqladi","status":"publish","type":"post","link":"https:\/\/arantv.az\/?p=306698","title":{"rendered":"Merkel koronavirus m\u0259hdudiyy\u0259tl\u0259rinin l\u0259\u011fvi plan\u0131n\u0131 a\u00e7\u0131qlad\u0131"},"content":{"rendered":"<p><strong>Almaniya Kansleri Angela Merkel v\u0259 \u00f6lk\u0259nin 16 federal \u0259yal\u0259tinin r\u0259hb\u0259rl\u0259ri koronavirus pandemiyas\u0131 il\u0259 \u0259laq\u0259dar t\u0259tbiq olunan m\u0259hdudiyy\u0259tl\u0259rin l\u0259\u011fvi \u00fc\u00e7\u00fcn bir plan haz\u0131rlay\u0131blar.<\/strong><\/p>\n<p><strong>ARANTV.AZ<\/strong> qafqazinfo-ya istinad\u0259n x\u0259b\u0259r verir ki,\u00a0plan m\u0259hdudiyy\u0259tl\u0259rin 5 m\u0259rh\u0259l\u0259d\u0259 t\u0259dric\u0259n g\u00f6t\u00fcr\u00fclm\u0259sini n\u0259z\u0259rd\u0259 tutur.<\/p>\n<p>&#8220;Bunlar a\u00e7\u0131lmaya do\u011fru at\u0131lan add\u0131mlar olmal\u0131d\u0131r, eyni zamanda bizi geri atacaq add\u0131mlara \u00e7evrilm\u0259m\u0259lidirl\u0259r&#8221;, &#8211; Kansler regional liderl\u0259rl\u0259 g\u00f6r\u00fc\u015fd\u0259n sonra jurnalistl\u0259r\u0259 bildirib.<\/p>\n<p>O, Avropada bir \u00e7ox \u00fc\u00e7\u00fcnc\u00fc dal\u011fa n\u00fcmun\u0259l\u0259rinin oldu\u011funu, ancaq 2021-ci ilin yaz\u0131n\u0131n bir il \u0259vv\u0259lkind\u0259n f\u0259rqli olaca\u011f\u0131n\u0131 deyib.<\/p>\n<p>M\u0259hdudiyy\u0259tl\u0259rin aradan qald\u0131r\u0131lmas\u0131 meyar\u0131 \u0259halinin h\u0259r 100 min n\u0259f\u0259rin\u0259 50 yoluxma nisb\u0259tind\u0259 m\u00fc\u0259yy\u0259n olunacaq.<\/p>\n<p>Plan\u0131n be\u015f m\u0259rh\u0259l\u0259sind\u0259ki h\u0259r yeni add\u0131m regional infeksiya nisb\u0259tl\u0259rinin sabit v\u0259 ya azalmas\u0131 hal\u0131nda h\u0259r 14 g\u00fcnd\u0259 bir at\u0131lacaq.<\/p>\n<p>G\u00f6st\u0259ricil\u0259r 100 min n\u0259f\u0259r\u0259 100 yoluxma h\u0259ddini a\u015farsa, m\u0259hdudiyy\u0259tl\u0259rin l\u0259\u011fvi prosesi dayand\u0131r\u0131lacaq.<\/p>\n<p>Kansler 8 mart tarixind\u0259n etibar\u0259n \u00f6lk\u0259nin b\u00fct\u00fcn sakinl\u0259ri \u00fc\u00e7\u00fcn pulsuz koronavirus testl\u0259rinin apar\u0131laca\u011f\u0131n\u0131 v\u0259 65 ya\u015fdan yuxar\u0131 insanlar \u00fc\u00e7\u00fcn peyv\u0259ndl\u0259r\u0259 qoyulan m\u0259hdudiyy\u0259tl\u0259rin g\u00f6t\u00fcr\u00fcl\u0259c\u0259yini d\u0259 a\u00e7\u0131qlay\u0131b.<\/p>\n<p>Plan\u0131n h\u0259yata ke\u00e7irilm\u0259sind\u0259 ilk add\u0131m art\u0131q ba\u015fa \u00e7at\u0131b: 1 martda m\u0259kt\u0259bl\u0259r, u\u015faq ba\u011f\u00e7alar\u0131 v\u0259 b\u0259rb\u0259rl\u0259r a\u00e7\u0131l\u0131b.<\/p>\n<p>\u0130kinci add\u0131m kitab evl\u0259rinin v\u0259 \u00e7i\u00e7\u0259k d\u00fckanlar\u0131n\u0131n 8 kvadrat metrd\u0259 bir m\u00fc\u015ft\u0259riy\u0259 xidm\u0259t g\u00f6st\u0259rm\u0259si \u015f\u0259rti il\u0259 8 mart tarixind\u0259n etibar\u0259n a\u00e7\u0131lmas\u0131n\u0131 n\u0259z\u0259rd\u0259 tutur.<\/p>\n<p>8 martdan sonrak\u0131 \u00fc\u00e7\u00fcnc\u00fc m\u0259rh\u0259l\u0259d\u0259, yeni yoluxma hallar\u0131n\u0131n 100 min n\u0259f\u0259r\u0259 50-d\u0259n az olmas\u0131 \u015f\u0259rti il\u0259 muzeyl\u0259r, zooparklar v\u0259 ba\u011flar, habel\u0259 bir m\u00fc\u015ft\u0259ri \u00fc\u00e7\u00fcn \u0259n az\u0131 10 kvadratmetr sah\u0259si olan p\u0259rak\u0259nd\u0259 sat\u0131\u015f yerl\u0259ri a\u00e7\u0131la bil\u0259r.<\/p>\n<p>\u018fn \u00e7ox 10 n\u0259f\u0259r t\u0259mass\u0131z a\u00e7\u0131q idman n\u00f6vl\u0259ri il\u0259 m\u0259\u015f\u011ful ola bil\u0259r.<\/p>\n<p>D\u00f6rd\u00fcnc\u00fc m\u0259rh\u0259l\u0259d\u0259 (22 mart) yeni yoluxma say\u0131 100 mind\u0259 50-ni ke\u00e7m\u0259zs\u0259, restoran, teatr, konsert m\u0259kan\u0131, kinoteatrlar\u0131n f\u0259aliyy\u0259tin\u0259 icaz\u0259 veril\u0259c\u0259k. \u0130nsanlar qapal\u0131 m\u0259kanlarda t\u0259mass\u0131z idman n\u00f6vl\u0259ri v\u0259 a\u00e7\u0131q m\u0259kanlarda t\u0259masl\u0131 idman n\u00f6vl\u0259ri il\u0259 m\u0259\u015f\u011ful ola bil\u0259c\u0259kl\u0259r.<\/p>\n<p>Yoluxma nisb\u0259ti 100 min n\u0259f\u0259r\u0259 50 il\u0259 100 aras\u0131ndad\u0131rsa, a\u00e7\u0131q havada yem\u0259y\u0259 yaln\u0131z \u0259vv\u0259lc\u0259d\u0259n raz\u0131la\u015fd\u0131r\u0131lmaqla icaz\u0259 veril\u0259c\u0259k.<\/p>\n<p>M\u0259hdudiyy\u0259tl\u0259rin qald\u0131r\u0131lmas\u0131n\u0131n be\u015finci m\u0259rh\u0259l\u0259sind\u0259 (5 aprel) yoluxma say\u0131 50-nin alt\u0131nda qal\u0131rsa, a\u00e7\u0131q hava t\u0259dbirl\u0259rin\u0259 50 n\u0259f\u0259r\u0259 q\u0259d\u0259r toplanma\u011fa icaz\u0259 veril\u0259c\u0259k, idman t\u0259dbirl\u0259rin\u0259 qoyulan m\u0259hdudiyy\u0259tl\u0259r tamamil\u0259 l\u0259\u011fv edil\u0259c\u0259k.<\/p>\n","protected":false},"excerpt":{"rendered":"<p>Almaniya Kansleri Angela Merkel v\u0259 \u00f6lk\u0259nin 16 federal \u0259yal\u0259tinin r\u0259hb\u0259rl\u0259ri koronavirus pandemiyas\u0131 il\u0259 \u0259laq\u0259dar t\u0259tbiq olunan m\u0259hdudiyy\u0259tl\u0259rin l\u0259\u011fvi \u00fc\u00e7\u00fcn bir plan haz\u0131rlay\u0131blar. ARANTV.AZ qafqazinfo-ya istinad\u0259n x\u0259b\u0259r verir ki,\u00a0plan m\u0259hdudiyy\u0259tl\u0259rin 5 m\u0259rh\u0259l\u0259d\u0259 t\u0259dric\u0259n g\u00f6t\u00fcr\u00fclm\u0259sini n\u0259z\u0259rd\u0259 tutur. &#8220;Bunlar a\u00e7\u0131lmaya do\u011fru at\u0131lan add\u0131mlar olmal\u0131d\u0131r, eyni zamanda bizi geri atacaq add\u0131mlara \u00e7evrilm\u0259m\u0259lidirl\u0259r&#8221;, &#8211; Kansler regional liderl\u0259rl\u0259 g\u00f6r\u00fc\u015fd\u0259n sonra jurnalistl\u0259r\u0259 bildirib. O, Avropada bir \u00e7ox \u00fc\u00e7\u00fcnc\u00fc dal\u011fa n\u00fcmun\u0259l\u0259rinin oldu\u011funu, ancaq 2021-ci ilin yaz\u0131n\u0131n bir il \u0259vv\u0259lkind\u0259n f\u0259rqli olaca\u011f\u0131n\u0131 deyib. M\u0259hdudiyy\u0259tl\u0259rin aradan qald\u0131r\u0131lmas\u0131 meyar\u0131 \u0259halinin h\u0259r 100 min n\u0259f\u0259rin\u0259 50 yoluxma nisb\u0259tind\u0259 m\u00fc\u0259yy\u0259n olunacaq. Plan\u0131n be\u015f&hellip;<\/p>\n","protected":false},"author":2,"featured_media":306699,"comment_status":"closed","ping_status":"closed","sticky":false,"template":"","format":"standard","meta":{"om_disable_all_campaigns":false,"_monsterinsights_skip_tracking":false,"_monsterinsights_sitenote_active":false,"_monsterinsights_sitenote_note":"","_monsterinsights_sitenote_category":0},"categories":[7],"tags":[],"aioseo_notices":[],"gutentor_comment":0,"rttpg_featured_image_url":{"full":["https:\/\/arantv.az\/wp-content\/uploads\/2021\/03\/angela_merkel_0541-1.jpg",800,600,false],"landscape":["https:\/\/arantv.az\/wp-content\/uploads\/2021\/03\/angela_merkel_0541-1.jpg",800,600,false],"portraits":["https:\/\/arantv.az\/wp-content\/uploads\/2021\/03\/angela_merkel_0541-1.jpg",800,600,false],"thumbnail":["https:\/\/arantv.az\/wp-content\/uploads\/2021\/03\/angela_merkel_0541-1-150x150.jpg",150,150,true],"medium":["https:\/\/arantv.az\/wp-content\/uploads\/2021\/03\/angela_merkel_0541-1-300x225.jpg",300,225,true],"large":["https:\/\/arantv.az\/wp-content\/uploads\/2021\/03\/angela_merkel_0541-1.jpg",640,480,false],"1536x1536":["https:\/\/arantv.az\/wp-content\/uploads\/2021\/03\/angela_merkel_0541-1.jpg",800,600,false],"2048x2048":["https:\/\/arantv.az\/wp-content\/uploads\/2021\/03\/angela_merkel_0541-1.jpg",800,600,false],"post-thumbnail":["https:\/\/arantv.az\/wp-content\/uploads\/2021\/03\/angela_merkel_0541-1-240x172.jpg",240,172,true],"advps-thumb-one":["https:\/\/arantv.az\/wp-content\/uploads\/2021\/03\/angela_merkel_0541-1.jpg",800,600,false]},"rttpg_author":{"display_name":"V\u00fcsal Rafiqo\u011flu","author_link":"https:\/\/arantv.az\/?author=2"},"rttpg_comment":0,"rttpg_category":"<a href=\"https:\/\/arantv.az\/?cat=7\" rel=\"category\">D\u00fcnya<\/a>","rttpg_excerpt":"Almaniya Kansleri Angela Merkel v\u0259 \u00f6lk\u0259nin 16 federal \u0259yal\u0259tinin r\u0259hb\u0259rl\u0259ri koronavirus pandemiyas\u0131 il\u0259 \u0259laq\u0259dar t\u0259tbiq olunan m\u0259hdudiyy\u0259tl\u0259rin l\u0259\u011fvi \u00fc\u00e7\u00fcn bir plan haz\u0131rlay\u0131blar. ARANTV.AZ qafqazinfo-ya istinad\u0259n x\u0259b\u0259r verir ki,\u00a0plan m\u0259hdudiyy\u0259tl\u0259rin 5 m\u0259rh\u0259l\u0259d\u0259 t\u0259dric\u0259n g\u00f6t\u00fcr\u00fclm\u0259sini n\u0259z\u0259rd\u0259 tutur. &#8220;Bunlar a\u00e7\u0131lmaya do\u011fru at\u0131lan add\u0131mlar olmal\u0131d\u0131r, eyni zamanda bizi geri atacaq add\u0131mlara \u00e7evrilm\u0259m\u0259lidirl\u0259r&#8221;, &#8211; Kansler regional liderl\u0259rl\u0259 g\u00f6r\u00fc\u015fd\u0259n sonra jurnalistl\u0259r\u0259&hellip;","_links":{"self":[{"href":"https:\/\/arantv.az\/index.php?rest_route=\/wp\/v2\/posts\/306698"}],"collection":[{"href":"https:\/\/arantv.az\/index.php?rest_route=\/wp\/v2\/posts"}],"about":[{"href":"https:\/\/arantv.az\/index.php?rest_route=\/wp\/v2\/types\/post"}],"author":[{"embeddable":true,"href":"https:\/\/arantv.az\/index.php?rest_route=\/wp\/v2\/users\/2"}],"replies":[{"embeddable":true,"href":"https:\/\/arantv.az\/index.php?rest_route=%2Fwp%2Fv2%2Fcomments&post=306698"}],"version-history":[{"count":0,"href":"https:\/\/arantv.az\/index.php?rest_route=\/wp\/v2\/posts\/306698\/revisions"}],"wp:featuredmedia":[{"embeddable":true,"href":"https:\/\/arantv.az\/index.php?rest_route=\/wp\/v2\/media\/306699"}],"wp:attachment":[{"href":"https:\/\/arantv.az\/index.php?rest_route=%2Fwp%2Fv2%2Fmedia&parent=306698"}],"wp:term":[{"taxonomy":"category","embeddable":true,"href":"https:\/\/arantv.az\/index.php?rest_route=%2Fwp%2Fv2%2Fcategories&post=306698"},{"taxonomy":"post_tag","embeddable":true,"href":"https:\/\/arantv.az\/index.php?rest_route=%2Fwp%2Fv2%2Ftags&post=306698"}],"curies":[{"name":"wp","href":"https:\/\/api.w.org\/{rel}","templated":true}]}}