{"id":306710,"date":"2021-03-04T13:05:26","date_gmt":"2021-03-04T10:05:26","guid":{"rendered":"http:\/\/arantv.az\/?p=306710"},"modified":"2021-03-04T13:05:26","modified_gmt":"2021-03-04T10:05:26","slug":"ceyhun-bayramovun-m%c9%99ktubu-bmt-s%c9%99n%c9%99di-kimi-yayildi","status":"publish","type":"post","link":"https:\/\/arantv.az\/?p=306710","title":{"rendered":"Ceyhun Bayramovun m\u0259ktubu BMT s\u0259n\u0259di kimi yay\u0131ld\u0131"},"content":{"rendered":"<p>Xarici \u0130\u015fl\u0259r naziri Ceyhun Bayramovun cari ilin 22 fevral tarixind\u0259 BMT-nin Ba\u015f katibi Antonio Quterre\u015f\u0259 \u00fcnvanland\u0131\u011f\u0131 m\u0259ktub BMT Ba\u015f Assambleyas\u0131n\u0131n v\u0259 T\u0259hl\u00fck\u0259sizlik \u015euras\u0131n\u0131n s\u0259n\u0259di kimi\u00a0<a href=\"https:\/\/undocs.org\/a\/75\/778\" target=\"_blank\" rel=\"noopener\">yay\u0131l\u0131b.<\/a><\/p>\n<p>Bu bar\u0259d\u0259 Xarici \u0130\u015fl\u0259r Nazirliyinin m\u0259lumat\u0131nda bildirilir.<\/p>\n<p>S\u0259n\u0259d Az\u0259rbaycan\u0131n i\u015f\u011faldan azad olunmu\u015f \u0259razil\u0259rinin mina v\u0259 dig\u0259r partlay\u0131c\u0131 sursatlar il\u0259 k\u00fctl\u0259vi \u00e7irkl\u0259nm\u0259sind\u0259n ir\u0259li g\u0259l\u0259n ciddi t\u0259hl\u00fck\u0259d\u0259n ibar\u0259tdir.<\/p>\n<p>M\u0259ktubda Erm\u0259nistan\u0131n minalanm\u0131\u015f \u0259razil\u0259r il\u0259 ba\u011fl\u0131 m\u00fcvafiq m\u0259lumat\u0131 verm\u0259kd\u0259n imtina etm\u0259sin\u0259 dair m\u0259s\u0259l\u0259l\u0259r d\u0259 yer alm\u0131\u015fd\u0131.<\/p>\n<p>M\u0259ktubda m\u00fcnaqi\u015f\u0259d\u0259n sonrak\u0131 d\u00f6vrd\u0259 Az\u0259rbaycan\u0131n azad edilmi\u015f \u0259razil\u0259rind\u0259 mina v\u0259 dig\u0259r partlay\u0131c\u0131 sursatlar\u0131n m\u00f6vcudlu\u011funun az\u0259rbaycanl\u0131 h\u0259rbi\u00e7il\u0259rin v\u0259 m\u00fclki \u015f\u0259xsl\u0259rin sa\u011flaml\u0131\u011f\u0131na ciddi t\u0259hl\u00fck\u0259 oldu\u011fu vur\u011fulan\u0131r.<\/p>\n<p>Bildirilir ki, 10 noyabr 2020-ci il tarixli \u00fc\u00e7t\u0259r\u0259fli b\u0259yanat\u0131n imzalanmas\u0131ndan sonrak\u0131 d\u00f6vrd\u0259 Az\u0259rbaycan Respublikas\u0131n\u0131n i\u015f\u011faldan azad edilmi\u015f \u0259razil\u0259rind\u0259 mina partlay\u0131\u015f\u0131 n\u0259tic\u0259sind\u0259 9 m\u00fclki \u015f\u0259xs daxil olmaqla, 15 v\u0259t\u0259nda\u015f h\u0259yat\u0131n\u0131 itirib v\u0259 8 m\u00fclki \u015f\u0259xs daxil olmaqla, 65 v\u0259t\u0259nda\u015f ciddi yaralan\u0131b.<\/p>\n<p>M\u0259ktubda vur\u011fulan\u0131r ki, Az\u0259rbaycan\u0131n azad edilmi\u015f \u0259razil\u0259rinin minalarla k\u00fctl\u0259vi \u015f\u0259kild\u0259 \u00e7irkl\u0259nm\u0259si bu \u0259razil\u0259rd\u0259 geni\u015f b\u0259rpa v\u0259 yenid\u0259nqurma i\u015fl\u0259rinin h\u0259yata ke\u00e7irilm\u0259sin\u0259 ciddi mane\u0259l\u0259r yarad\u0131r.<\/p>\n<p>Ceyhun Bayramov BMT Ba\u015f katibinin diqq\u0259tin\u0259 \u00e7atd\u0131r\u0131r ki, Erm\u0259nistan minalanm\u0131\u015f \u0259razil\u0259r il\u0259 ba\u011fl\u0131 d\u0259qiq m\u0259lumat\u0131n verm\u0259kd\u0259n imtina etm\u0259kl\u0259 beyn\u0259lxalq humanitar h\u00fcquqdan ir\u0259li g\u0259l\u0259n \u00f6hd\u0259likl\u0259rini ciddi \u015f\u0259kild\u0259 pozur.<\/p>\n<p>Burada, h\u0259m\u00e7inin vur\u011fulan\u0131r ki, Erm\u0259nistan t\u0259r\u0259find\u0259n basd\u0131r\u0131lm\u0131\u015f minalar\u0131n insan h\u0259yat\u0131na son qoymas\u0131 m\u00fcharib\u0259 cinay\u0259tidir.<\/p>\n","protected":false},"excerpt":{"rendered":"<p>Xarici \u0130\u015fl\u0259r naziri Ceyhun Bayramovun cari ilin 22 fevral tarixind\u0259 BMT-nin Ba\u015f katibi Antonio Quterre\u015f\u0259 \u00fcnvanland\u0131\u011f\u0131 m\u0259ktub BMT Ba\u015f Assambleyas\u0131n\u0131n v\u0259 T\u0259hl\u00fck\u0259sizlik \u015euras\u0131n\u0131n s\u0259n\u0259di kimi\u00a0yay\u0131l\u0131b. Bu bar\u0259d\u0259 Xarici \u0130\u015fl\u0259r Nazirliyinin m\u0259lumat\u0131nda bildirilir. S\u0259n\u0259d Az\u0259rbaycan\u0131n i\u015f\u011faldan azad olunmu\u015f \u0259razil\u0259rinin mina v\u0259 dig\u0259r partlay\u0131c\u0131 sursatlar il\u0259 k\u00fctl\u0259vi \u00e7irkl\u0259nm\u0259sind\u0259n ir\u0259li g\u0259l\u0259n ciddi t\u0259hl\u00fck\u0259d\u0259n ibar\u0259tdir. M\u0259ktubda Erm\u0259nistan\u0131n minalanm\u0131\u015f \u0259razil\u0259r il\u0259 ba\u011fl\u0131 m\u00fcvafiq m\u0259lumat\u0131 verm\u0259kd\u0259n imtina etm\u0259sin\u0259 dair m\u0259s\u0259l\u0259l\u0259r d\u0259 yer alm\u0131\u015fd\u0131. M\u0259ktubda m\u00fcnaqi\u015f\u0259d\u0259n sonrak\u0131 d\u00f6vrd\u0259 Az\u0259rbaycan\u0131n azad edilmi\u015f \u0259razil\u0259rind\u0259 mina v\u0259 dig\u0259r partlay\u0131c\u0131 sursatlar\u0131n m\u00f6vcudlu\u011funun az\u0259rbaycanl\u0131 h\u0259rbi\u00e7il\u0259rin v\u0259 m\u00fclki \u015f\u0259xsl\u0259rin sa\u011flaml\u0131\u011f\u0131na ciddi t\u0259hl\u00fck\u0259 oldu\u011fu&hellip;<\/p>\n","protected":false},"author":2,"featured_media":765,"comment_status":"closed","ping_status":"closed","sticky":false,"template":"","format":"standard","meta":{"om_disable_all_campaigns":false,"_monsterinsights_skip_tracking":false,"_monsterinsights_sitenote_active":false,"_monsterinsights_sitenote_note":"","_monsterinsights_sitenote_category":0},"categories":[4],"tags":[],"aioseo_notices":[],"gutentor_comment":0,"rttpg_featured_image_url":{"full":["https:\/\/arantv.az\/wp-content\/uploads\/2018\/07\/ceyhun.jpg",620,375,false],"landscape":["https:\/\/arantv.az\/wp-content\/uploads\/2018\/07\/ceyhun.jpg",620,375,false],"portraits":["https:\/\/arantv.az\/wp-content\/uploads\/2018\/07\/ceyhun.jpg",620,375,false],"thumbnail":["https:\/\/arantv.az\/wp-content\/uploads\/2018\/07\/ceyhun-150x150.jpg",150,150,true],"medium":["https:\/\/arantv.az\/wp-content\/uploads\/2018\/07\/ceyhun-300x181.jpg",300,181,true],"large":["https:\/\/arantv.az\/wp-content\/uploads\/2018\/07\/ceyhun.jpg",620,375,false],"1536x1536":["https:\/\/arantv.az\/wp-content\/uploads\/2018\/07\/ceyhun.jpg",620,375,false],"2048x2048":["https:\/\/arantv.az\/wp-content\/uploads\/2018\/07\/ceyhun.jpg",620,375,false],"post-thumbnail":["https:\/\/arantv.az\/wp-content\/uploads\/2018\/07\/ceyhun.jpg",240,145,false],"advps-thumb-one":["https:\/\/arantv.az\/wp-content\/uploads\/2018\/07\/ceyhun.jpg",620,375,false]},"rttpg_author":{"display_name":"V\u00fcsal Rafiqo\u011flu","author_link":"https:\/\/arantv.az\/?author=2"},"rttpg_comment":0,"rttpg_category":"<a href=\"https:\/\/arantv.az\/?cat=4\" rel=\"category\">Siyas\u0259t<\/a>","rttpg_excerpt":"Xarici \u0130\u015fl\u0259r naziri Ceyhun Bayramovun cari ilin 22 fevral tarixind\u0259 BMT-nin Ba\u015f katibi Antonio Quterre\u015f\u0259 \u00fcnvanland\u0131\u011f\u0131 m\u0259ktub BMT Ba\u015f Assambleyas\u0131n\u0131n v\u0259 T\u0259hl\u00fck\u0259sizlik \u015euras\u0131n\u0131n s\u0259n\u0259di kimi\u00a0yay\u0131l\u0131b. Bu bar\u0259d\u0259 Xarici \u0130\u015fl\u0259r Nazirliyinin m\u0259lumat\u0131nda bildirilir. S\u0259n\u0259d Az\u0259rbaycan\u0131n i\u015f\u011faldan azad olunmu\u015f \u0259razil\u0259rinin mina v\u0259 dig\u0259r partlay\u0131c\u0131 sursatlar il\u0259 k\u00fctl\u0259vi \u00e7irkl\u0259nm\u0259sind\u0259n ir\u0259li g\u0259l\u0259n ciddi t\u0259hl\u00fck\u0259d\u0259n ibar\u0259tdir. M\u0259ktubda Erm\u0259nistan\u0131n minalanm\u0131\u015f \u0259razil\u0259r&hellip;","_links":{"self":[{"href":"https:\/\/arantv.az\/index.php?rest_route=\/wp\/v2\/posts\/306710"}],"collection":[{"href":"https:\/\/arantv.az\/index.php?rest_route=\/wp\/v2\/posts"}],"about":[{"href":"https:\/\/arantv.az\/index.php?rest_route=\/wp\/v2\/types\/post"}],"author":[{"embeddable":true,"href":"https:\/\/arantv.az\/index.php?rest_route=\/wp\/v2\/users\/2"}],"replies":[{"embeddable":true,"href":"https:\/\/arantv.az\/index.php?rest_route=%2Fwp%2Fv2%2Fcomments&post=306710"}],"version-history":[{"count":0,"href":"https:\/\/arantv.az\/index.php?rest_route=\/wp\/v2\/posts\/306710\/revisions"}],"wp:featuredmedia":[{"embeddable":true,"href":"https:\/\/arantv.az\/index.php?rest_route=\/wp\/v2\/media\/765"}],"wp:attachment":[{"href":"https:\/\/arantv.az\/index.php?rest_route=%2Fwp%2Fv2%2Fmedia&parent=306710"}],"wp:term":[{"taxonomy":"category","embeddable":true,"href":"https:\/\/arantv.az\/index.php?rest_route=%2Fwp%2Fv2%2Fcategories&post=306710"},{"taxonomy":"post_tag","embeddable":true,"href":"https:\/\/arantv.az\/index.php?rest_route=%2Fwp%2Fv2%2Ftags&post=306710"}],"curies":[{"name":"wp","href":"https:\/\/api.w.org\/{rel}","templated":true}]}}