{"id":306726,"date":"2021-03-04T13:08:44","date_gmt":"2021-03-04T10:08:44","guid":{"rendered":"http:\/\/arantv.az\/?p=306726"},"modified":"2021-03-04T13:08:44","modified_gmt":"2021-03-04T10:08:44","slug":"s%c9%99hid-s%c9%99ms%c9%99ddin-t%c9%99hm%c9%99zovun-dogum-gunudur-video","status":"publish","type":"post","link":"https:\/\/arantv.az\/?p=306726","title":{"rendered":"\u015e\u0259hid \u015e\u0259ms\u0259ddin T\u0259hm\u0259zovun do\u011fum g\u00fcn\u00fcd\u00fcr &#8211; V\u0130DEO"},"content":{"rendered":"<div class=\"article_text\">\n<p><strong>Can\u0131n\u0131 v\u0259t\u0259n u\u011frunda f\u0259da etdi. \u0130ndi ail\u0259si ad g\u00fcn\u00fcn\u00fc onsuz qeyd edir&#8230;<\/strong><\/p>\n<p><strong>ARANTV.AZ\u00a0<\/strong> xezerxeber.az-a istinad\u0259n bildirir ki, s\u00f6hb\u0259t V\u0259t\u0259n m\u00fcharib\u0259sind\u0259 d\u00f6y\u00fc\u015f\u0259r\u0259k \u015f\u0259hidlik zirv\u0259sin\u0259 ucalm\u0131\u015f \u015e\u0259ms\u0259ddin T\u0259hm\u0259zovdan gedir.<\/p>\n<p>O, 2001-ci il mart\u0131n 3-d\u0259 Masall\u0131 rayonunun G\u00fcll\u00fct\u0259p\u0259 k\u0259ndind\u0259 anadan olub. \u015e\u0259ms\u0259ddin 2019-cu ilin aprel ay\u0131nda h\u0259qiqi h\u0259rbi xidm\u0259t\u0259 \u00e7a\u011f\u0131r\u0131l\u0131b. T\u0259rt\u0259r rayonunda yerl\u0259\u015f\u0259n &#8220;N&#8221; sayl\u0131 h\u0259rbi hiss\u0259d\u0259 motoat\u0131c\u0131 taborun at\u0131c\u0131 \u0259sg\u0259ri v\u0259zif\u0259sind\u0259 xidm\u0259t apar\u0131b. 44 g\u00fcnl\u00fck V\u0259t\u0259n m\u00fcharib\u0259sind\u0259 i\u015ftirak ed\u0259n \u015e\u0259ms\u0259ddin T\u0259hm\u0259zov da d\u00f6y\u00fc\u015fl\u0259r\u0259 qat\u0131l\u0131b.<\/p>\n<p>\u015e\u0259ms\u0259ddin T\u0259hm\u0259zov d\u00f6y\u00fc\u015fl\u0259rd\u0259 q\u0259hr\u0259manl\u0131q g\u00f6st\u0259rib. T\u0259rt\u0259rin Tal\u0131\u015f k\u0259ndi istiqam\u0259tind\u0259 ged\u0259n d\u00f6y\u00fc\u015fl\u0259rd\u0259 d\u00fc\u015fm\u0259n\u0259 qar\u015f\u0131 m\u0259rdlikl\u0259 vuru\u015fan c\u0259sur \u0259sg\u0259r oktyabr ay\u0131n\u0131n 7-d\u0259 \u00fcr\u0259k nahiyy\u0259sind\u0259n ald\u0131\u011f\u0131 q\u0259lp\u0259 yaras\u0131ndan \u015f\u0259hidlik zirv\u0259sin\u0259 ucal\u0131b. \u015e\u0259ms\u0259ddin T\u0259hm\u0259zov do\u011fulub boya-ba\u015fa \u00e7atd\u0131\u011f\u0131 Masall\u0131 rayonunun G\u00fcll\u00fct\u0259p\u0259 k\u0259nd q\u0259birstanl\u0131\u011f\u0131nda torpa\u011fa tap\u015f\u0131r\u0131l\u0131b.<\/p>\n<p>\u015e\u0259ms\u0259ddin T\u0259hm\u0259zovun b\u00f6y\u00fck qarda\u015f\u0131, haz\u0131da m\u00fcdd\u0259td\u0259n art\u0131q xidm\u0259t ed\u0259n \u015e\u0259hriyar T\u0259hm\u0259zov da V\u0259t\u0259n m\u00fcharibsind\u0259 i\u015ftirak edib.<\/p>\n<p>Qeyd ed\u0259k ki, \u015e\u0259ms\u0259ddin T\u0259hm\u0259zov \u00f6l\u00fcm\u00fcnd\u0259n sonra &#8220;V\u0259t\u0259n u\u011frunda&#8221; medal\u0131 il\u0259 t\u0259ltif olunub.<\/p>\n<p>&nbsp;<\/p>\n<p><iframe loading=\"lazy\" src=\"https:\/\/daytube.az\/az\/embed\/103769\" width=\"670\" height=\"400\" frameborder=\"0\" allowfullscreen=\"allowfullscreen\" data-mce-fragment=\"1\"><\/iframe><\/div>\n<div class=\"social-banner\"><\/div>\n","protected":false},"excerpt":{"rendered":"<p>Can\u0131n\u0131 v\u0259t\u0259n u\u011frunda f\u0259da etdi. \u0130ndi ail\u0259si ad g\u00fcn\u00fcn\u00fc onsuz qeyd edir&#8230; ARANTV.AZ\u00a0 xezerxeber.az-a istinad\u0259n bildirir ki, s\u00f6hb\u0259t V\u0259t\u0259n m\u00fcharib\u0259sind\u0259 d\u00f6y\u00fc\u015f\u0259r\u0259k \u015f\u0259hidlik zirv\u0259sin\u0259 ucalm\u0131\u015f \u015e\u0259ms\u0259ddin T\u0259hm\u0259zovdan gedir. O, 2001-ci il mart\u0131n 3-d\u0259 Masall\u0131 rayonunun G\u00fcll\u00fct\u0259p\u0259 k\u0259ndind\u0259 anadan olub. \u015e\u0259ms\u0259ddin 2019-cu ilin aprel ay\u0131nda h\u0259qiqi h\u0259rbi xidm\u0259t\u0259 \u00e7a\u011f\u0131r\u0131l\u0131b. T\u0259rt\u0259r rayonunda yerl\u0259\u015f\u0259n &#8220;N&#8221; sayl\u0131 h\u0259rbi hiss\u0259d\u0259 motoat\u0131c\u0131 taborun at\u0131c\u0131 \u0259sg\u0259ri v\u0259zif\u0259sind\u0259 xidm\u0259t apar\u0131b. 44 g\u00fcnl\u00fck V\u0259t\u0259n m\u00fcharib\u0259sind\u0259 i\u015ftirak ed\u0259n \u015e\u0259ms\u0259ddin T\u0259hm\u0259zov da d\u00f6y\u00fc\u015fl\u0259r\u0259 qat\u0131l\u0131b. \u015e\u0259ms\u0259ddin T\u0259hm\u0259zov d\u00f6y\u00fc\u015fl\u0259rd\u0259 q\u0259hr\u0259manl\u0131q g\u00f6st\u0259rib. T\u0259rt\u0259rin Tal\u0131\u015f k\u0259ndi istiqam\u0259tind\u0259 ged\u0259n d\u00f6y\u00fc\u015fl\u0259rd\u0259 d\u00fc\u015fm\u0259n\u0259 qar\u015f\u0131 m\u0259rdlikl\u0259 vuru\u015fan c\u0259sur \u0259sg\u0259r oktyabr&hellip;<\/p>\n","protected":false},"author":2,"featured_media":306727,"comment_status":"closed","ping_status":"closed","sticky":false,"template":"","format":"standard","meta":{"om_disable_all_campaigns":false,"_monsterinsights_skip_tracking":false,"_monsterinsights_sitenote_active":false,"_monsterinsights_sitenote_note":"","_monsterinsights_sitenote_category":0},"categories":[26],"tags":[],"aioseo_notices":[],"gutentor_comment":0,"rttpg_featured_image_url":{"full":["https:\/\/arantv.az\/wp-content\/uploads\/2021\/03\/927762.jpg",800,600,false],"landscape":["https:\/\/arantv.az\/wp-content\/uploads\/2021\/03\/927762.jpg",800,600,false],"portraits":["https:\/\/arantv.az\/wp-content\/uploads\/2021\/03\/927762.jpg",800,600,false],"thumbnail":["https:\/\/arantv.az\/wp-content\/uploads\/2021\/03\/927762-150x150.jpg",150,150,true],"medium":["https:\/\/arantv.az\/wp-content\/uploads\/2021\/03\/927762-300x225.jpg",300,225,true],"large":["https:\/\/arantv.az\/wp-content\/uploads\/2021\/03\/927762.jpg",640,480,false],"1536x1536":["https:\/\/arantv.az\/wp-content\/uploads\/2021\/03\/927762.jpg",800,600,false],"2048x2048":["https:\/\/arantv.az\/wp-content\/uploads\/2021\/03\/927762.jpg",800,600,false],"post-thumbnail":["https:\/\/arantv.az\/wp-content\/uploads\/2021\/03\/927762-240x172.jpg",240,172,true],"advps-thumb-one":["https:\/\/arantv.az\/wp-content\/uploads\/2021\/03\/927762.jpg",800,600,false]},"rttpg_author":{"display_name":"V\u00fcsal Rafiqo\u011flu","author_link":"https:\/\/arantv.az\/?author=2"},"rttpg_comment":0,"rttpg_category":"<a href=\"https:\/\/arantv.az\/?cat=26\" rel=\"category\">Sosial<\/a>","rttpg_excerpt":"Can\u0131n\u0131 v\u0259t\u0259n u\u011frunda f\u0259da etdi. \u0130ndi ail\u0259si ad g\u00fcn\u00fcn\u00fc onsuz qeyd edir&#8230; ARANTV.AZ\u00a0 xezerxeber.az-a istinad\u0259n bildirir ki, s\u00f6hb\u0259t V\u0259t\u0259n m\u00fcharib\u0259sind\u0259 d\u00f6y\u00fc\u015f\u0259r\u0259k \u015f\u0259hidlik zirv\u0259sin\u0259 ucalm\u0131\u015f \u015e\u0259ms\u0259ddin T\u0259hm\u0259zovdan gedir. O, 2001-ci il mart\u0131n 3-d\u0259 Masall\u0131 rayonunun G\u00fcll\u00fct\u0259p\u0259 k\u0259ndind\u0259 anadan olub. \u015e\u0259ms\u0259ddin 2019-cu ilin aprel ay\u0131nda h\u0259qiqi h\u0259rbi xidm\u0259t\u0259 \u00e7a\u011f\u0131r\u0131l\u0131b. T\u0259rt\u0259r rayonunda yerl\u0259\u015f\u0259n &#8220;N&#8221; sayl\u0131 h\u0259rbi hiss\u0259d\u0259 motoat\u0131c\u0131&hellip;","_links":{"self":[{"href":"https:\/\/arantv.az\/index.php?rest_route=\/wp\/v2\/posts\/306726"}],"collection":[{"href":"https:\/\/arantv.az\/index.php?rest_route=\/wp\/v2\/posts"}],"about":[{"href":"https:\/\/arantv.az\/index.php?rest_route=\/wp\/v2\/types\/post"}],"author":[{"embeddable":true,"href":"https:\/\/arantv.az\/index.php?rest_route=\/wp\/v2\/users\/2"}],"replies":[{"embeddable":true,"href":"https:\/\/arantv.az\/index.php?rest_route=%2Fwp%2Fv2%2Fcomments&post=306726"}],"version-history":[{"count":0,"href":"https:\/\/arantv.az\/index.php?rest_route=\/wp\/v2\/posts\/306726\/revisions"}],"wp:featuredmedia":[{"embeddable":true,"href":"https:\/\/arantv.az\/index.php?rest_route=\/wp\/v2\/media\/306727"}],"wp:attachment":[{"href":"https:\/\/arantv.az\/index.php?rest_route=%2Fwp%2Fv2%2Fmedia&parent=306726"}],"wp:term":[{"taxonomy":"category","embeddable":true,"href":"https:\/\/arantv.az\/index.php?rest_route=%2Fwp%2Fv2%2Fcategories&post=306726"},{"taxonomy":"post_tag","embeddable":true,"href":"https:\/\/arantv.az\/index.php?rest_route=%2Fwp%2Fv2%2Ftags&post=306726"}],"curies":[{"name":"wp","href":"https:\/\/api.w.org\/{rel}","templated":true}]}}