{"id":306730,"date":"2021-03-04T13:09:57","date_gmt":"2021-03-04T10:09:57","guid":{"rendered":"http:\/\/arantv.az\/?p=306730"},"modified":"2021-03-04T13:09:57","modified_gmt":"2021-03-04T10:09:57","slug":"az%c9%99rbaycan-h%c9%99rbcil%c9%99ri-turkiy%c9%99y%c9%99-getdi-yeni-t%c9%99liml%c9%99r-baslayir-foto","status":"publish","type":"post","link":"https:\/\/arantv.az\/?p=306730","title":{"rendered":"Az\u0259rbaycan h\u0259rb\u00e7il\u0259ri T\u00fcrkiy\u0259y\u0259 getdi: Yeni t\u0259liml\u0259r ba\u015flay\u0131r &#8211; FOTO"},"content":{"rendered":"<p>Az\u0259rbaycan h\u0259rb\u00e7il\u0259ri alt\u0131 h\u0259ft\u0259lik t\u0259lim \u00fc\u00e7\u00fcn T\u00fcrkiy\u0259y\u0259 gedibl\u0259r.<\/p>\n<p>Bununla ba\u011fl\u0131 T\u00fcrkiy\u0259 Milli M\u00fcdafi\u0259 Nazirliyi \u201cTwitter\u201d s\u0259hif\u0259sind\u0259 yaz\u0131b:<\/p>\n<p>\u201cCan Az\u0259rbaycanla \u201cBir mill\u0259t, iki d\u00f6vl\u0259t\u201d anlay\u0131\u015f\u0131 il\u0259 birlikd\u0259 \u00e7al\u0131\u015fma\u011fa davam edirik. 6 h\u0259ft\u0259lik komando t\u0259liml\u0259ri \u00fc\u00e7\u00fcn \u0130spartaya g\u0259l\u0259n Q\u0259hr\u0259man Az\u0259rbaycan Ordusundan olan qarda\u015flar\u0131m\u0131z\u0131 hava liman\u0131nda qar\u015f\u0131lad\u0131q\u201d.<\/p>\n<div>\n<div class=\"twitter-tweet twitter-tweet-rendered\"><iframe id=\"twitter-widget-0\" class=\"\" title=\"Twitter Tweet\" src=\"https:\/\/platform.twitter.com\/embed\/Tweet.html?creatorScreenName=oxuaz&amp;dnt=false&amp;embedId=twitter-widget-0&amp;frame=false&amp;hideCard=false&amp;hideThread=false&amp;id=1367411489682948096&amp;lang=en&amp;origin=https%3A%2F%2Foxu.az%2Fpolitics%2F472920&amp;siteScreenName=oxuaz&amp;theme=light&amp;widgetsVersion=e1ffbdb%3A1614796141937&amp;width=550px\" frameborder=\"0\" scrolling=\"no\" allowfullscreen=\"allowfullscreen\" data-tweet-id=\"1367411489682948096\" data-mce-fragment=\"1\"><\/iframe><\/div>\n<\/div>\n<p>&nbsp;<\/p>\n","protected":false},"excerpt":{"rendered":"<p>Az\u0259rbaycan h\u0259rb\u00e7il\u0259ri alt\u0131 h\u0259ft\u0259lik t\u0259lim \u00fc\u00e7\u00fcn T\u00fcrkiy\u0259y\u0259 gedibl\u0259r. Bununla ba\u011fl\u0131 T\u00fcrkiy\u0259 Milli M\u00fcdafi\u0259 Nazirliyi \u201cTwitter\u201d s\u0259hif\u0259sind\u0259 yaz\u0131b: \u201cCan Az\u0259rbaycanla \u201cBir mill\u0259t, iki d\u00f6vl\u0259t\u201d anlay\u0131\u015f\u0131 il\u0259 birlikd\u0259 \u00e7al\u0131\u015fma\u011fa davam edirik. 6 h\u0259ft\u0259lik komando t\u0259liml\u0259ri \u00fc\u00e7\u00fcn \u0130spartaya g\u0259l\u0259n Q\u0259hr\u0259man Az\u0259rbaycan Ordusundan olan qarda\u015flar\u0131m\u0131z\u0131 hava liman\u0131nda qar\u015f\u0131lad\u0131q\u201d. &nbsp;<\/p>\n","protected":false},"author":2,"featured_media":306731,"comment_status":"closed","ping_status":"closed","sticky":false,"template":"","format":"standard","meta":{"om_disable_all_campaigns":false,"_monsterinsights_skip_tracking":false,"_monsterinsights_sitenote_active":false,"_monsterinsights_sitenote_note":"","_monsterinsights_sitenote_category":0},"categories":[4],"tags":[],"aioseo_notices":[],"gutentor_comment":0,"rttpg_featured_image_url":{"full":["https:\/\/arantv.az\/wp-content\/uploads\/2021\/03\/EvoFf8BXcAEHhCU.jpg",620,414,false],"landscape":["https:\/\/arantv.az\/wp-content\/uploads\/2021\/03\/EvoFf8BXcAEHhCU.jpg",620,414,false],"portraits":["https:\/\/arantv.az\/wp-content\/uploads\/2021\/03\/EvoFf8BXcAEHhCU.jpg",620,414,false],"thumbnail":["https:\/\/arantv.az\/wp-content\/uploads\/2021\/03\/EvoFf8BXcAEHhCU-150x150.jpg",150,150,true],"medium":["https:\/\/arantv.az\/wp-content\/uploads\/2021\/03\/EvoFf8BXcAEHhCU-300x200.jpg",300,200,true],"large":["https:\/\/arantv.az\/wp-content\/uploads\/2021\/03\/EvoFf8BXcAEHhCU.jpg",620,414,false],"1536x1536":["https:\/\/arantv.az\/wp-content\/uploads\/2021\/03\/EvoFf8BXcAEHhCU.jpg",620,414,false],"2048x2048":["https:\/\/arantv.az\/wp-content\/uploads\/2021\/03\/EvoFf8BXcAEHhCU.jpg",620,414,false],"post-thumbnail":["https:\/\/arantv.az\/wp-content\/uploads\/2021\/03\/EvoFf8BXcAEHhCU-240x172.jpg",240,172,true],"advps-thumb-one":["https:\/\/arantv.az\/wp-content\/uploads\/2021\/03\/EvoFf8BXcAEHhCU.jpg",620,414,false]},"rttpg_author":{"display_name":"V\u00fcsal Rafiqo\u011flu","author_link":"https:\/\/arantv.az\/?author=2"},"rttpg_comment":0,"rttpg_category":"<a href=\"https:\/\/arantv.az\/?cat=4\" rel=\"category\">Siyas\u0259t<\/a>","rttpg_excerpt":"Az\u0259rbaycan h\u0259rb\u00e7il\u0259ri alt\u0131 h\u0259ft\u0259lik t\u0259lim \u00fc\u00e7\u00fcn T\u00fcrkiy\u0259y\u0259 gedibl\u0259r. Bununla ba\u011fl\u0131 T\u00fcrkiy\u0259 Milli M\u00fcdafi\u0259 Nazirliyi \u201cTwitter\u201d s\u0259hif\u0259sind\u0259 yaz\u0131b: \u201cCan Az\u0259rbaycanla \u201cBir mill\u0259t, iki d\u00f6vl\u0259t\u201d anlay\u0131\u015f\u0131 il\u0259 birlikd\u0259 \u00e7al\u0131\u015fma\u011fa davam edirik. 6 h\u0259ft\u0259lik komando t\u0259liml\u0259ri \u00fc\u00e7\u00fcn \u0130spartaya g\u0259l\u0259n Q\u0259hr\u0259man Az\u0259rbaycan Ordusundan olan qarda\u015flar\u0131m\u0131z\u0131 hava liman\u0131nda qar\u015f\u0131lad\u0131q\u201d. &nbsp;","_links":{"self":[{"href":"https:\/\/arantv.az\/index.php?rest_route=\/wp\/v2\/posts\/306730"}],"collection":[{"href":"https:\/\/arantv.az\/index.php?rest_route=\/wp\/v2\/posts"}],"about":[{"href":"https:\/\/arantv.az\/index.php?rest_route=\/wp\/v2\/types\/post"}],"author":[{"embeddable":true,"href":"https:\/\/arantv.az\/index.php?rest_route=\/wp\/v2\/users\/2"}],"replies":[{"embeddable":true,"href":"https:\/\/arantv.az\/index.php?rest_route=%2Fwp%2Fv2%2Fcomments&post=306730"}],"version-history":[{"count":0,"href":"https:\/\/arantv.az\/index.php?rest_route=\/wp\/v2\/posts\/306730\/revisions"}],"wp:featuredmedia":[{"embeddable":true,"href":"https:\/\/arantv.az\/index.php?rest_route=\/wp\/v2\/media\/306731"}],"wp:attachment":[{"href":"https:\/\/arantv.az\/index.php?rest_route=%2Fwp%2Fv2%2Fmedia&parent=306730"}],"wp:term":[{"taxonomy":"category","embeddable":true,"href":"https:\/\/arantv.az\/index.php?rest_route=%2Fwp%2Fv2%2Fcategories&post=306730"},{"taxonomy":"post_tag","embeddable":true,"href":"https:\/\/arantv.az\/index.php?rest_route=%2Fwp%2Fv2%2Ftags&post=306730"}],"curies":[{"name":"wp","href":"https:\/\/api.w.org\/{rel}","templated":true}]}}