{"id":306734,"date":"2021-03-04T13:27:41","date_gmt":"2021-03-04T10:27:41","guid":{"rendered":"http:\/\/arantv.az\/?p=306734"},"modified":"2021-03-04T13:27:41","modified_gmt":"2021-03-04T10:27:41","slug":"kalasnikov-erm%c9%99nistandaki-revansistl%c9%99r-kiminl%c9%99-doyus%c9%99c%c9%99kl%c9%99r-rusiya-il%c9%99-yoxsa-az%c9%99rbaycanla-musahib%c9%99","status":"publish","type":"post","link":"https:\/\/arantv.az\/?p=306734","title":{"rendered":"Kala\u015fnikov: \u201cErm\u0259nistandak\u0131 revan\u015fistl\u0259r kiminl\u0259 d\u00f6y\u00fc\u015f\u0259c\u0259kl\u0259r &#8211; Rusiya il\u0259 yoxsa Az\u0259rbaycanla?\u201d &#8211; M\u00dcSAH\u0130B\u018f"},"content":{"rendered":"<p>Moskvada \u00fcmid edirl\u0259r ki, \u0130r\u0259vanda ba\u015f ver\u0259n hadis\u0259l\u0259rind\u0259n as\u0131l\u0131 olmayaraq, Erm\u0259nistan Da\u011fl\u0131q Qaraba\u011fla ba\u011fl\u0131 \u00dc\u00e7t\u0259r\u0259fli B\u0259yanata \u0259m\u0259l ed\u0259c\u0259k.<\/p>\n<p>Narahatl\u0131q \u00fc\u00e7\u00fcn is\u0259 \u0259saslar var, \u00e7\u00fcnki, Media.Az-\u0131n da x\u0259b\u0259r verdiyi kimi, h\u0259tta Erm\u0259nistan\u0131n yeni xarici i\u015fl\u0259r naziri Ara Ayvazyan da bildirmi\u015fdi ki, m\u0259hz Minsk Qrupu Da\u011fl\u0131q Qaraba\u011f m\u00fcnaqi\u015f\u0259sinin yekun siyasi h\u0259llin\u0259 nail olmaq \u00fc\u00e7\u00fcn yegan\u0259 beyn\u0259lxalq mandata malik formatd\u0131r.<\/p>\n<p>Birm\u0259nal\u0131 \u015f\u0259kild\u0259 revan\u015fist bax\u0131\u015flara malik olan erm\u0259ni m\u00fcxalif\u0259tinin n\u00fcmay\u0259nd\u0259l\u0259rin\u0259 g\u0259ldikd\u0259, onlar\u0131n \u00e7oxu 10 noyabrda imzalanan b\u0259yanat\u0131 \u00fcmumiyy\u0259tl\u0259 qanuni hesab etmir.<\/p>\n<div id=\"AdviadNativeVideo0\" class=\"AdviadNativeVideo\"><\/div>\n<p>Rusiya Federasiyas\u0131 Federal M\u0259clisi Federasiya \u015euras\u0131n\u0131n s\u0259dri Valentina Matviyenkonun s\u00f6zl\u0259rin\u0259 g\u00f6r\u0259, Rusiya Erm\u0259nistan liderl\u0259rinin m\u0259suliyy\u0259tin\u0259 etibar edir.<\/p>\n<p>\u201cHans\u0131 hadis\u0259l\u0259rin ba\u015f verm\u0259sind\u0259n as\u0131l\u0131 olmayaraq, Da\u011fl\u0131q Qaraba\u011fla ba\u011fl\u0131 raz\u0131la\u015fman\u0131n h\u0259yata ke\u00e7irilm\u0259sind\u0259 ard\u0131c\u0131ll\u0131q olmal\u0131d\u0131r. Bu m\u00fcqavil\u0259y\u0259 zidd olan ist\u0259nil\u0259n bir h\u0259r\u0259k\u0259t, add\u0131m b\u00f6y\u00fck bir faci\u0259y\u0259 s\u0259b\u0259b ola bil\u0259r, buna icaz\u0259 verilm\u0259m\u0259lidir\u201d, &#8211; dey\u0259,\u00a0Valentina Matviyenko bildirib.<\/p>\n<p>Rusiya D\u00f6vl\u0259t Dumas\u0131n\u0131n MDB m\u0259s\u0259l\u0259l\u0259ri, Avrasiya inteqrasiyas\u0131 v\u0259 h\u0259mv\u0259t\u0259nl\u0259rl\u0259 \u0259laq\u0259l\u0259r komit\u0259sinin s\u0259dri Leonid Kala\u015fnikov h\u0259l\u0259 \u00f6t\u0259n \u0259srin 90-c\u0131 ill\u0259rind\u0259n b\u0259ri davaml\u0131 olaraq Qaraba\u011f m\u00fcnaqi\u015f\u0259sinin h\u0259lli \u00fc\u00e7\u00fcn \u00fc\u00e7t\u0259r\u0259fli format\u0131 m\u00fcdafi\u0259 edib.<\/p>\n<p><a href=\"https:\/\/media.az\/politics\/1067812138\/s-kem-oni-poydut-voevat-s-rossiey-ili-azerbaydzhanom-dlya-mediaaz-kommentiruet-leonid-kalashnikov\/?fbclid=IwAR2GlVhNytv_y28_7NZag2X6GrsvNubjbHr89XPpj0cbcSOIpXzjGuvrmzQ\" target=\"_blank\" rel=\"noopener\">Media.Az<\/a>\u00a0s\u00f6z\u00fcged\u0259n m\u0259s\u0259l\u0259l\u0259rin \u015f\u0259rhi il\u0259 ba\u011fl\u0131 Leonid Kala\u015fnikova m\u00fcraci\u0259t edib.<\/p>\n<p><strong>Moskvada \u0130r\u0259van\u0131n Rusiya, Az\u0259rbaycan v\u0259 Erm\u0259nistan r\u0259hb\u0259rl\u0259ri t\u0259r\u0259find\u0259n imzalanm\u0131\u015f Qaraba\u011fla ba\u011fl\u0131 \u00fc\u00e7t\u0259r\u0259fli raz\u0131la\u015fmaya \u0259m\u0259l ed\u0259c\u0259yin\u0259 \u00fcmid edirl\u0259r. Erm\u0259nistanda is\u0259 getdikc\u0259 daha tez-tez AT\u018fT-in Minsk Qrupunu xat\u0131rlay\u0131rlar v\u0259 m\u0259s\u0259l\u0259nin son h\u0259llinin m\u0259hz AT\u018fT-in Minsk Qrupunun vasit\u0259\u00e7iliyi h\u0259yata ke\u00e7irilm\u0259sini ist\u0259yirl\u0259r. Sizin bax\u0131\u015f\u0131n\u0131z n\u0259dir, niy\u0259 Erm\u0259nistan t\u0259r\u0259fi i\u015fl\u0259k olan \u00fc\u00e7t\u0259r\u0259fli formatdan raz\u0131 deyil?<\/strong><\/p>\n<p>M\u0259nim m\u00f6vqeyim h\u0259mi\u015f\u0259 birm\u0259nal\u0131 olub, Minsk Qrupu il\u0259 \u0259laq\u0259li ill\u00fcziyalar\u0131n k\u0259nara qoyulmas\u0131n\u0131n vacibliyind\u0259n dan\u0131\u015fm\u0131\u015fam. T\u0259k variant m\u00f6vcuddur &#8211; \u00fc\u00e7t\u0259r\u0259fli raz\u0131la\u015fma. Biz bu bar\u0259d\u0259 h\u00f6rm\u0259tli \u0130lham Heyd\u0259rovi\u00e7 \u018fliyevl\u0259 v\u0259 o zaman Erm\u0259nistan\u0131n prezidenti olmu\u015f Serj Sarqsyanla dan\u0131\u015fm\u0131\u015f\u0131q. Sonra m\u0259n bu bar\u0259d\u0259 h\u0259l\u0259 ba\u015f nazir olmam\u0131\u015fdan \u0259vv\u0259l Nikol Pa\u015finyanla dan\u0131\u015fm\u0131\u015fam.<\/p>\n<p>Uzun ill\u0259r he\u00e7 bir n\u0259tic\u0259y\u0259 g\u0259tirib \u00e7\u0131xarmayan t\u0259mas qrupunu sad\u0259c\u0259 olaraq yaddan \u00e7\u0131xartmaq laz\u0131md\u0131r, x\u00fcsus\u0259n Rusiyan\u0131 d\u00fc\u015fm\u0259n hesab etdikl\u0259ri (Q\u0259rbd\u0259 &#8211; red.), onun s\u0259rh\u0259dl\u0259rind\u0259 qaynar n\u00f6qt\u0259l\u0259ri yaratma\u011fa \u00e7al\u0131\u015fd\u0131qlar\u0131 bir d\u00f6vrd\u0259.<\/p>\n<p>Onlar (Erm\u0259nistan \u2013 red.) t\u0259mas qrupunda kim\u0259 arxalan\u0131rlar? Orada \u00fc\u00e7 h\u0259ms\u0259dr var. \u018fg\u0259r Rusiyaya arxalan\u0131rlarsa, o zaman Erm\u0259nistan v\u0259 Az\u0259rbaycan m\u0259hz onunla m\u0259s\u0259l\u0259l\u0259ri h\u0259ll etm\u0259lidirl\u0259r.<\/p>\n<p>Yoxsa Rusiya Federasiyas\u0131na d\u00fc\u015fm\u0259n m\u00fcnasib\u0259t b\u0259sl\u0259y\u0259n v\u0259 b\u00fct\u00fcn C\u0259nubi Qafqaz b\u00f6lg\u0259sinin h\u0259yat\u0131n\u0131 \u00e7\u0259tinl\u0259\u015fdir\u0259n, probleml\u0259ri h\u0259ll etm\u0259y\u0259 he\u00e7 haz\u0131rla\u015fmayan AB\u015e-a v\u0259 ya Fransaya \u00fcmid b\u0259sl\u0259yirl\u0259r?<\/p>\n<p>Halbuki Rusiyan\u0131n, Az\u0259rbaycan\u0131n v\u0259 Erm\u0259nistan\u0131n h\u0259yat\u0131 \u0259h\u0259miyy\u0259t k\u0259sb ed\u0259n maraqlar\u0131 m\u0259hz burada yerl\u0259\u015fir.<\/p>\n<p>Ona g\u00f6r\u0259 AT\u018fT-in Minsk qrupu &#8211; ill\u00fcziyad\u0131r. Kim problemi h\u0259ll etm\u0259k ist\u0259yirs\u0259, o, onu h\u0259ll edir. Bunu ist\u0259m\u0259y\u0259n o t\u0259mas qrupu timsal\u0131nda b\u0259han\u0259l\u0259r uydurur.<\/p>\n<p>Bizim \u00f6lk\u0259d\u0259 bir \u00e7ox siyas\u0259t\u00e7i deyirdi ki, guya biz onu (Qaraba\u011f m\u00fcnaqi\u015f\u0259sini\u00a0\u2013 red.) h\u0259ll ets\u0259k AB\u015e v\u0259 Fransa onun n\u0259tic\u0259l\u0259rini tan\u0131mayacaq. Tamamil\u0259 c\u0259f\u0259ngiyatd\u0131r. Bu, ilk n\u00f6vb\u0259d\u0259 Az\u0259rbaycan v\u0259 Erm\u0259nistan ba\u015fda olmaqla, \u00fc\u00e7 \u00f6lk\u0259 \u00fc\u00e7\u00fcn m\u00fch\u00fcm problemdir. Rusiya prezidenti Vladimir Putin\u0259 h\u0259m Bak\u0131da, h\u0259m d\u0259 \u0130r\u0259vanda etibar edirl\u0259r. Bu da m\u00fcnaqi\u015f\u0259nin nizama\u00a0sal\u0131nmas\u0131na k\u00f6m\u0259k etdi.<\/p>\n<p><strong>B\u0259s \u0259g\u0259r \u0130r\u0259vanda hakimiyy\u0259t\u0259 revan\u015fistl\u0259r g\u0259l\u0259rs\u0259, \u00fc\u00e7t\u0259r\u0259fli raz\u0131la\u015fmaya yenid\u0259n bax\u0131lmas\u0131 m\u00fcmk\u00fcnd\u00fcrm\u00fc?<\/strong><\/p>\n<p>Xeyr. Bu, qeyri-reald\u0131r. \u018fg\u0259r kims\u0259 m\u00fcharib\u0259 ist\u0259yirs\u0259, qoy bunu elan edib\u00a0m\u00fcharib\u0259 etsin. B\u0259s harada, kiminl\u0259? Rusiya il\u0259, yoxsa Az\u0259rbaycanla? Bu, fiziki c\u0259h\u0259td\u0259n sad\u0259c\u0259 olaraq m\u00fcmk\u00fcn deyil. Rusiya v\u0259 Az\u0259rbaycan bu raz\u0131la\u015fmadan \u00e7\u0131xmayacaqlar. K\u00fc\u00e7\u0259d\u0259 n\u0259 ist\u0259s\u0259n b\u0259yan etm\u0259k olar, amma real siyas\u0259t ba\u015fqad\u0131r.<\/p>\n","protected":false},"excerpt":{"rendered":"<p>Moskvada \u00fcmid edirl\u0259r ki, \u0130r\u0259vanda ba\u015f ver\u0259n hadis\u0259l\u0259rind\u0259n as\u0131l\u0131 olmayaraq, Erm\u0259nistan Da\u011fl\u0131q Qaraba\u011fla ba\u011fl\u0131 \u00dc\u00e7t\u0259r\u0259fli B\u0259yanata \u0259m\u0259l ed\u0259c\u0259k. Narahatl\u0131q \u00fc\u00e7\u00fcn is\u0259 \u0259saslar var, \u00e7\u00fcnki, Media.Az-\u0131n da x\u0259b\u0259r verdiyi kimi, h\u0259tta Erm\u0259nistan\u0131n yeni xarici i\u015fl\u0259r naziri Ara Ayvazyan da bildirmi\u015fdi ki, m\u0259hz Minsk Qrupu Da\u011fl\u0131q Qaraba\u011f m\u00fcnaqi\u015f\u0259sinin yekun siyasi h\u0259llin\u0259 nail olmaq \u00fc\u00e7\u00fcn yegan\u0259 beyn\u0259lxalq mandata malik formatd\u0131r. Birm\u0259nal\u0131 \u015f\u0259kild\u0259 revan\u015fist bax\u0131\u015flara malik olan erm\u0259ni m\u00fcxalif\u0259tinin n\u00fcmay\u0259nd\u0259l\u0259rin\u0259 g\u0259ldikd\u0259, onlar\u0131n \u00e7oxu 10 noyabrda imzalanan b\u0259yanat\u0131 \u00fcmumiyy\u0259tl\u0259 qanuni hesab etmir. Rusiya Federasiyas\u0131 Federal M\u0259clisi Federasiya \u015euras\u0131n\u0131n s\u0259dri Valentina Matviyenkonun s\u00f6zl\u0259rin\u0259 g\u00f6r\u0259, Rusiya Erm\u0259nistan&hellip;<\/p>\n","protected":false},"author":2,"featured_media":306735,"comment_status":"closed","ping_status":"closed","sticky":false,"template":"","format":"standard","meta":{"om_disable_all_campaigns":false,"_monsterinsights_skip_tracking":false,"_monsterinsights_sitenote_active":false,"_monsterinsights_sitenote_note":"","_monsterinsights_sitenote_category":0},"categories":[4],"tags":[],"aioseo_notices":[],"gutentor_comment":0,"rttpg_featured_image_url":{"full":["https:\/\/arantv.az\/wp-content\/uploads\/2021\/03\/1614771264_l_kalashnikov2.jpg",620,331,false],"landscape":["https:\/\/arantv.az\/wp-content\/uploads\/2021\/03\/1614771264_l_kalashnikov2.jpg",620,331,false],"portraits":["https:\/\/arantv.az\/wp-content\/uploads\/2021\/03\/1614771264_l_kalashnikov2.jpg",620,331,false],"thumbnail":["https:\/\/arantv.az\/wp-content\/uploads\/2021\/03\/1614771264_l_kalashnikov2-150x150.jpg",150,150,true],"medium":["https:\/\/arantv.az\/wp-content\/uploads\/2021\/03\/1614771264_l_kalashnikov2-300x160.jpg",300,160,true],"large":["https:\/\/arantv.az\/wp-content\/uploads\/2021\/03\/1614771264_l_kalashnikov2.jpg",620,331,false],"1536x1536":["https:\/\/arantv.az\/wp-content\/uploads\/2021\/03\/1614771264_l_kalashnikov2.jpg",620,331,false],"2048x2048":["https:\/\/arantv.az\/wp-content\/uploads\/2021\/03\/1614771264_l_kalashnikov2.jpg",620,331,false],"post-thumbnail":["https:\/\/arantv.az\/wp-content\/uploads\/2021\/03\/1614771264_l_kalashnikov2-240x172.jpg",240,172,true],"advps-thumb-one":["https:\/\/arantv.az\/wp-content\/uploads\/2021\/03\/1614771264_l_kalashnikov2.jpg",620,331,false]},"rttpg_author":{"display_name":"V\u00fcsal Rafiqo\u011flu","author_link":"https:\/\/arantv.az\/?author=2"},"rttpg_comment":0,"rttpg_category":"<a href=\"https:\/\/arantv.az\/?cat=4\" rel=\"category\">Siyas\u0259t<\/a>","rttpg_excerpt":"Moskvada \u00fcmid edirl\u0259r ki, \u0130r\u0259vanda ba\u015f ver\u0259n hadis\u0259l\u0259rind\u0259n as\u0131l\u0131 olmayaraq, Erm\u0259nistan Da\u011fl\u0131q Qaraba\u011fla ba\u011fl\u0131 \u00dc\u00e7t\u0259r\u0259fli B\u0259yanata \u0259m\u0259l ed\u0259c\u0259k. Narahatl\u0131q \u00fc\u00e7\u00fcn is\u0259 \u0259saslar var, \u00e7\u00fcnki, Media.Az-\u0131n da x\u0259b\u0259r verdiyi kimi, h\u0259tta Erm\u0259nistan\u0131n yeni xarici i\u015fl\u0259r naziri Ara Ayvazyan da bildirmi\u015fdi ki, m\u0259hz Minsk Qrupu Da\u011fl\u0131q Qaraba\u011f m\u00fcnaqi\u015f\u0259sinin yekun siyasi h\u0259llin\u0259 nail olmaq \u00fc\u00e7\u00fcn yegan\u0259 beyn\u0259lxalq mandata&hellip;","_links":{"self":[{"href":"https:\/\/arantv.az\/index.php?rest_route=\/wp\/v2\/posts\/306734"}],"collection":[{"href":"https:\/\/arantv.az\/index.php?rest_route=\/wp\/v2\/posts"}],"about":[{"href":"https:\/\/arantv.az\/index.php?rest_route=\/wp\/v2\/types\/post"}],"author":[{"embeddable":true,"href":"https:\/\/arantv.az\/index.php?rest_route=\/wp\/v2\/users\/2"}],"replies":[{"embeddable":true,"href":"https:\/\/arantv.az\/index.php?rest_route=%2Fwp%2Fv2%2Fcomments&post=306734"}],"version-history":[{"count":0,"href":"https:\/\/arantv.az\/index.php?rest_route=\/wp\/v2\/posts\/306734\/revisions"}],"wp:featuredmedia":[{"embeddable":true,"href":"https:\/\/arantv.az\/index.php?rest_route=\/wp\/v2\/media\/306735"}],"wp:attachment":[{"href":"https:\/\/arantv.az\/index.php?rest_route=%2Fwp%2Fv2%2Fmedia&parent=306734"}],"wp:term":[{"taxonomy":"category","embeddable":true,"href":"https:\/\/arantv.az\/index.php?rest_route=%2Fwp%2Fv2%2Fcategories&post=306734"},{"taxonomy":"post_tag","embeddable":true,"href":"https:\/\/arantv.az\/index.php?rest_route=%2Fwp%2Fv2%2Ftags&post=306734"}],"curies":[{"name":"wp","href":"https:\/\/api.w.org\/{rel}","templated":true}]}}