{"id":306766,"date":"2021-03-04T13:50:11","date_gmt":"2021-03-04T10:50:11","guid":{"rendered":"http:\/\/arantv.az\/?p=306766"},"modified":"2021-03-04T13:50:11","modified_gmt":"2021-03-04T10:50:11","slug":"qazil%c9%99rin-protez-ucun-xaric%c9%99-getm%c9%99sin%c9%99-ehtiyac-yoxdur-departament-direktoru","status":"publish","type":"post","link":"https:\/\/arantv.az\/?p=306766","title":{"rendered":"&#8220;Qazil\u0259rin protez \u00fc\u00e7\u00fcn xaric\u0259 getm\u0259sin\u0259 ehtiyac yoxdur&#8221; &#8211; Departament direktoru"},"content":{"rendered":"<blockquote><p><em><strong>V\u0259t\u0259n M\u00fcharib\u0259si qazil\u0259rinin protezl\u0259\u015fdirm\u0259 \u00fc\u00e7\u00fcn xarici \u00f6lk\u0259l\u0259r\u0259 getm\u0259sin\u0259 ehtiyac yoxdur.<\/strong><\/em><\/p><\/blockquote>\n<p><strong>ARANTV.AZ<\/strong> bildirir ki, bunu\u00a0<a href=\"https:\/\/az.trend.az\/\" target=\"_blank\" rel=\"noopener\">Trend<\/a>-\u0259 D\u00f6vl\u0259t Tibbi Sosial Ekspertiza v\u0259 Reabilitasiya Agentliyinin Reabilitasiya v\u0259 \u0130stehsalat\u0131n T\u0259\u015fkili Departamentinin direktoru \u00c7ingiz Hac\u0131yev deyib.<\/p>\n<p>Departament direktoru \u0259lav\u0259 edib ki, bunun \u00fc\u00e7\u00fcn Az\u0259rbaycanda kifay\u0259t q\u0259d\u0259r m\u00fct\u0259x\u0259ssis v\u0259 avadanl\u0131qlar var:<\/p>\n<p>&#8220;Protez Ortopedik \u0130stehsalat M\u0259rk\u0259zinin imkanlar\u0131 xaricind\u0259 olan he\u00e7 bir proses yoxdur. Biz tam keyfiyy\u0259t v\u0259 h\u0259cm olaraq, yaral\u0131lar\u0131 \u0259n yax\u015f\u0131 protezl\u0259rl\u0259 t\u0259min etm\u0259k iqtidar\u0131nday\u0131q. Az\u0259rbaycan\u0131n bug\u00fcnk\u00fc t\u0259l\u0259bat\u0131n\u0131 qar\u015f\u0131layacaq s\u0259viyy\u0259d\u0259yik&#8221;.<\/p>\n<p>\u00c7.Hac\u0131yev qeyd edib ki, protezl\u0259\u015fm\u0259y\u0259 ehtiyac\u0131 olmayan qazil\u0259rin d\u0259 m\u00fcalic\u0259y\u0259 g\u00f6r\u0259 xaric\u0259 getm\u0259sin\u0259 z\u0259rur\u0259t yoxdur.<\/p>\n<div>\n<div id=\"AdviadNativeVideo0\" class=\"AdviadNativeVideo\">\n<div class=\"adviad-inboard\">\n<div>\n<div id=\"teads0\" class=\"adviad-player\"><\/div>\n<\/div>\n<\/div>\n<\/div>\n<\/div>\n<p>Onun fikrinc\u0259, dig\u0259r \u0259lillik statusu alan qazil\u0259rl\u0259 ba\u011fl\u0131 b\u00fct\u00fcn reabilitasiya t\u0259dbirl\u0259rini daxili imkanlar hesab\u0131na h\u0259yata ke\u00e7irm\u0259k olar.<\/p>\n","protected":false},"excerpt":{"rendered":"<p>V\u0259t\u0259n M\u00fcharib\u0259si qazil\u0259rinin protezl\u0259\u015fdirm\u0259 \u00fc\u00e7\u00fcn xarici \u00f6lk\u0259l\u0259r\u0259 getm\u0259sin\u0259 ehtiyac yoxdur. ARANTV.AZ bildirir ki, bunu\u00a0Trend-\u0259 D\u00f6vl\u0259t Tibbi Sosial Ekspertiza v\u0259 Reabilitasiya Agentliyinin Reabilitasiya v\u0259 \u0130stehsalat\u0131n T\u0259\u015fkili Departamentinin direktoru \u00c7ingiz Hac\u0131yev deyib. Departament direktoru \u0259lav\u0259 edib ki, bunun \u00fc\u00e7\u00fcn Az\u0259rbaycanda kifay\u0259t q\u0259d\u0259r m\u00fct\u0259x\u0259ssis v\u0259 avadanl\u0131qlar var: &#8220;Protez Ortopedik \u0130stehsalat M\u0259rk\u0259zinin imkanlar\u0131 xaricind\u0259 olan he\u00e7 bir proses yoxdur. Biz tam keyfiyy\u0259t v\u0259 h\u0259cm olaraq, yaral\u0131lar\u0131 \u0259n yax\u015f\u0131 protezl\u0259rl\u0259 t\u0259min etm\u0259k iqtidar\u0131nday\u0131q. Az\u0259rbaycan\u0131n bug\u00fcnk\u00fc t\u0259l\u0259bat\u0131n\u0131 qar\u015f\u0131layacaq s\u0259viyy\u0259d\u0259yik&#8221;. \u00c7.Hac\u0131yev qeyd edib ki, protezl\u0259\u015fm\u0259y\u0259 ehtiyac\u0131 olmayan qazil\u0259rin d\u0259 m\u00fcalic\u0259y\u0259 g\u00f6r\u0259 xaric\u0259 getm\u0259sin\u0259 z\u0259rur\u0259t yoxdur. Onun fikrinc\u0259,&hellip;<\/p>\n","protected":false},"author":2,"featured_media":306767,"comment_status":"closed","ping_status":"closed","sticky":false,"template":"","format":"standard","meta":{"om_disable_all_campaigns":false,"_monsterinsights_skip_tracking":false,"_monsterinsights_sitenote_active":false,"_monsterinsights_sitenote_note":"","_monsterinsights_sitenote_category":0},"categories":[26],"tags":[],"aioseo_notices":[],"gutentor_comment":0,"rttpg_featured_image_url":{"full":["https:\/\/arantv.az\/wp-content\/uploads\/2021\/03\/927889.jpg",800,600,false],"landscape":["https:\/\/arantv.az\/wp-content\/uploads\/2021\/03\/927889.jpg",800,600,false],"portraits":["https:\/\/arantv.az\/wp-content\/uploads\/2021\/03\/927889.jpg",800,600,false],"thumbnail":["https:\/\/arantv.az\/wp-content\/uploads\/2021\/03\/927889-150x150.jpg",150,150,true],"medium":["https:\/\/arantv.az\/wp-content\/uploads\/2021\/03\/927889-300x225.jpg",300,225,true],"large":["https:\/\/arantv.az\/wp-content\/uploads\/2021\/03\/927889.jpg",640,480,false],"1536x1536":["https:\/\/arantv.az\/wp-content\/uploads\/2021\/03\/927889.jpg",800,600,false],"2048x2048":["https:\/\/arantv.az\/wp-content\/uploads\/2021\/03\/927889.jpg",800,600,false],"post-thumbnail":["https:\/\/arantv.az\/wp-content\/uploads\/2021\/03\/927889-240x172.jpg",240,172,true],"advps-thumb-one":["https:\/\/arantv.az\/wp-content\/uploads\/2021\/03\/927889.jpg",800,600,false]},"rttpg_author":{"display_name":"V\u00fcsal Rafiqo\u011flu","author_link":"https:\/\/arantv.az\/?author=2"},"rttpg_comment":0,"rttpg_category":"<a href=\"https:\/\/arantv.az\/?cat=26\" rel=\"category\">Sosial<\/a>","rttpg_excerpt":"V\u0259t\u0259n M\u00fcharib\u0259si qazil\u0259rinin protezl\u0259\u015fdirm\u0259 \u00fc\u00e7\u00fcn xarici \u00f6lk\u0259l\u0259r\u0259 getm\u0259sin\u0259 ehtiyac yoxdur. ARANTV.AZ bildirir ki, bunu\u00a0Trend-\u0259 D\u00f6vl\u0259t Tibbi Sosial Ekspertiza v\u0259 Reabilitasiya Agentliyinin Reabilitasiya v\u0259 \u0130stehsalat\u0131n T\u0259\u015fkili Departamentinin direktoru \u00c7ingiz Hac\u0131yev deyib. Departament direktoru \u0259lav\u0259 edib ki, bunun \u00fc\u00e7\u00fcn Az\u0259rbaycanda kifay\u0259t q\u0259d\u0259r m\u00fct\u0259x\u0259ssis v\u0259 avadanl\u0131qlar var: &#8220;Protez Ortopedik \u0130stehsalat M\u0259rk\u0259zinin imkanlar\u0131 xaricind\u0259 olan he\u00e7 bir proses yoxdur.&hellip;","_links":{"self":[{"href":"https:\/\/arantv.az\/index.php?rest_route=\/wp\/v2\/posts\/306766"}],"collection":[{"href":"https:\/\/arantv.az\/index.php?rest_route=\/wp\/v2\/posts"}],"about":[{"href":"https:\/\/arantv.az\/index.php?rest_route=\/wp\/v2\/types\/post"}],"author":[{"embeddable":true,"href":"https:\/\/arantv.az\/index.php?rest_route=\/wp\/v2\/users\/2"}],"replies":[{"embeddable":true,"href":"https:\/\/arantv.az\/index.php?rest_route=%2Fwp%2Fv2%2Fcomments&post=306766"}],"version-history":[{"count":0,"href":"https:\/\/arantv.az\/index.php?rest_route=\/wp\/v2\/posts\/306766\/revisions"}],"wp:featuredmedia":[{"embeddable":true,"href":"https:\/\/arantv.az\/index.php?rest_route=\/wp\/v2\/media\/306767"}],"wp:attachment":[{"href":"https:\/\/arantv.az\/index.php?rest_route=%2Fwp%2Fv2%2Fmedia&parent=306766"}],"wp:term":[{"taxonomy":"category","embeddable":true,"href":"https:\/\/arantv.az\/index.php?rest_route=%2Fwp%2Fv2%2Fcategories&post=306766"},{"taxonomy":"post_tag","embeddable":true,"href":"https:\/\/arantv.az\/index.php?rest_route=%2Fwp%2Fv2%2Ftags&post=306766"}],"curies":[{"name":"wp","href":"https:\/\/api.w.org\/{rel}","templated":true}]}}