{"id":306782,"date":"2021-03-04T13:54:31","date_gmt":"2021-03-04T10:54:31","guid":{"rendered":"http:\/\/arantv.az\/?p=306782"},"modified":"2021-03-04T13:54:31","modified_gmt":"2021-03-04T10:54:31","slug":"az%c9%99rbaycanla-erm%c9%99nistan-arasinda-s%c9%99rh%c9%99d-kecid-m%c9%99nt%c9%99q%c9%99l%c9%99ri-yaradilacaq-istiqam%c9%99tl%c9%99ri-aciqlanib","status":"publish","type":"post","link":"https:\/\/arantv.az\/?p=306782","title":{"rendered":"Az\u0259rbaycanla Erm\u0259nistan aras\u0131nda s\u0259rh\u0259d-ke\u00e7id m\u0259nt\u0259q\u0259l\u0259ri yarad\u0131lacaq- \u0130stiqam\u0259tl\u0259ri a\u00e7\u0131qlan\u0131b"},"content":{"rendered":"<p>\u201c\u0130\u015f\u011fadan azad edilmi\u015f \u0259razil\u0259rin b\u0259rpas\u0131 v\u0259 ticar\u0259tin h\u0259min b\u00f6lg\u0259d\u0259 d\u0259 apar\u0131lmas\u0131 il\u0259 ba\u011fl\u0131 \u0259n vacib m\u0259s\u0259l\u0259l\u0259rd\u0259n biri tranzit \u0259laq\u0259l\u0259rinin yarad\u0131lmas\u0131d\u0131r. G\u00f6mr\u00fck Komit\u0259si d\u0259 haz\u0131rda \u00fc\u00e7t\u0259r\u0259fli \u2013 Az\u0259rbaycan, Erm\u0259nistan v\u0259 Rusiya il\u0259 birg\u0259 postlar\u0131n yerinin v\u0259 ke\u00e7idinin m\u00fc\u0259yy\u0259nl\u0259\u015fdirilm\u0259si il\u0259 ba\u011fl\u0131 ke\u00e7irilmi\u015f komissiyan\u0131n bir ne\u00e7\u0259 iclas\u0131nda i\u015ftirak edib. Bu sah\u0259d\u0259 layih\u0259l\u0259rin \u00fcz\u0259rind\u0259 i\u015f gedir\u201d.<\/p>\n<p><strong>ARANTV.AZ\u00a0<\/strong> x\u0259b\u0259r verir ki, bunu D\u00f6vl\u0259t G\u00f6mr\u00fck Komit\u0259sinin s\u0259dri S\u0259f\u0259r Mehdiyev ke\u00e7irdiyi brifinqd\u0259 deyib.<\/p>\n<p>O deyib ki, Erm\u0259nistanla h\u0259m Nax\u00e7\u0131van, h\u0259m dig\u0259r istiqam\u0259tl\u0259rd\u0259 s\u0259rh\u0259d-ke\u00e7id m\u0259nt\u0259q\u0259l\u0259ri yarad\u0131lacaq.<\/p>\n<p>\u201cErm\u0259nistanla h\u0259m Nax\u00e7\u0131van, h\u0259m dig\u0259r istiqam\u0259tl\u0259rd\u0259 s\u0259rh\u0259d-ke\u00e7id m\u0259nt\u0259q\u0259l\u0259rinin m\u00fcvafiq yerl\u0259rind\u0259 h\u0259l\u0259 ki, \u00fcmumi tranzit qaydalar\u0131 \u00fcz\u0259rind\u0259 i\u015f getdiyind\u0259n onun yerl\u0259ri fikir s\u00f6yl\u0259y\u0259 bilm\u0259y\u0259c\u0259y\u0259m. \u018fn az\u0131ndan onu bilirik ki, bu koridor region d\u00f6vl\u0259tl\u0259rinin tranzit potensial\u0131n\u0131 qar\u015f\u0131lamaq \u00fc\u00e7\u00fcn yegan\u0259 \u0259n q\u0131sa v\u0259 ekonomik d\u0259hlizdir. Bu istiqam\u0259td\u0259 h\u0259m Nax\u00e7\u0131vana, h\u0259m d\u0259 Erm\u0259nistandan ba\u011flanan S\u0259d\u0259r\u0259k istiqam\u0259tind\u0259, Nax\u00e7\u0131vandan- Ordubaddan ba\u011flanan Erm\u0259nistan istiqam\u0259tind\u0259, \u00a0Erm\u0259nistandan t\u0259krar Z\u0259ngilan ba\u011flanan hiss\u0259d\u0259 g\u00f6mr\u00fck postlar\u0131 t\u0259\u015fkil olunacaq. Bundan \u0259lav\u0259 postlar\u0131n da a\u00e7\u0131lmas\u0131 ehtimal\u0131 var\u201d, -dey\u0259 S. Mehdiyev qeyd edib.<\/p>\n<p>&nbsp;<\/p>\n<p>&nbsp;<\/p>\n","protected":false},"excerpt":{"rendered":"<p>\u201c\u0130\u015f\u011fadan azad edilmi\u015f \u0259razil\u0259rin b\u0259rpas\u0131 v\u0259 ticar\u0259tin h\u0259min b\u00f6lg\u0259d\u0259 d\u0259 apar\u0131lmas\u0131 il\u0259 ba\u011fl\u0131 \u0259n vacib m\u0259s\u0259l\u0259l\u0259rd\u0259n biri tranzit \u0259laq\u0259l\u0259rinin yarad\u0131lmas\u0131d\u0131r. G\u00f6mr\u00fck Komit\u0259si d\u0259 haz\u0131rda \u00fc\u00e7t\u0259r\u0259fli \u2013 Az\u0259rbaycan, Erm\u0259nistan v\u0259 Rusiya il\u0259 birg\u0259 postlar\u0131n yerinin v\u0259 ke\u00e7idinin m\u00fc\u0259yy\u0259nl\u0259\u015fdirilm\u0259si il\u0259 ba\u011fl\u0131 ke\u00e7irilmi\u015f komissiyan\u0131n bir ne\u00e7\u0259 iclas\u0131nda i\u015ftirak edib. Bu sah\u0259d\u0259 layih\u0259l\u0259rin \u00fcz\u0259rind\u0259 i\u015f gedir\u201d. ARANTV.AZ\u00a0 x\u0259b\u0259r verir ki, bunu D\u00f6vl\u0259t G\u00f6mr\u00fck Komit\u0259sinin s\u0259dri S\u0259f\u0259r Mehdiyev ke\u00e7irdiyi brifinqd\u0259 deyib. O deyib ki, Erm\u0259nistanla h\u0259m Nax\u00e7\u0131van, h\u0259m dig\u0259r istiqam\u0259tl\u0259rd\u0259 s\u0259rh\u0259d-ke\u00e7id m\u0259nt\u0259q\u0259l\u0259ri yarad\u0131lacaq. \u201cErm\u0259nistanla h\u0259m Nax\u00e7\u0131van, h\u0259m dig\u0259r istiqam\u0259tl\u0259rd\u0259 s\u0259rh\u0259d-ke\u00e7id m\u0259nt\u0259q\u0259l\u0259rinin m\u00fcvafiq yerl\u0259rind\u0259 h\u0259l\u0259 ki,&hellip;<\/p>\n","protected":false},"author":2,"featured_media":306783,"comment_status":"closed","ping_status":"closed","sticky":false,"template":"","format":"standard","meta":{"om_disable_all_campaigns":false,"_monsterinsights_skip_tracking":false,"_monsterinsights_sitenote_active":false,"_monsterinsights_sitenote_note":"","_monsterinsights_sitenote_category":0},"categories":[19],"tags":[],"aioseo_notices":[],"gutentor_comment":0,"rttpg_featured_image_url":{"full":["https:\/\/arantv.az\/wp-content\/uploads\/2021\/03\/63b06bb219afbac16845059763939e65_49352_56.jpg",975,540,false],"landscape":["https:\/\/arantv.az\/wp-content\/uploads\/2021\/03\/63b06bb219afbac16845059763939e65_49352_56.jpg",975,540,false],"portraits":["https:\/\/arantv.az\/wp-content\/uploads\/2021\/03\/63b06bb219afbac16845059763939e65_49352_56.jpg",975,540,false],"thumbnail":["https:\/\/arantv.az\/wp-content\/uploads\/2021\/03\/63b06bb219afbac16845059763939e65_49352_56-150x150.jpg",150,150,true],"medium":["https:\/\/arantv.az\/wp-content\/uploads\/2021\/03\/63b06bb219afbac16845059763939e65_49352_56-300x166.jpg",300,166,true],"large":["https:\/\/arantv.az\/wp-content\/uploads\/2021\/03\/63b06bb219afbac16845059763939e65_49352_56.jpg",640,354,false],"1536x1536":["https:\/\/arantv.az\/wp-content\/uploads\/2021\/03\/63b06bb219afbac16845059763939e65_49352_56.jpg",975,540,false],"2048x2048":["https:\/\/arantv.az\/wp-content\/uploads\/2021\/03\/63b06bb219afbac16845059763939e65_49352_56.jpg",975,540,false],"post-thumbnail":["https:\/\/arantv.az\/wp-content\/uploads\/2021\/03\/63b06bb219afbac16845059763939e65_49352_56-240x172.jpg",240,172,true],"advps-thumb-one":["https:\/\/arantv.az\/wp-content\/uploads\/2021\/03\/63b06bb219afbac16845059763939e65_49352_56.jpg",975,540,false]},"rttpg_author":{"display_name":"V\u00fcsal Rafiqo\u011flu","author_link":"https:\/\/arantv.az\/?author=2"},"rttpg_comment":0,"rttpg_category":"<a href=\"https:\/\/arantv.az\/?cat=19\" rel=\"category\">G\u00fcnd\u0259m<\/a>","rttpg_excerpt":"\u201c\u0130\u015f\u011fadan azad edilmi\u015f \u0259razil\u0259rin b\u0259rpas\u0131 v\u0259 ticar\u0259tin h\u0259min b\u00f6lg\u0259d\u0259 d\u0259 apar\u0131lmas\u0131 il\u0259 ba\u011fl\u0131 \u0259n vacib m\u0259s\u0259l\u0259l\u0259rd\u0259n biri tranzit \u0259laq\u0259l\u0259rinin yarad\u0131lmas\u0131d\u0131r. G\u00f6mr\u00fck Komit\u0259si d\u0259 haz\u0131rda \u00fc\u00e7t\u0259r\u0259fli \u2013 Az\u0259rbaycan, Erm\u0259nistan v\u0259 Rusiya il\u0259 birg\u0259 postlar\u0131n yerinin v\u0259 ke\u00e7idinin m\u00fc\u0259yy\u0259nl\u0259\u015fdirilm\u0259si il\u0259 ba\u011fl\u0131 ke\u00e7irilmi\u015f komissiyan\u0131n bir ne\u00e7\u0259 iclas\u0131nda i\u015ftirak edib. Bu sah\u0259d\u0259 layih\u0259l\u0259rin \u00fcz\u0259rind\u0259 i\u015f gedir\u201d. ARANTV.AZ\u00a0 x\u0259b\u0259r verir&hellip;","_links":{"self":[{"href":"https:\/\/arantv.az\/index.php?rest_route=\/wp\/v2\/posts\/306782"}],"collection":[{"href":"https:\/\/arantv.az\/index.php?rest_route=\/wp\/v2\/posts"}],"about":[{"href":"https:\/\/arantv.az\/index.php?rest_route=\/wp\/v2\/types\/post"}],"author":[{"embeddable":true,"href":"https:\/\/arantv.az\/index.php?rest_route=\/wp\/v2\/users\/2"}],"replies":[{"embeddable":true,"href":"https:\/\/arantv.az\/index.php?rest_route=%2Fwp%2Fv2%2Fcomments&post=306782"}],"version-history":[{"count":0,"href":"https:\/\/arantv.az\/index.php?rest_route=\/wp\/v2\/posts\/306782\/revisions"}],"wp:featuredmedia":[{"embeddable":true,"href":"https:\/\/arantv.az\/index.php?rest_route=\/wp\/v2\/media\/306783"}],"wp:attachment":[{"href":"https:\/\/arantv.az\/index.php?rest_route=%2Fwp%2Fv2%2Fmedia&parent=306782"}],"wp:term":[{"taxonomy":"category","embeddable":true,"href":"https:\/\/arantv.az\/index.php?rest_route=%2Fwp%2Fv2%2Fcategories&post=306782"},{"taxonomy":"post_tag","embeddable":true,"href":"https:\/\/arantv.az\/index.php?rest_route=%2Fwp%2Fv2%2Ftags&post=306782"}],"curies":[{"name":"wp","href":"https:\/\/api.w.org\/{rel}","templated":true}]}}