{"id":307757,"date":"2021-03-05T14:48:04","date_gmt":"2021-03-05T11:48:04","guid":{"rendered":"http:\/\/arantv.az\/?p=307757"},"modified":"2021-03-05T14:48:04","modified_gmt":"2021-03-05T11:48:04","slug":"prezident-axc-musavat-cutluyu-ancaq-oz-maraqlarini-gudurdu","status":"publish","type":"post","link":"https:\/\/arantv.az\/?p=307757","title":{"rendered":"Prezident: \u201cAXC-M\u00fcsavat c\u00fctl\u00fcy\u00fc ancaq \u00f6z maraqlar\u0131n\u0131 g\u00fcd\u00fcrd\u00fc\u201d"},"content":{"rendered":"<p>Yeni Az\u0259rbaycan Partiyas\u0131n\u0131n yarad\u0131lmas\u0131 tarixi z\u0259rur\u0259t idi. O vaxt c\u0259sar\u0259tli, qorxmaz insanlar a\u00e7\u0131q-ayd\u0131n g\u00f6r\u00fcrd\u00fcl\u0259r ki, t\u0259z\u0259c\u0259 m\u00fcst\u0259qilliy\u0259 qovu\u015fmu\u015f g\u0259nc \u00f6lk\u0259miz b\u00f6y\u00fck f\u0259lak\u0259tl\u0259 \u00fcz-\u00fcz\u0259dir v\u0259 art\u0131q \u00f6lk\u0259d\u0259 ged\u0259n prosesl\u0259r idar\u0259olunmaz xarakter al\u0131b.<\/p>\n<p><strong>ARANTV.AZ\u00a0<\/strong> x\u0259b\u0259r verir ki, bu fikri Prezident, Yeni Az\u0259rbaycan Partiyas\u0131n\u0131n S\u0259dri \u0130lham \u018fliyev partiyan\u0131n VII qurultay\u0131ndak\u0131 \u00e7\u0131x\u0131\u015f\u0131nda s\u00f6yl\u0259yib.<\/p>\n<div id=\"AdviadNativeVideo0\" class=\"AdviadNativeVideo\"><\/div>\n<p>D\u00f6vl\u0259timizin ba\u015f\u00e7\u0131s\u0131 deyib: \u201cH\u0259rbi m\u0259\u011flubiyy\u0259t eyni zamanda, daxili b\u00f6hranla tamamlan\u0131r. \u00d6lk\u0259 daxilind\u0259 ged\u0259n xo\u015fag\u0259lm\u0259z prosesl\u0259r siyasi \u00e7\u0259ki\u015fm\u0259l\u0259r. Hakimiyy\u0259t u\u011frunda m\u00fcbariz\u0259 \u00f6lk\u0259mizin m\u00fcst\u0259qil \u00f6lk\u0259 kimi ya\u015famas\u0131n\u0131 sual alt\u0131na qoymu\u015fdu. O g\u00fcnl\u0259ri, o aylar\u0131 t\u0259s\u0259vv\u00fcr etm\u0259k \u00fc\u00e7\u00fcn bax bu g\u00fcn Erm\u0259nistanda ba\u015f ver\u0259n hadis\u0259l\u0259r\u0259 n\u0259z\u0259r yetirm\u0259k kifay\u0259tdir. Faktiki olaraq onun \u0259ksidir, \u00fcmidsizlik, total c\u0259miyy\u0259td\u0259 h\u00f6km s\u00fcr\u0259n apatiya, depressiya, he\u00e7 bir siyasi q\u00fcvv\u0259y\u0259 inam\u0131n olmamas\u0131, iqtidara inam\u0131n olmamas\u0131, m\u00fcxalif\u0259t\u0259 inam\u0131n olmamas\u0131, bax, bu, idi o vaxt Az\u0259rbaycan \u2013 g\u0259nc m\u00fcst\u0259qil Az\u0259rbaycan\u0131n m\u0259nz\u0259r\u0259si. Bel\u0259 olan v\u0259ziyy\u0259td\u0259 \u00f6lk\u0259 nec\u0259 inki\u015faf ed\u0259 bil\u0259rdi?!\u201d<\/p>\n<p>Prezident xat\u0131rlad\u0131b ki, torpaqlar\u0131m\u0131z \u0259ld\u0259n gedirdi, \u0259razi b\u00fct\u00f6vl\u00fcy\u00fcm\u00fcz pozulmu\u015fdu, Erm\u0259nistandan 300 mind\u0259n \u00e7ox az\u0259rbaycanl\u0131, Da\u011fl\u0131q Qaraba\u011fdan b\u00fct\u00fcn az\u0259rbaycanl\u0131lar qovulmu\u015fdu, \u015eu\u015fa v\u0259 La\u00e7\u0131n i\u015f\u011fal alt\u0131na d\u00fc\u015fm\u00fc\u015fd\u00fc, Da\u011fl\u0131q Qaraba\u011fla Erm\u0259nistan aras\u0131nda co\u011frafi ba\u011flant\u0131 yaranm\u0131\u015fd\u0131, qa\u00e7q\u0131nlar, k\u00f6\u00e7k\u00fcnl\u0259r yaranm\u0131\u015fd\u0131 v\u0259 g\u0259l\u0259c\u0259k \u00fc\u00e7\u00fcn, bu v\u0259ziyy\u0259ti d\u0259yi\u015fdirm\u0259k \u00fc\u00e7\u00fcn he\u00e7 bir \u0259sas yox idi.<\/p>\n<p>\u201cKim bu v\u0259ziyy\u0259ti d\u0259yi\u015fdir\u0259c\u0259kdi? O vaxt hakimiyy\u0259td\u0259 olan AXC-M\u00fcsavat c\u00fctl\u00fcy\u00fc ancaq \u00f6z maraqlar\u0131n\u0131 g\u00fcd\u00fcrd\u00fc. Hakimiyy\u0259t\u0259 g\u0259lmi\u015f t\u0259sad\u00fcfi adamlar eyn\u0259n Erm\u0259nistanda 2018-ci ild\u0259 hakimiyy\u0259t\u0259 g\u0259l\u0259n insanlarla, onlar el\u0259 bil ki, \u0259kiz qarda\u015fd\u0131rlar. T\u0259cr\u00fcb\u0259siz, biliksiz, m\u0259d\u0259niyy\u0259tsiz, s\u0259ri\u015ft\u0259siz, qorxaq, f\u0259rari, daha hans\u0131 epitet qald\u0131. \u0130st\u0259nil\u0259n m\u0259nfi epitet bunlara yara\u015f\u0131r. Bax, bunlar idi o vaxt Az\u0259rbaycan\u0131 idar\u0259 ed\u0259nl\u0259r\u201d, &#8211; dey\u0259 Prezident \u0130lham \u018fliyev \u0259lav\u0259 edib.AZ\u018fRTAC<\/p>\n","protected":false},"excerpt":{"rendered":"<p>Yeni Az\u0259rbaycan Partiyas\u0131n\u0131n yarad\u0131lmas\u0131 tarixi z\u0259rur\u0259t idi. O vaxt c\u0259sar\u0259tli, qorxmaz insanlar a\u00e7\u0131q-ayd\u0131n g\u00f6r\u00fcrd\u00fcl\u0259r ki, t\u0259z\u0259c\u0259 m\u00fcst\u0259qilliy\u0259 qovu\u015fmu\u015f g\u0259nc \u00f6lk\u0259miz b\u00f6y\u00fck f\u0259lak\u0259tl\u0259 \u00fcz-\u00fcz\u0259dir v\u0259 art\u0131q \u00f6lk\u0259d\u0259 ged\u0259n prosesl\u0259r idar\u0259olunmaz xarakter al\u0131b. ARANTV.AZ\u00a0 x\u0259b\u0259r verir ki, bu fikri Prezident, Yeni Az\u0259rbaycan Partiyas\u0131n\u0131n S\u0259dri \u0130lham \u018fliyev partiyan\u0131n VII qurultay\u0131ndak\u0131 \u00e7\u0131x\u0131\u015f\u0131nda s\u00f6yl\u0259yib. D\u00f6vl\u0259timizin ba\u015f\u00e7\u0131s\u0131 deyib: \u201cH\u0259rbi m\u0259\u011flubiyy\u0259t eyni zamanda, daxili b\u00f6hranla tamamlan\u0131r. \u00d6lk\u0259 daxilind\u0259 ged\u0259n xo\u015fag\u0259lm\u0259z prosesl\u0259r siyasi \u00e7\u0259ki\u015fm\u0259l\u0259r. Hakimiyy\u0259t u\u011frunda m\u00fcbariz\u0259 \u00f6lk\u0259mizin m\u00fcst\u0259qil \u00f6lk\u0259 kimi ya\u015famas\u0131n\u0131 sual alt\u0131na qoymu\u015fdu. O g\u00fcnl\u0259ri, o aylar\u0131 t\u0259s\u0259vv\u00fcr etm\u0259k \u00fc\u00e7\u00fcn bax bu g\u00fcn Erm\u0259nistanda ba\u015f ver\u0259n&hellip;<\/p>\n","protected":false},"author":2,"featured_media":307758,"comment_status":"closed","ping_status":"closed","sticky":false,"template":"","format":"standard","meta":{"om_disable_all_campaigns":false,"_monsterinsights_skip_tracking":false,"_monsterinsights_sitenote_active":false,"_monsterinsights_sitenote_note":"","_monsterinsights_sitenote_category":0},"categories":[4],"tags":[],"aioseo_notices":[],"gutentor_comment":0,"rttpg_featured_image_url":{"full":["https:\/\/arantv.az\/wp-content\/uploads\/2021\/03\/161493926752543073_1000x669.jpg",620,418,false],"landscape":["https:\/\/arantv.az\/wp-content\/uploads\/2021\/03\/161493926752543073_1000x669.jpg",620,418,false],"portraits":["https:\/\/arantv.az\/wp-content\/uploads\/2021\/03\/161493926752543073_1000x669.jpg",620,418,false],"thumbnail":["https:\/\/arantv.az\/wp-content\/uploads\/2021\/03\/161493926752543073_1000x669-150x150.jpg",150,150,true],"medium":["https:\/\/arantv.az\/wp-content\/uploads\/2021\/03\/161493926752543073_1000x669-300x202.jpg",300,202,true],"large":["https:\/\/arantv.az\/wp-content\/uploads\/2021\/03\/161493926752543073_1000x669.jpg",620,418,false],"1536x1536":["https:\/\/arantv.az\/wp-content\/uploads\/2021\/03\/161493926752543073_1000x669.jpg",620,418,false],"2048x2048":["https:\/\/arantv.az\/wp-content\/uploads\/2021\/03\/161493926752543073_1000x669.jpg",620,418,false],"post-thumbnail":["https:\/\/arantv.az\/wp-content\/uploads\/2021\/03\/161493926752543073_1000x669-240x172.jpg",240,172,true],"advps-thumb-one":["https:\/\/arantv.az\/wp-content\/uploads\/2021\/03\/161493926752543073_1000x669.jpg",620,418,false]},"rttpg_author":{"display_name":"V\u00fcsal Rafiqo\u011flu","author_link":"https:\/\/arantv.az\/?author=2"},"rttpg_comment":0,"rttpg_category":"<a href=\"https:\/\/arantv.az\/?cat=4\" rel=\"category\">Siyas\u0259t<\/a>","rttpg_excerpt":"Yeni Az\u0259rbaycan Partiyas\u0131n\u0131n yarad\u0131lmas\u0131 tarixi z\u0259rur\u0259t idi. O vaxt c\u0259sar\u0259tli, qorxmaz insanlar a\u00e7\u0131q-ayd\u0131n g\u00f6r\u00fcrd\u00fcl\u0259r ki, t\u0259z\u0259c\u0259 m\u00fcst\u0259qilliy\u0259 qovu\u015fmu\u015f g\u0259nc \u00f6lk\u0259miz b\u00f6y\u00fck f\u0259lak\u0259tl\u0259 \u00fcz-\u00fcz\u0259dir v\u0259 art\u0131q \u00f6lk\u0259d\u0259 ged\u0259n prosesl\u0259r idar\u0259olunmaz xarakter al\u0131b. ARANTV.AZ\u00a0 x\u0259b\u0259r verir ki, bu fikri Prezident, Yeni Az\u0259rbaycan Partiyas\u0131n\u0131n S\u0259dri \u0130lham \u018fliyev partiyan\u0131n VII qurultay\u0131ndak\u0131 \u00e7\u0131x\u0131\u015f\u0131nda s\u00f6yl\u0259yib. D\u00f6vl\u0259timizin ba\u015f\u00e7\u0131s\u0131 deyib: \u201cH\u0259rbi m\u0259\u011flubiyy\u0259t eyni&hellip;","_links":{"self":[{"href":"https:\/\/arantv.az\/index.php?rest_route=\/wp\/v2\/posts\/307757"}],"collection":[{"href":"https:\/\/arantv.az\/index.php?rest_route=\/wp\/v2\/posts"}],"about":[{"href":"https:\/\/arantv.az\/index.php?rest_route=\/wp\/v2\/types\/post"}],"author":[{"embeddable":true,"href":"https:\/\/arantv.az\/index.php?rest_route=\/wp\/v2\/users\/2"}],"replies":[{"embeddable":true,"href":"https:\/\/arantv.az\/index.php?rest_route=%2Fwp%2Fv2%2Fcomments&post=307757"}],"version-history":[{"count":0,"href":"https:\/\/arantv.az\/index.php?rest_route=\/wp\/v2\/posts\/307757\/revisions"}],"wp:featuredmedia":[{"embeddable":true,"href":"https:\/\/arantv.az\/index.php?rest_route=\/wp\/v2\/media\/307758"}],"wp:attachment":[{"href":"https:\/\/arantv.az\/index.php?rest_route=%2Fwp%2Fv2%2Fmedia&parent=307757"}],"wp:term":[{"taxonomy":"category","embeddable":true,"href":"https:\/\/arantv.az\/index.php?rest_route=%2Fwp%2Fv2%2Fcategories&post=307757"},{"taxonomy":"post_tag","embeddable":true,"href":"https:\/\/arantv.az\/index.php?rest_route=%2Fwp%2Fv2%2Ftags&post=307757"}],"curies":[{"name":"wp","href":"https:\/\/api.w.org\/{rel}","templated":true}]}}