{"id":307765,"date":"2021-03-05T14:59:55","date_gmt":"2021-03-05T11:59:55","guid":{"rendered":"http:\/\/arantv.az\/?p=307765"},"modified":"2021-03-05T14:59:55","modified_gmt":"2021-03-05T11:59:55","slug":"xristianliq-tarixind%c9%99-ilk-d%c9%99f%c9%99-roma-papasi-iraqda-foto-video","status":"publish","type":"post","link":"https:\/\/arantv.az\/?p=307765","title":{"rendered":"Xristianl\u0131q tarixind\u0259 ilk d\u0259f\u0259: Roma Papas\u0131 \u0130raqda &#8211; FOTO\/V\u0130DEO"},"content":{"rendered":"<p>Katolikl\u0259rin dini lideri v\u0259 Vatikan d\u00f6vl\u0259t ba\u015f\u00e7\u0131s\u0131 Papa Fransisk art\u0131q Ba\u011fdaddad\u0131r.<\/p>\n<p>Bu bar\u0259d\u0259 \u201cR\u0130A Novosti\u201d x\u0259b\u0259r yay\u0131b.<\/p>\n<p>Bildirilir ki, bu, 2013-c\u00fc ild\u0259 onun Papa Fransiskin 33-c\u00fc xarici s\u0259f\u0259rdir.<\/p>\n<div id=\"AdviadNativeVideo0\" class=\"AdviadNativeVideo\"><\/div>\n<p>Eyni zamanda Fransisk Roma Katolik Kils\u0259sinin \u0130raq\u0131 ziyar\u0259t ed\u0259n ilk ba\u015f\u00e7\u0131s\u0131 olacaq.<\/p>\n<p>S\u0259f\u0259r mart\u0131n 8-n\u0259 q\u0259d\u0259r davam ed\u0259c\u0259k.<\/p>\n<div><iframe loading=\"lazy\" src=\"https:\/\/www.youtube.com\/embed\/TPIdasD4K8M\" width=\"560\" height=\"315\" frameborder=\"0\" allowfullscreen=\"allowfullscreen\" data-mce-fragment=\"1\"><\/iframe><\/div>\n<p>Proqram \u00e7\u0259r\u00e7iv\u0259sind\u0259 ilk s\u0259f\u0259r Ba\u011fdada, mart\u0131n 6-da N\u0259c\u0259f v\u0259 Ura, mart\u0131n 7-d\u0259 \u018frbil \u015f\u0259h\u0259rl\u0259rin\u0259 olacaq. Mosul v\u0259 Qaraqu\u015fa s\u0259f\u0259rd\u0259n sonra, mart\u0131n 8-d\u0259 Papa Vatikana qay\u0131dacaq.<\/p>\n<div class=\"gallery\">\n<div class=\"gallery-i\"><img src=\"https:\/\/cdn.oxu.az\/uploads\/W1siZiIsIjIwMjEvMDMvMDUvMTUvNDkvNTcvNGVlODlhZWQtNGFlOS00ZmMzLTk0NjItOGI4YjJhNjljOGJiL3Bob3RvXzIwMjEtMDMtMDVfMTAtNTItNTEgKDIpLmpwZyJdLFsicCIsImVuY29kZSIsImpwZyIsIi1xdWFsaXR5IDgwIl0sWyJwIiwidGh1bWIiLCI1OTB4NTkwXHUwMDNlIl1d?sha=32d4de1a3b1d7fc3\" alt=\"\" \/><\/p>\n<div class=\"gallery-i-caption\"><\/div>\n<\/div>\n<div class=\"gallery-i\"><img src=\"https:\/\/cdn.oxu.az\/uploads\/W1siZiIsIjIwMjEvMDMvMDUvMTUvNDkvNTcvYTE4MjJkNTctODhhMS00OGZlLTlhOTctNTNmYTE4NjljZWUzL3Bob3RvXzIwMjEtMDMtMDVfMTAtNTItNTEuanBnIl0sWyJwIiwiZW5jb2RlIiwianBnIiwiLXF1YWxpdHkgODAiXSxbInAiLCJ0aHVtYiIsIjU5MHg1OTBcdTAwM2UiXV0?sha=2b330a1aa565d992\" alt=\"\" \/><\/p>\n<div class=\"gallery-i-caption\"><\/div>\n<\/div>\n<div class=\"gallery-i\"><img src=\"https:\/\/cdn.oxu.az\/uploads\/W1siZiIsIjIwMjEvMDMvMDUvMTUvNDkvNTcvMTkxY2Y0MmItZTVkZS00NDU4LTgyZGItY2U0ZmIwM2RkNzA5L3Bob3RvXzIwMjEtMDMtMDVfMTUtMTYtNDAgKDIpLmpwZyJdLFsicCIsImVuY29kZSIsImpwZyIsIi1xdWFsaXR5IDgwIl0sWyJwIiwidGh1bWIiLCI1OTB4NTkwXHUwMDNlIl1d?sha=1e1e6839ab4c1dc6\" alt=\"\" \/><\/p>\n<div class=\"gallery-i-caption\"><\/div>\n<\/div>\n<div class=\"gallery-i\"><img src=\"https:\/\/cdn.oxu.az\/uploads\/W1siZiIsIjIwMjEvMDMvMDUvMTUvNDkvNTgvNzNjNzlmYjgtMDczZS00NjY1LWI4ZWMtZmYyODRmMjUxMWVhL3Bob3RvXzIwMjEtMDMtMDVfMTUtMTYtNDAuanBnIl0sWyJwIiwiZW5jb2RlIiwianBnIiwiLXF1YWxpdHkgODAiXSxbInAiLCJ0aHVtYiIsIjU5MHg1OTBcdTAwM2UiXV0?sha=75ceeefba797f961\" alt=\"\" \/><\/p>\n<div class=\"gallery-i-caption\"><\/div>\n<\/div>\n<div class=\"gallery-i\"><img src=\"https:\/\/cdn.oxu.az\/uploads\/W1siZiIsIjIwMjEvMDMvMDUvMTUvNDkvNTgvYjA0Yzk5NWYtM2ZmZS00YjFjLThmYTgtN2NlZjgyYjdiMjJkL1BvcGUuanBnIl0sWyJwIiwiZW5jb2RlIiwianBnIiwiLXF1YWxpdHkgODAiXSxbInAiLCJ0aHVtYiIsIjU5MHg1OTBcdTAwM2UiXV0?sha=a19870f35f5664cc\" alt=\"\" \/><\/div>\n<\/div>\n","protected":false},"excerpt":{"rendered":"<p>Katolikl\u0259rin dini lideri v\u0259 Vatikan d\u00f6vl\u0259t ba\u015f\u00e7\u0131s\u0131 Papa Fransisk art\u0131q Ba\u011fdaddad\u0131r. Bu bar\u0259d\u0259 \u201cR\u0130A Novosti\u201d x\u0259b\u0259r yay\u0131b. Bildirilir ki, bu, 2013-c\u00fc ild\u0259 onun Papa Fransiskin 33-c\u00fc xarici s\u0259f\u0259rdir. Eyni zamanda Fransisk Roma Katolik Kils\u0259sinin \u0130raq\u0131 ziyar\u0259t ed\u0259n ilk ba\u015f\u00e7\u0131s\u0131 olacaq. S\u0259f\u0259r mart\u0131n 8-n\u0259 q\u0259d\u0259r davam ed\u0259c\u0259k. Proqram \u00e7\u0259r\u00e7iv\u0259sind\u0259 ilk s\u0259f\u0259r Ba\u011fdada, mart\u0131n 6-da N\u0259c\u0259f v\u0259 Ura, mart\u0131n 7-d\u0259 \u018frbil \u015f\u0259h\u0259rl\u0259rin\u0259 olacaq. Mosul v\u0259 Qaraqu\u015fa s\u0259f\u0259rd\u0259n sonra, mart\u0131n 8-d\u0259 Papa Vatikana qay\u0131dacaq.<\/p>\n","protected":false},"author":2,"featured_media":307766,"comment_status":"closed","ping_status":"closed","sticky":false,"template":"","format":"standard","meta":{"om_disable_all_campaigns":false,"_monsterinsights_skip_tracking":false,"_monsterinsights_sitenote_active":false,"_monsterinsights_sitenote_note":"","_monsterinsights_sitenote_category":0},"categories":[24],"tags":[],"aioseo_notices":[],"gutentor_comment":0,"rttpg_featured_image_url":{"full":["https:\/\/arantv.az\/wp-content\/uploads\/2021\/03\/Pope.jpg",620,413,false],"landscape":["https:\/\/arantv.az\/wp-content\/uploads\/2021\/03\/Pope.jpg",620,413,false],"portraits":["https:\/\/arantv.az\/wp-content\/uploads\/2021\/03\/Pope.jpg",620,413,false],"thumbnail":["https:\/\/arantv.az\/wp-content\/uploads\/2021\/03\/Pope-150x150.jpg",150,150,true],"medium":["https:\/\/arantv.az\/wp-content\/uploads\/2021\/03\/Pope-300x200.jpg",300,200,true],"large":["https:\/\/arantv.az\/wp-content\/uploads\/2021\/03\/Pope.jpg",620,413,false],"1536x1536":["https:\/\/arantv.az\/wp-content\/uploads\/2021\/03\/Pope.jpg",620,413,false],"2048x2048":["https:\/\/arantv.az\/wp-content\/uploads\/2021\/03\/Pope.jpg",620,413,false],"post-thumbnail":["https:\/\/arantv.az\/wp-content\/uploads\/2021\/03\/Pope-240x172.jpg",240,172,true],"advps-thumb-one":["https:\/\/arantv.az\/wp-content\/uploads\/2021\/03\/Pope.jpg",620,413,false]},"rttpg_author":{"display_name":"V\u00fcsal Rafiqo\u011flu","author_link":"https:\/\/arantv.az\/?author=2"},"rttpg_comment":0,"rttpg_category":"<a href=\"https:\/\/arantv.az\/?cat=24\" rel=\"category\">Maraql\u0131<\/a>","rttpg_excerpt":"Katolikl\u0259rin dini lideri v\u0259 Vatikan d\u00f6vl\u0259t ba\u015f\u00e7\u0131s\u0131 Papa Fransisk art\u0131q Ba\u011fdaddad\u0131r. Bu bar\u0259d\u0259 \u201cR\u0130A Novosti\u201d x\u0259b\u0259r yay\u0131b. Bildirilir ki, bu, 2013-c\u00fc ild\u0259 onun Papa Fransiskin 33-c\u00fc xarici s\u0259f\u0259rdir. Eyni zamanda Fransisk Roma Katolik Kils\u0259sinin \u0130raq\u0131 ziyar\u0259t ed\u0259n ilk ba\u015f\u00e7\u0131s\u0131 olacaq. S\u0259f\u0259r mart\u0131n 8-n\u0259 q\u0259d\u0259r davam ed\u0259c\u0259k. Proqram \u00e7\u0259r\u00e7iv\u0259sind\u0259 ilk s\u0259f\u0259r Ba\u011fdada, mart\u0131n 6-da N\u0259c\u0259f v\u0259&hellip;","_links":{"self":[{"href":"https:\/\/arantv.az\/index.php?rest_route=\/wp\/v2\/posts\/307765"}],"collection":[{"href":"https:\/\/arantv.az\/index.php?rest_route=\/wp\/v2\/posts"}],"about":[{"href":"https:\/\/arantv.az\/index.php?rest_route=\/wp\/v2\/types\/post"}],"author":[{"embeddable":true,"href":"https:\/\/arantv.az\/index.php?rest_route=\/wp\/v2\/users\/2"}],"replies":[{"embeddable":true,"href":"https:\/\/arantv.az\/index.php?rest_route=%2Fwp%2Fv2%2Fcomments&post=307765"}],"version-history":[{"count":0,"href":"https:\/\/arantv.az\/index.php?rest_route=\/wp\/v2\/posts\/307765\/revisions"}],"wp:featuredmedia":[{"embeddable":true,"href":"https:\/\/arantv.az\/index.php?rest_route=\/wp\/v2\/media\/307766"}],"wp:attachment":[{"href":"https:\/\/arantv.az\/index.php?rest_route=%2Fwp%2Fv2%2Fmedia&parent=307765"}],"wp:term":[{"taxonomy":"category","embeddable":true,"href":"https:\/\/arantv.az\/index.php?rest_route=%2Fwp%2Fv2%2Fcategories&post=307765"},{"taxonomy":"post_tag","embeddable":true,"href":"https:\/\/arantv.az\/index.php?rest_route=%2Fwp%2Fv2%2Ftags&post=307765"}],"curies":[{"name":"wp","href":"https:\/\/api.w.org\/{rel}","templated":true}]}}