{"id":307773,"date":"2021-03-05T15:12:03","date_gmt":"2021-03-05T12:12:03","guid":{"rendered":"http:\/\/arantv.az\/?p=307773"},"modified":"2021-03-05T15:12:03","modified_gmt":"2021-03-05T12:12:03","slug":"v%c9%99t%c9%99n-muharib%c9%99si-qazisi-azadliga-buraxildi","status":"publish","type":"post","link":"https:\/\/arantv.az\/?p=307773","title":{"rendered":"V\u0259t\u0259n m\u00fcharib\u0259si qazisi azadl\u0131\u011fa burax\u0131ld\u0131"},"content":{"rendered":"<p>Bu g\u00fcn \u015eirvan Apelyasiya m\u0259hk\u0259m\u0259sind\u0259 m\u00fcharib\u0259d\u0259n \u0259vv\u0259l o\u011furluqda t\u0259qsirl\u0259ndiril\u0259n qazi Ayd\u0131n A\u011fazad\u0259nin m\u0259hk\u0259m\u0259 q\u0259rar\u0131ndan d\u00f6vl\u0259t ittiham\u00e7\u0131s\u0131 t\u0259r\u0259find\u0259n veril\u0259n apelyasiya protestin\u0259 bax\u0131l\u0131b.<\/p>\n<p>Bununla ba\u011fl\u0131 Ba\u015f Prokurorluq m\u0259lumat yay\u0131b.<\/p>\n<p>Bildirib ki, hakim Rafiq C\u0259f\u0259rovun s\u0259drliyi il\u0259 ke\u00e7iril\u0259n prosesd\u0259 q\u0259rar elan olunub. Q\u0259rara \u0259sas\u0259n, prokurorun apelyasiya protesti t\u0259min edilib, C\u0259lilabad rayon sakini A\u011fazad\u0259 Ayd\u0131n N\u0259bi o\u011flu azadl\u0131\u011fa burax\u0131l\u0131b.<\/p>\n<div id=\"AdviadNativeVideo0\" class=\"AdviadNativeVideo\"><\/div>\n<p>C\u0259lilabad rayon m\u0259hk\u0259m\u0259sinin 2 fevral 2021-ci il tarixli h\u00f6km\u00fc il\u0259 Ayd\u0131n A\u011fazad\u0259 Cinay\u0259t M\u0259c\u0259ll\u0259sinin 234.2 (sat\u0131\u015f m\u0259qs\u0259dil\u0259 narkotik madd\u0259l\u0259ri da\u015f\u0131ma), 177.2.1 (o\u011furluq; qabaqcadan \u0259lbir olan bir qrup \u015f\u0259xs t\u0259r\u0259find\u0259n t\u00f6r\u0259dildikd\u0259) v\u0259 177.2.3-c\u00fc (o\u011furluq; ya\u015fay\u0131\u015f sah\u0259sin\u0259 qanunsuz daxil olmaqla t\u00f6r\u0259dildikd\u0259) madd\u0259l\u0259ri il\u0259 t\u0259qsirl\u0259ndiril\u0259r\u0259k 4 il 3 ay m\u00fcdd\u0259tin\u0259 azadl\u0131qdan m\u0259hrumetm\u0259 c\u0259zas\u0131na m\u0259hkum edilmi\u015fdi.<\/p>\n<p>Cinay\u0259t i\u015fi Ba\u015f Prokurorlu\u011fun r\u0259hb\u0259rliyinin tap\u015f\u0131r\u0131\u011f\u0131 \u0259sas\u0131nda \u00f6yr\u0259nil\u0259rk\u0259n t\u0259qsirl\u0259ndiril\u0259n \u015f\u0259xs Ayd\u0131n A\u011fazad\u0259y\u0259 elan edilmi\u015f ittiham\u0131n m\u0259hk\u0259m\u0259 istintaq\u0131 zaman\u0131 tam t\u0259sdiq edildiyi m\u00fc\u0259yy\u0259n edilib.<\/p>\n<p>Bununla bel\u0259, t\u0259qsirl\u0259ndiril\u0259n \u015f\u0259xs Ayd\u0131n A\u011fazad\u0259nin V\u0259t\u0259n u\u011frunda ged\u0259n d\u00f6y\u00fc\u015fl\u0259rd\u0259 i\u015ftirak\u0131, g\u00f6st\u0259rdiyi \u015f\u00fcca\u0259t\u0259 g\u00f6r\u0259 d\u00f6vl\u0259t t\u0259ltifl\u0259rin\u0259 layiq g\u00f6r\u00fclm\u0259si y\u00fcng\u00fcll\u0259\u015fdirici hal kimi n\u0259z\u0259r\u0259 al\u0131nmaqla, A.A\u011fazad\u0259nin c\u0259zas\u0131n\u0131n y\u00fcng\u00fcll\u0259\u015fdirilm\u0259si m\u0259qs\u0259dil\u0259 Ba\u015f Prokurorun m\u00fcavini t\u0259r\u0259find\u0259n 12 fevral 2021-ci il tarixd\u0259 apelyasiya protesti verilib.<\/p>\n","protected":false},"excerpt":{"rendered":"<p>Bu g\u00fcn \u015eirvan Apelyasiya m\u0259hk\u0259m\u0259sind\u0259 m\u00fcharib\u0259d\u0259n \u0259vv\u0259l o\u011furluqda t\u0259qsirl\u0259ndiril\u0259n qazi Ayd\u0131n A\u011fazad\u0259nin m\u0259hk\u0259m\u0259 q\u0259rar\u0131ndan d\u00f6vl\u0259t ittiham\u00e7\u0131s\u0131 t\u0259r\u0259find\u0259n veril\u0259n apelyasiya protestin\u0259 bax\u0131l\u0131b. Bununla ba\u011fl\u0131 Ba\u015f Prokurorluq m\u0259lumat yay\u0131b. Bildirib ki, hakim Rafiq C\u0259f\u0259rovun s\u0259drliyi il\u0259 ke\u00e7iril\u0259n prosesd\u0259 q\u0259rar elan olunub. Q\u0259rara \u0259sas\u0259n, prokurorun apelyasiya protesti t\u0259min edilib, C\u0259lilabad rayon sakini A\u011fazad\u0259 Ayd\u0131n N\u0259bi o\u011flu azadl\u0131\u011fa burax\u0131l\u0131b. C\u0259lilabad rayon m\u0259hk\u0259m\u0259sinin 2 fevral 2021-ci il tarixli h\u00f6km\u00fc il\u0259 Ayd\u0131n A\u011fazad\u0259 Cinay\u0259t M\u0259c\u0259ll\u0259sinin 234.2 (sat\u0131\u015f m\u0259qs\u0259dil\u0259 narkotik madd\u0259l\u0259ri da\u015f\u0131ma), 177.2.1 (o\u011furluq; qabaqcadan \u0259lbir olan bir qrup \u015f\u0259xs t\u0259r\u0259find\u0259n t\u00f6r\u0259dildikd\u0259) v\u0259 177.2.3-c\u00fc (o\u011furluq; ya\u015fay\u0131\u015f sah\u0259sin\u0259&hellip;<\/p>\n","protected":false},"author":2,"featured_media":307774,"comment_status":"closed","ping_status":"closed","sticky":false,"template":"","format":"standard","meta":{"om_disable_all_campaigns":false,"_monsterinsights_skip_tracking":false,"_monsterinsights_sitenote_active":false,"_monsterinsights_sitenote_note":"","_monsterinsights_sitenote_category":0},"categories":[26],"tags":[],"aioseo_notices":[],"gutentor_comment":0,"rttpg_featured_image_url":{"full":["https:\/\/arantv.az\/wp-content\/uploads\/2021\/03\/bc5345c2-4666-489f-9d13-6a1975399950.jpg",620,437,false],"landscape":["https:\/\/arantv.az\/wp-content\/uploads\/2021\/03\/bc5345c2-4666-489f-9d13-6a1975399950.jpg",620,437,false],"portraits":["https:\/\/arantv.az\/wp-content\/uploads\/2021\/03\/bc5345c2-4666-489f-9d13-6a1975399950.jpg",620,437,false],"thumbnail":["https:\/\/arantv.az\/wp-content\/uploads\/2021\/03\/bc5345c2-4666-489f-9d13-6a1975399950-150x150.jpg",150,150,true],"medium":["https:\/\/arantv.az\/wp-content\/uploads\/2021\/03\/bc5345c2-4666-489f-9d13-6a1975399950-300x211.jpg",300,211,true],"large":["https:\/\/arantv.az\/wp-content\/uploads\/2021\/03\/bc5345c2-4666-489f-9d13-6a1975399950.jpg",620,437,false],"1536x1536":["https:\/\/arantv.az\/wp-content\/uploads\/2021\/03\/bc5345c2-4666-489f-9d13-6a1975399950.jpg",620,437,false],"2048x2048":["https:\/\/arantv.az\/wp-content\/uploads\/2021\/03\/bc5345c2-4666-489f-9d13-6a1975399950.jpg",620,437,false],"post-thumbnail":["https:\/\/arantv.az\/wp-content\/uploads\/2021\/03\/bc5345c2-4666-489f-9d13-6a1975399950-240x172.jpg",240,172,true],"advps-thumb-one":["https:\/\/arantv.az\/wp-content\/uploads\/2021\/03\/bc5345c2-4666-489f-9d13-6a1975399950.jpg",620,437,false]},"rttpg_author":{"display_name":"V\u00fcsal Rafiqo\u011flu","author_link":"https:\/\/arantv.az\/?author=2"},"rttpg_comment":0,"rttpg_category":"<a href=\"https:\/\/arantv.az\/?cat=26\" rel=\"category\">Sosial<\/a>","rttpg_excerpt":"Bu g\u00fcn \u015eirvan Apelyasiya m\u0259hk\u0259m\u0259sind\u0259 m\u00fcharib\u0259d\u0259n \u0259vv\u0259l o\u011furluqda t\u0259qsirl\u0259ndiril\u0259n qazi Ayd\u0131n A\u011fazad\u0259nin m\u0259hk\u0259m\u0259 q\u0259rar\u0131ndan d\u00f6vl\u0259t ittiham\u00e7\u0131s\u0131 t\u0259r\u0259find\u0259n veril\u0259n apelyasiya protestin\u0259 bax\u0131l\u0131b. Bununla ba\u011fl\u0131 Ba\u015f Prokurorluq m\u0259lumat yay\u0131b. Bildirib ki, hakim Rafiq C\u0259f\u0259rovun s\u0259drliyi il\u0259 ke\u00e7iril\u0259n prosesd\u0259 q\u0259rar elan olunub. Q\u0259rara \u0259sas\u0259n, prokurorun apelyasiya protesti t\u0259min edilib, C\u0259lilabad rayon sakini A\u011fazad\u0259 Ayd\u0131n N\u0259bi o\u011flu azadl\u0131\u011fa burax\u0131l\u0131b.&hellip;","_links":{"self":[{"href":"https:\/\/arantv.az\/index.php?rest_route=\/wp\/v2\/posts\/307773"}],"collection":[{"href":"https:\/\/arantv.az\/index.php?rest_route=\/wp\/v2\/posts"}],"about":[{"href":"https:\/\/arantv.az\/index.php?rest_route=\/wp\/v2\/types\/post"}],"author":[{"embeddable":true,"href":"https:\/\/arantv.az\/index.php?rest_route=\/wp\/v2\/users\/2"}],"replies":[{"embeddable":true,"href":"https:\/\/arantv.az\/index.php?rest_route=%2Fwp%2Fv2%2Fcomments&post=307773"}],"version-history":[{"count":0,"href":"https:\/\/arantv.az\/index.php?rest_route=\/wp\/v2\/posts\/307773\/revisions"}],"wp:featuredmedia":[{"embeddable":true,"href":"https:\/\/arantv.az\/index.php?rest_route=\/wp\/v2\/media\/307774"}],"wp:attachment":[{"href":"https:\/\/arantv.az\/index.php?rest_route=%2Fwp%2Fv2%2Fmedia&parent=307773"}],"wp:term":[{"taxonomy":"category","embeddable":true,"href":"https:\/\/arantv.az\/index.php?rest_route=%2Fwp%2Fv2%2Fcategories&post=307773"},{"taxonomy":"post_tag","embeddable":true,"href":"https:\/\/arantv.az\/index.php?rest_route=%2Fwp%2Fv2%2Ftags&post=307773"}],"curies":[{"name":"wp","href":"https:\/\/api.w.org\/{rel}","templated":true}]}}