{"id":307777,"date":"2021-03-05T15:12:42","date_gmt":"2021-03-05T12:12:42","guid":{"rendered":"http:\/\/arantv.az\/?p=307777"},"modified":"2021-03-05T15:12:42","modified_gmt":"2021-03-05T12:12:42","slug":"ekspert-bu-avtomobill%c9%99rin-gomruk-rusumu-azaldilacaq-video","status":"publish","type":"post","link":"https:\/\/arantv.az\/?p=307777","title":{"rendered":"Ekspert: \u201cBu avtomobill\u0259rin g\u00f6mr\u00fck r\u00fcsumu azald\u0131lacaq\u201d &#8211; V\u0130DEO"},"content":{"rendered":"<article class=\"news\">\n<div class=\"news-inner\">\n<p>Yax\u0131n zamanlarda ekoloji t\u0259miz avtomobill\u0259rin g\u00f6mr\u00fck r\u00fcsumu azald\u0131la bil\u0259r.<br \/>\nBunu \u201cARB 24\u201d\u00fcn \u201cN\u0259 ba\u015f verir?\u201d verili\u015fin\u0259 m\u00fcsahib\u0259sind\u0259 n\u0259qliyyat \u00fczr\u0259 ekspert Eld\u0259niz C\u0259f\u0259rov deyib.<\/p>\n<p>Ekspert bildirib ki, r\u00fcsumlar\u0131n azald\u0131lmas\u0131 \u201cAz\u0259rbaycan Respublikas\u0131nda yol h\u0259r\u0259k\u0259tinin t\u0259hl\u00fck\u0259sizliyin\u0259 dair 2019-2023-c\u00fc ill\u0259r \u00fc\u00e7\u00fcn D\u00f6vl\u0259t Proqram\u0131\u201dna \u0259sas\u0259n t\u0259tbiq edil\u0259 bil\u0259r:<br \/>\n\u201cBu g\u00fcn v\u0259t\u0259nda\u015flar ilk n\u00f6vb\u0259d\u0259 ekoloji t\u0259miz avtomobill\u0259ri alma\u011fa can at\u0131r. B\u0259zi v\u0259t\u0259nda\u015flar is\u0259 maddi imkan\u0131 \u00e7atmad\u0131\u011f\u0131 \u00fc\u00e7\u00fcn bu avtomobill\u0259rd\u0259n imtina edir.<\/p>\n<div id=\"AdviadNativeVideo0\" class=\"AdviadNativeVideo\"><\/div>\n<p>Hesab edir\u0259m ki, v\u0259t\u0259nda\u015flar\u0131m\u0131z ekologiyaya z\u0259r\u0259r verm\u0259y\u0259n, q\u0259na\u0259tcil avtomobill\u0259r\u0259 \u00fcst\u00fcnl\u00fck verirs\u0259, h\u00f6kum\u0259t d\u0259 buna d\u0259st\u0259k olmal\u0131 v\u0259 stimulla\u015fd\u0131r\u0131c\u0131 add\u0131mlar atmal\u0131d\u0131r. Bu add\u0131mlar ondan ibar\u0259t olmal\u0131d\u0131r ki, bel\u0259 avtomobil alanlara banklar avtokreditl\u0259\u015fm\u0259d\u0259 g\u00fcz\u0259\u015ft etm\u0259li, s\u0131\u011forta qiym\u0259tl\u0259ri v\u0259 g\u00f6mr\u00fck r\u00fcsumlar\u0131 azald\u0131lmal\u0131d\u0131r. Bu g\u00fcz\u0259\u015ftl\u0259r\u0259 gedilm\u0259si \u00fc\u00e7\u00fcn d\u00f6vl\u0259t proqram\u0131 da var.<\/p>\n<p>Proqramda qeyd edilib ki, 2019-2023-c\u00fc ill\u0259r \u0259rzind\u0259 bu m\u0259s\u0259l\u0259l\u0259r h\u0259ll edilm\u0259li v\u0259 \u00f6lk\u0259y\u0259 ekoloji t\u0259miz avtomobill\u0259rin g\u0259tirilm\u0259si stimulla\u015fd\u0131r\u0131lmal\u0131d\u0131r. Biz d\u0259 bu proqrama \u0259saslanaraq dey\u0259 bil\u0259rik ki, ekoloji t\u0259miz avtomobill\u0259rin g\u00f6mr\u00fck r\u00fcsumu endirilsin\u201d.<\/p>\n<div><iframe loading=\"lazy\" src=\"https:\/\/player.baku.tv\/embed\/34686?fbclid=IwAR0w-z4kF3IXZUv-pH2e5VGCtexgwrZq8KsFUQf111OA5Vs1Z1CoFJ_2N80\" width=\"560\" height=\"315\" frameborder=\"0\" allowfullscreen=\"allowfullscreen\" data-mce-fragment=\"1\"><\/iframe><\/div>\n<\/div>\n<\/article>\n<h2 class=\"news-share-title\"><\/h2>\n","protected":false},"excerpt":{"rendered":"<p>Yax\u0131n zamanlarda ekoloji t\u0259miz avtomobill\u0259rin g\u00f6mr\u00fck r\u00fcsumu azald\u0131la bil\u0259r. Bunu \u201cARB 24\u201d\u00fcn \u201cN\u0259 ba\u015f verir?\u201d verili\u015fin\u0259 m\u00fcsahib\u0259sind\u0259 n\u0259qliyyat \u00fczr\u0259 ekspert Eld\u0259niz C\u0259f\u0259rov deyib. Ekspert bildirib ki, r\u00fcsumlar\u0131n azald\u0131lmas\u0131 \u201cAz\u0259rbaycan Respublikas\u0131nda yol h\u0259r\u0259k\u0259tinin t\u0259hl\u00fck\u0259sizliyin\u0259 dair 2019-2023-c\u00fc ill\u0259r \u00fc\u00e7\u00fcn D\u00f6vl\u0259t Proqram\u0131\u201dna \u0259sas\u0259n t\u0259tbiq edil\u0259 bil\u0259r: \u201cBu g\u00fcn v\u0259t\u0259nda\u015flar ilk n\u00f6vb\u0259d\u0259 ekoloji t\u0259miz avtomobill\u0259ri alma\u011fa can at\u0131r. B\u0259zi v\u0259t\u0259nda\u015flar is\u0259 maddi imkan\u0131 \u00e7atmad\u0131\u011f\u0131 \u00fc\u00e7\u00fcn bu avtomobill\u0259rd\u0259n imtina edir. Hesab edir\u0259m ki, v\u0259t\u0259nda\u015flar\u0131m\u0131z ekologiyaya z\u0259r\u0259r verm\u0259y\u0259n, q\u0259na\u0259tcil avtomobill\u0259r\u0259 \u00fcst\u00fcnl\u00fck verirs\u0259, h\u00f6kum\u0259t d\u0259 buna d\u0259st\u0259k olmal\u0131 v\u0259 stimulla\u015fd\u0131r\u0131c\u0131 add\u0131mlar atmal\u0131d\u0131r. Bu add\u0131mlar ondan ibar\u0259t olmal\u0131d\u0131r&hellip;<\/p>\n","protected":false},"author":2,"featured_media":307778,"comment_status":"closed","ping_status":"closed","sticky":false,"template":"","format":"standard","meta":{"om_disable_all_campaigns":false,"_monsterinsights_skip_tracking":false,"_monsterinsights_sitenote_active":false,"_monsterinsights_sitenote_note":"","_monsterinsights_sitenote_category":0},"categories":[26],"tags":[],"aioseo_notices":[],"gutentor_comment":0,"rttpg_featured_image_url":{"full":["https:\/\/arantv.az\/wp-content\/uploads\/2021\/03\/gom.jpg",620,335,false],"landscape":["https:\/\/arantv.az\/wp-content\/uploads\/2021\/03\/gom.jpg",620,335,false],"portraits":["https:\/\/arantv.az\/wp-content\/uploads\/2021\/03\/gom.jpg",620,335,false],"thumbnail":["https:\/\/arantv.az\/wp-content\/uploads\/2021\/03\/gom-150x150.jpg",150,150,true],"medium":["https:\/\/arantv.az\/wp-content\/uploads\/2021\/03\/gom-300x162.jpg",300,162,true],"large":["https:\/\/arantv.az\/wp-content\/uploads\/2021\/03\/gom.jpg",620,335,false],"1536x1536":["https:\/\/arantv.az\/wp-content\/uploads\/2021\/03\/gom.jpg",620,335,false],"2048x2048":["https:\/\/arantv.az\/wp-content\/uploads\/2021\/03\/gom.jpg",620,335,false],"post-thumbnail":["https:\/\/arantv.az\/wp-content\/uploads\/2021\/03\/gom-240x172.jpg",240,172,true],"advps-thumb-one":["https:\/\/arantv.az\/wp-content\/uploads\/2021\/03\/gom.jpg",620,335,false]},"rttpg_author":{"display_name":"V\u00fcsal Rafiqo\u011flu","author_link":"https:\/\/arantv.az\/?author=2"},"rttpg_comment":0,"rttpg_category":"<a href=\"https:\/\/arantv.az\/?cat=26\" rel=\"category\">Sosial<\/a>","rttpg_excerpt":"Yax\u0131n zamanlarda ekoloji t\u0259miz avtomobill\u0259rin g\u00f6mr\u00fck r\u00fcsumu azald\u0131la bil\u0259r. Bunu \u201cARB 24\u201d\u00fcn \u201cN\u0259 ba\u015f verir?\u201d verili\u015fin\u0259 m\u00fcsahib\u0259sind\u0259 n\u0259qliyyat \u00fczr\u0259 ekspert Eld\u0259niz C\u0259f\u0259rov deyib. Ekspert bildirib ki, r\u00fcsumlar\u0131n azald\u0131lmas\u0131 \u201cAz\u0259rbaycan Respublikas\u0131nda yol h\u0259r\u0259k\u0259tinin t\u0259hl\u00fck\u0259sizliyin\u0259 dair 2019-2023-c\u00fc ill\u0259r \u00fc\u00e7\u00fcn D\u00f6vl\u0259t Proqram\u0131\u201dna \u0259sas\u0259n t\u0259tbiq edil\u0259 bil\u0259r: \u201cBu g\u00fcn v\u0259t\u0259nda\u015flar ilk n\u00f6vb\u0259d\u0259 ekoloji t\u0259miz avtomobill\u0259ri alma\u011fa can at\u0131r. B\u0259zi&hellip;","_links":{"self":[{"href":"https:\/\/arantv.az\/index.php?rest_route=\/wp\/v2\/posts\/307777"}],"collection":[{"href":"https:\/\/arantv.az\/index.php?rest_route=\/wp\/v2\/posts"}],"about":[{"href":"https:\/\/arantv.az\/index.php?rest_route=\/wp\/v2\/types\/post"}],"author":[{"embeddable":true,"href":"https:\/\/arantv.az\/index.php?rest_route=\/wp\/v2\/users\/2"}],"replies":[{"embeddable":true,"href":"https:\/\/arantv.az\/index.php?rest_route=%2Fwp%2Fv2%2Fcomments&post=307777"}],"version-history":[{"count":0,"href":"https:\/\/arantv.az\/index.php?rest_route=\/wp\/v2\/posts\/307777\/revisions"}],"wp:featuredmedia":[{"embeddable":true,"href":"https:\/\/arantv.az\/index.php?rest_route=\/wp\/v2\/media\/307778"}],"wp:attachment":[{"href":"https:\/\/arantv.az\/index.php?rest_route=%2Fwp%2Fv2%2Fmedia&parent=307777"}],"wp:term":[{"taxonomy":"category","embeddable":true,"href":"https:\/\/arantv.az\/index.php?rest_route=%2Fwp%2Fv2%2Fcategories&post=307777"},{"taxonomy":"post_tag","embeddable":true,"href":"https:\/\/arantv.az\/index.php?rest_route=%2Fwp%2Fv2%2Ftags&post=307777"}],"curies":[{"name":"wp","href":"https:\/\/api.w.org\/{rel}","templated":true}]}}