{"id":307785,"date":"2021-03-05T15:26:13","date_gmt":"2021-03-05T12:26:13","guid":{"rendered":"http:\/\/arantv.az\/?p=307785"},"modified":"2021-03-05T15:26:13","modified_gmt":"2021-03-05T12:26:13","slug":"adil-qeybulla-insanlar-dogrudan-da-pandemiyadan-bezibl%c9%99r-video","status":"publish","type":"post","link":"https:\/\/arantv.az\/?p=307785","title":{"rendered":"Adil Qeybulla: \u201c\u0130nsanlar do\u011frudan da pandemiyadan bezibl\u0259r\u201d &#8211; V\u0130DEO"},"content":{"rendered":"<article class=\"news\">\n<div class=\"news-inner\">\n<p>\u00d6lk\u0259d\u0259 koronavirusa yoluxma r\u0259q\u0259ml\u0259rini n\u0259z\u0259r\u0259 alsaq, karantin qaydalar\u0131n\u0131n s\u0259rtl\u0259\u015fdirilm\u0259sin\u0259 ehtiyac duyulmur.<\/p>\n<p>Bunu \u201cARB 24\u201d\u00fcn \u201c\u0130\u015fg\u00fczar s\u0259h\u0259r\u201d verili\u015fin\u0259 a\u00e7\u0131qlamas\u0131nda professor Adil Qeybulla deyib.<\/p>\n<div id=\"AdviadNativeVideo0\" class=\"AdviadNativeVideo\"><\/div>\n<p>O bildirib ki, indiki d\u00f6vrd\u0259 karantin t\u0259dbirl\u0259rini s\u0259rtl\u0259\u015fdirm\u0259kd\u0259ns\u0259, vaksinasiya prosesin\u0259 ciddi \u00f6n\u0259m verm\u0259k laz\u0131md\u0131r:<\/p>\n<p>\u201cHesab edir\u0259m insanlar\u0131n bayram\u0131 hans\u0131sa formada ke\u00e7ir\u0259 bilm\u0259sin\u0259 \u015f\u0259rait yarad\u0131lmas\u0131 daha d\u00fczg\u00fcn olard\u0131. \u00c7\u00fcnki insanlar\u00a0do\u011frudan da\u00a0pandemiyadan bezibl\u0259r. B\u00fct\u00fcn d\u00fcnyada bu problem ya\u015fan\u0131r. D\u00fc\u015f\u00fcn\u00fcr\u0259m ki, vaksinasiya prosesin\u0259 x\u00fcsusi g\u00fcc verm\u0259liyik. Bununla ba\u011fl\u0131 intensiv i\u015fl\u0259r g\u00f6r\u00fclm\u0259lidir ki, q\u0131sa m\u00fcdd\u0259td\u0259 u\u011furlu n\u0259tic\u0259 \u0259ld\u0259 ed\u0259k.<\/p>\n<p>\u00dc\u00e7\u00fcnc\u00fc dal\u011fan\u0131n yan\u0131ndan \u00f6t\u00fcb ke\u00e7m\u0259y\u0259 \u00e7al\u0131\u015fmal\u0131y\u0131q. Bunun \u00fc\u00e7\u00fcn qapal\u0131 m\u00fchitd\u0259 karantin qaydalar\u0131na riay\u0259t etm\u0259k v\u0259 ictimai n\u0259qliyyatda qayda-qanun yaratmaq laz\u0131md\u0131r\u201d.<\/p>\n<div><iframe loading=\"lazy\" src=\"https:\/\/player.baku.tv\/embed\/34687\" width=\"560\" height=\"315\" frameborder=\"0\" allowfullscreen=\"allowfullscreen\" data-mce-fragment=\"1\"><\/iframe><\/div>\n<\/div>\n<\/article>\n<h2 class=\"news-share-title\"><\/h2>\n","protected":false},"excerpt":{"rendered":"<p>\u00d6lk\u0259d\u0259 koronavirusa yoluxma r\u0259q\u0259ml\u0259rini n\u0259z\u0259r\u0259 alsaq, karantin qaydalar\u0131n\u0131n s\u0259rtl\u0259\u015fdirilm\u0259sin\u0259 ehtiyac duyulmur. Bunu \u201cARB 24\u201d\u00fcn \u201c\u0130\u015fg\u00fczar s\u0259h\u0259r\u201d verili\u015fin\u0259 a\u00e7\u0131qlamas\u0131nda professor Adil Qeybulla deyib. O bildirib ki, indiki d\u00f6vrd\u0259 karantin t\u0259dbirl\u0259rini s\u0259rtl\u0259\u015fdirm\u0259kd\u0259ns\u0259, vaksinasiya prosesin\u0259 ciddi \u00f6n\u0259m verm\u0259k laz\u0131md\u0131r: \u201cHesab edir\u0259m insanlar\u0131n bayram\u0131 hans\u0131sa formada ke\u00e7ir\u0259 bilm\u0259sin\u0259 \u015f\u0259rait yarad\u0131lmas\u0131 daha d\u00fczg\u00fcn olard\u0131. \u00c7\u00fcnki insanlar\u00a0do\u011frudan da\u00a0pandemiyadan bezibl\u0259r. B\u00fct\u00fcn d\u00fcnyada bu problem ya\u015fan\u0131r. D\u00fc\u015f\u00fcn\u00fcr\u0259m ki, vaksinasiya prosesin\u0259 x\u00fcsusi g\u00fcc verm\u0259liyik. Bununla ba\u011fl\u0131 intensiv i\u015fl\u0259r g\u00f6r\u00fclm\u0259lidir ki, q\u0131sa m\u00fcdd\u0259td\u0259 u\u011furlu n\u0259tic\u0259 \u0259ld\u0259 ed\u0259k. \u00dc\u00e7\u00fcnc\u00fc dal\u011fan\u0131n yan\u0131ndan \u00f6t\u00fcb ke\u00e7m\u0259y\u0259 \u00e7al\u0131\u015fmal\u0131y\u0131q. Bunun \u00fc\u00e7\u00fcn qapal\u0131 m\u00fchitd\u0259 karantin qaydalar\u0131na riay\u0259t&hellip;<\/p>\n","protected":false},"author":2,"featured_media":307786,"comment_status":"closed","ping_status":"closed","sticky":false,"template":"","format":"standard","meta":{"om_disable_all_campaigns":false,"_monsterinsights_skip_tracking":false,"_monsterinsights_sitenote_active":false,"_monsterinsights_sitenote_note":"","_monsterinsights_sitenote_category":0},"categories":[26],"tags":[],"aioseo_notices":[],"gutentor_comment":0,"rttpg_featured_image_url":{"full":["https:\/\/arantv.az\/wp-content\/uploads\/2021\/03\/Adil-Qeybulla.jpg",614,400,false],"landscape":["https:\/\/arantv.az\/wp-content\/uploads\/2021\/03\/Adil-Qeybulla.jpg",614,400,false],"portraits":["https:\/\/arantv.az\/wp-content\/uploads\/2021\/03\/Adil-Qeybulla.jpg",614,400,false],"thumbnail":["https:\/\/arantv.az\/wp-content\/uploads\/2021\/03\/Adil-Qeybulla-150x150.jpg",150,150,true],"medium":["https:\/\/arantv.az\/wp-content\/uploads\/2021\/03\/Adil-Qeybulla-300x195.jpg",300,195,true],"large":["https:\/\/arantv.az\/wp-content\/uploads\/2021\/03\/Adil-Qeybulla.jpg",614,400,false],"1536x1536":["https:\/\/arantv.az\/wp-content\/uploads\/2021\/03\/Adil-Qeybulla.jpg",614,400,false],"2048x2048":["https:\/\/arantv.az\/wp-content\/uploads\/2021\/03\/Adil-Qeybulla.jpg",614,400,false],"post-thumbnail":["https:\/\/arantv.az\/wp-content\/uploads\/2021\/03\/Adil-Qeybulla-240x172.jpg",240,172,true],"advps-thumb-one":["https:\/\/arantv.az\/wp-content\/uploads\/2021\/03\/Adil-Qeybulla.jpg",614,400,false]},"rttpg_author":{"display_name":"V\u00fcsal Rafiqo\u011flu","author_link":"https:\/\/arantv.az\/?author=2"},"rttpg_comment":0,"rttpg_category":"<a href=\"https:\/\/arantv.az\/?cat=26\" rel=\"category\">Sosial<\/a>","rttpg_excerpt":"\u00d6lk\u0259d\u0259 koronavirusa yoluxma r\u0259q\u0259ml\u0259rini n\u0259z\u0259r\u0259 alsaq, karantin qaydalar\u0131n\u0131n s\u0259rtl\u0259\u015fdirilm\u0259sin\u0259 ehtiyac duyulmur. Bunu \u201cARB 24\u201d\u00fcn \u201c\u0130\u015fg\u00fczar s\u0259h\u0259r\u201d verili\u015fin\u0259 a\u00e7\u0131qlamas\u0131nda professor Adil Qeybulla deyib. O bildirib ki, indiki d\u00f6vrd\u0259 karantin t\u0259dbirl\u0259rini s\u0259rtl\u0259\u015fdirm\u0259kd\u0259ns\u0259, vaksinasiya prosesin\u0259 ciddi \u00f6n\u0259m verm\u0259k laz\u0131md\u0131r: \u201cHesab edir\u0259m insanlar\u0131n bayram\u0131 hans\u0131sa formada ke\u00e7ir\u0259 bilm\u0259sin\u0259 \u015f\u0259rait yarad\u0131lmas\u0131 daha d\u00fczg\u00fcn olard\u0131. \u00c7\u00fcnki insanlar\u00a0do\u011frudan da\u00a0pandemiyadan bezibl\u0259r. B\u00fct\u00fcn d\u00fcnyada&hellip;","_links":{"self":[{"href":"https:\/\/arantv.az\/index.php?rest_route=\/wp\/v2\/posts\/307785"}],"collection":[{"href":"https:\/\/arantv.az\/index.php?rest_route=\/wp\/v2\/posts"}],"about":[{"href":"https:\/\/arantv.az\/index.php?rest_route=\/wp\/v2\/types\/post"}],"author":[{"embeddable":true,"href":"https:\/\/arantv.az\/index.php?rest_route=\/wp\/v2\/users\/2"}],"replies":[{"embeddable":true,"href":"https:\/\/arantv.az\/index.php?rest_route=%2Fwp%2Fv2%2Fcomments&post=307785"}],"version-history":[{"count":0,"href":"https:\/\/arantv.az\/index.php?rest_route=\/wp\/v2\/posts\/307785\/revisions"}],"wp:featuredmedia":[{"embeddable":true,"href":"https:\/\/arantv.az\/index.php?rest_route=\/wp\/v2\/media\/307786"}],"wp:attachment":[{"href":"https:\/\/arantv.az\/index.php?rest_route=%2Fwp%2Fv2%2Fmedia&parent=307785"}],"wp:term":[{"taxonomy":"category","embeddable":true,"href":"https:\/\/arantv.az\/index.php?rest_route=%2Fwp%2Fv2%2Fcategories&post=307785"},{"taxonomy":"post_tag","embeddable":true,"href":"https:\/\/arantv.az\/index.php?rest_route=%2Fwp%2Fv2%2Ftags&post=307785"}],"curies":[{"name":"wp","href":"https:\/\/api.w.org\/{rel}","templated":true}]}}