{"id":307789,"date":"2021-03-05T15:27:02","date_gmt":"2021-03-05T12:27:02","guid":{"rendered":"http:\/\/arantv.az\/?p=307789"},"modified":"2021-03-05T15:27:02","modified_gmt":"2021-03-05T12:27:02","slug":"ilham-%c9%99liyev-91-l%c9%99rin-f%c9%99aliyy%c9%99tini-qiym%c9%99tl%c9%99ndirdi","status":"publish","type":"post","link":"https:\/\/arantv.az\/?p=307789","title":{"rendered":"\u0130lham \u018fliyev \u201c91-l\u0259r\u201din f\u0259aliyy\u0259tini qiym\u0259tl\u0259ndirdi"},"content":{"rendered":"<p>M\u0259n bu g\u00fcn bir daha o vaxt milli maraqlar\u0131 h\u0259r \u015feyd\u0259n \u00fcst\u00fcn tutan \u201c91-l\u0259r\u201di qeyd etm\u0259k ist\u0259yir\u0259m, onlar\u0131n f\u0259aliyy\u0259tini y\u00fcks\u0259k qiym\u0259tl\u0259ndirir\u0259m. Bu g\u00fcn d\u0259 onlar\u0131n bir \u00e7oxu bizim s\u0131ram\u0131zdad\u0131r. Bundan sonra da onlar f\u0259al i\u015fl\u0259rl\u0259 m\u0259\u015f\u011ful olacaqlar, Yeni Az\u0259rbaycan Partiyas\u0131n\u0131n veteranlar \u015furas\u0131nda f\u0259aliyy\u0259t g\u00f6st\u0259r\u0259c\u0259kl\u0259r v\u0259 ictimai h\u0259yatda f\u0259aliyy\u0259t g\u00f6st\u0259r\u0259c\u0259kl\u0259r. Onlar\u0131 Az\u0259rbaycan xalq\u0131 unutmamal\u0131d\u0131r.<\/p>\n<p><strong>ARANTV.AZ<\/strong> x\u0259b\u0259r verir ki, bu fikirl\u0259ri Prezident, Yeni Az\u0259rbaycan Partiyas\u0131n\u0131n S\u0259dri \u0130lham \u018fliyev partiyan\u0131n VII qurultay\u0131ndak\u0131 \u00e7\u0131x\u0131\u015f\u0131nda s\u00f6yl\u0259yib.<\/p>\n<div id=\"AdviadNativeVideo0\" class=\"AdviadNativeVideo\"><\/div>\n<p>Prezident kimi h\u0259r zaman \u201c91-l\u0259r\u201din f\u0259aliyy\u0259tini y\u00fcks\u0259k qiym\u0259tl\u0259ndirdiyini bildir\u0259n d\u00f6vl\u0259timziin ba\u015f\u00e7\u0131s\u0131 deyib: \u201cT\u0259kc\u0259 ona g\u00f6r\u0259 yox ki, Heyd\u0259r \u018fliyev\u0259 m\u00fcraci\u0259t edibl\u0259r. Ona g\u00f6r\u0259 ki, qorxmad\u0131lar, \u00e7\u0259kinm\u0259dil\u0259r, \u00f6lk\u0259 maraqlar\u0131n\u0131 \u00f6z \u015f\u0259xsi maraqlar\u0131ndan \u00fcst\u00fcn tutdular. Faktiki olaraq 1992-ci ilin noyabr ay\u0131 g\u0259nc \u00f6lk\u0259mizin h\u0259yat\u0131nda yeni bir m\u0259rh\u0259l\u0259y\u0259 yol a\u00e7d\u0131. Ondan sonra he\u00e7 bir il ke\u00e7m\u0259mi\u015f \u2013 1993-c\u00fc ilin oktyabr ay\u0131nda Heyd\u0259r \u018fliyev xalq\u0131n m\u00fctl\u0259q \u0259ks\u0259riyy\u0259tinin d\u0259st\u0259yi il\u0259 Prezident v\u0259zif\u0259sin\u0259 se\u00e7ildi v\u0259 \u00f6lk\u0259mizin b\u00f6hrandan \u00e7\u0131xma prosesi art\u0131q ba\u015fland\u0131\u201d.<\/p>\n<p>Yeni Az\u0259rbaycan Partiyas\u0131n\u0131n S\u0259dri qeyd edib ki, biz bu tarixi yax\u015f\u0131 bilm\u0259liyik. O tarixi ya\u015famayanlar is\u0259 bunu \u00f6yr\u0259nm\u0259lidirl\u0259r. \u201cM\u0259n demi\u015f\u0259m, bizim d\u0259rslikl\u0259rd\u0259 bu tarixl\u0259 ba\u011fl\u0131 geni\u015f m\u0259lumat verilm\u0259lidir. O tarixin canl\u0131 \u015fahidl\u0259ri \u00f6z xatir\u0259l\u0259rini b\u00f6l\u00fc\u015fm\u0259lidirl\u0259r ki, bu tarix \u0259b\u0259di ya\u015fas\u0131n, bu m\u00fcst\u0259qillik tariximiz m\u0259hz ondan ba\u015flad\u0131, 1991-ci ilin oktyabr\u0131ndan yox. Halbuki 1991-ci ilin 18 oktyabr\u0131n\u0131 biz M\u00fcst\u0259qillik G\u00fcn\u00fc kimi qeyd edirik. Ancaq h\u0259r k\u0259s bilm\u0259lidir ki, o, bizd\u0259n as\u0131l\u0131 olan prosesl\u0259r deyildi. Az\u0259rbaycan h\u0259tta gecikmi\u015fdi. Art\u0131q bir \u00e7ox ke\u00e7mi\u015f m\u00fctt\u0259fiq respublikalar \u00f6z m\u00fcst\u0259qilliyini elan etmi\u015fdil\u0259r. Sovet \u0130ttifaq\u0131 dem\u0259k olar ki, da\u011f\u0131l\u0131rd\u0131. Art\u0131q par\u00e7alanma prosesl\u0259ri gedirdi. N\u0259yi g\u00f6zl\u0259yirdil\u0259r 18 oktyabra q\u0259d\u0259r. Ondan \u0259vv\u0259l m\u00fcst\u0259qilliyi elan etm\u0259k olmazd\u0131m\u0131? \u018flb\u0259tt\u0259, olard\u0131. Ona g\u00f6r\u0259 bizim \u0259sl m\u00fcst\u0259qillik tariximiz ulu \u00f6nd\u0259r Heyd\u0259r \u018fliyevin ad\u0131 il\u0259 ba\u011fl\u0131d\u0131r\u201d, &#8211; dey\u0259 Prezident vur\u011fulay\u0131b.AZ\u018fRTAC<\/p>\n","protected":false},"excerpt":{"rendered":"<p>M\u0259n bu g\u00fcn bir daha o vaxt milli maraqlar\u0131 h\u0259r \u015feyd\u0259n \u00fcst\u00fcn tutan \u201c91-l\u0259r\u201di qeyd etm\u0259k ist\u0259yir\u0259m, onlar\u0131n f\u0259aliyy\u0259tini y\u00fcks\u0259k qiym\u0259tl\u0259ndirir\u0259m. Bu g\u00fcn d\u0259 onlar\u0131n bir \u00e7oxu bizim s\u0131ram\u0131zdad\u0131r. Bundan sonra da onlar f\u0259al i\u015fl\u0259rl\u0259 m\u0259\u015f\u011ful olacaqlar, Yeni Az\u0259rbaycan Partiyas\u0131n\u0131n veteranlar \u015furas\u0131nda f\u0259aliyy\u0259t g\u00f6st\u0259r\u0259c\u0259kl\u0259r v\u0259 ictimai h\u0259yatda f\u0259aliyy\u0259t g\u00f6st\u0259r\u0259c\u0259kl\u0259r. Onlar\u0131 Az\u0259rbaycan xalq\u0131 unutmamal\u0131d\u0131r. ARANTV.AZ x\u0259b\u0259r verir ki, bu fikirl\u0259ri Prezident, Yeni Az\u0259rbaycan Partiyas\u0131n\u0131n S\u0259dri \u0130lham \u018fliyev partiyan\u0131n VII qurultay\u0131ndak\u0131 \u00e7\u0131x\u0131\u015f\u0131nda s\u00f6yl\u0259yib. Prezident kimi h\u0259r zaman \u201c91-l\u0259r\u201din f\u0259aliyy\u0259tini y\u00fcks\u0259k qiym\u0259tl\u0259ndirdiyini bildir\u0259n d\u00f6vl\u0259timziin ba\u015f\u00e7\u0131s\u0131 deyib: \u201cT\u0259kc\u0259 ona g\u00f6r\u0259 yox ki, Heyd\u0259r \u018fliyev\u0259&hellip;<\/p>\n","protected":false},"author":2,"featured_media":307790,"comment_status":"closed","ping_status":"closed","sticky":false,"template":"","format":"standard","meta":{"om_disable_all_campaigns":false,"_monsterinsights_skip_tracking":false,"_monsterinsights_sitenote_active":false,"_monsterinsights_sitenote_note":"","_monsterinsights_sitenote_category":0},"categories":[4],"tags":[],"aioseo_notices":[],"gutentor_comment":0,"rttpg_featured_image_url":{"full":["https:\/\/arantv.az\/wp-content\/uploads\/2021\/03\/1614777550628231165_1000x669-2.jpg",620,447,false],"landscape":["https:\/\/arantv.az\/wp-content\/uploads\/2021\/03\/1614777550628231165_1000x669-2.jpg",620,447,false],"portraits":["https:\/\/arantv.az\/wp-content\/uploads\/2021\/03\/1614777550628231165_1000x669-2.jpg",620,447,false],"thumbnail":["https:\/\/arantv.az\/wp-content\/uploads\/2021\/03\/1614777550628231165_1000x669-2-150x150.jpg",150,150,true],"medium":["https:\/\/arantv.az\/wp-content\/uploads\/2021\/03\/1614777550628231165_1000x669-2-300x216.jpg",300,216,true],"large":["https:\/\/arantv.az\/wp-content\/uploads\/2021\/03\/1614777550628231165_1000x669-2.jpg",620,447,false],"1536x1536":["https:\/\/arantv.az\/wp-content\/uploads\/2021\/03\/1614777550628231165_1000x669-2.jpg",620,447,false],"2048x2048":["https:\/\/arantv.az\/wp-content\/uploads\/2021\/03\/1614777550628231165_1000x669-2.jpg",620,447,false],"post-thumbnail":["https:\/\/arantv.az\/wp-content\/uploads\/2021\/03\/1614777550628231165_1000x669-2-240x172.jpg",240,172,true],"advps-thumb-one":["https:\/\/arantv.az\/wp-content\/uploads\/2021\/03\/1614777550628231165_1000x669-2.jpg",620,447,false]},"rttpg_author":{"display_name":"V\u00fcsal Rafiqo\u011flu","author_link":"https:\/\/arantv.az\/?author=2"},"rttpg_comment":0,"rttpg_category":"<a href=\"https:\/\/arantv.az\/?cat=4\" rel=\"category\">Siyas\u0259t<\/a>","rttpg_excerpt":"M\u0259n bu g\u00fcn bir daha o vaxt milli maraqlar\u0131 h\u0259r \u015feyd\u0259n \u00fcst\u00fcn tutan \u201c91-l\u0259r\u201di qeyd etm\u0259k ist\u0259yir\u0259m, onlar\u0131n f\u0259aliyy\u0259tini y\u00fcks\u0259k qiym\u0259tl\u0259ndirir\u0259m. Bu g\u00fcn d\u0259 onlar\u0131n bir \u00e7oxu bizim s\u0131ram\u0131zdad\u0131r. Bundan sonra da onlar f\u0259al i\u015fl\u0259rl\u0259 m\u0259\u015f\u011ful olacaqlar, Yeni Az\u0259rbaycan Partiyas\u0131n\u0131n veteranlar \u015furas\u0131nda f\u0259aliyy\u0259t g\u00f6st\u0259r\u0259c\u0259kl\u0259r v\u0259 ictimai h\u0259yatda f\u0259aliyy\u0259t g\u00f6st\u0259r\u0259c\u0259kl\u0259r. Onlar\u0131 Az\u0259rbaycan xalq\u0131 unutmamal\u0131d\u0131r. ARANTV.AZ x\u0259b\u0259r&hellip;","_links":{"self":[{"href":"https:\/\/arantv.az\/index.php?rest_route=\/wp\/v2\/posts\/307789"}],"collection":[{"href":"https:\/\/arantv.az\/index.php?rest_route=\/wp\/v2\/posts"}],"about":[{"href":"https:\/\/arantv.az\/index.php?rest_route=\/wp\/v2\/types\/post"}],"author":[{"embeddable":true,"href":"https:\/\/arantv.az\/index.php?rest_route=\/wp\/v2\/users\/2"}],"replies":[{"embeddable":true,"href":"https:\/\/arantv.az\/index.php?rest_route=%2Fwp%2Fv2%2Fcomments&post=307789"}],"version-history":[{"count":0,"href":"https:\/\/arantv.az\/index.php?rest_route=\/wp\/v2\/posts\/307789\/revisions"}],"wp:featuredmedia":[{"embeddable":true,"href":"https:\/\/arantv.az\/index.php?rest_route=\/wp\/v2\/media\/307790"}],"wp:attachment":[{"href":"https:\/\/arantv.az\/index.php?rest_route=%2Fwp%2Fv2%2Fmedia&parent=307789"}],"wp:term":[{"taxonomy":"category","embeddable":true,"href":"https:\/\/arantv.az\/index.php?rest_route=%2Fwp%2Fv2%2Fcategories&post=307789"},{"taxonomy":"post_tag","embeddable":true,"href":"https:\/\/arantv.az\/index.php?rest_route=%2Fwp%2Fv2%2Ftags&post=307789"}],"curies":[{"name":"wp","href":"https:\/\/api.w.org\/{rel}","templated":true}]}}