{"id":307793,"date":"2021-03-05T15:27:48","date_gmt":"2021-03-05T12:27:48","guid":{"rendered":"http:\/\/arantv.az\/?p=307793"},"modified":"2021-03-05T15:27:48","modified_gmt":"2021-03-05T12:27:48","slug":"prezident-sulh-m%c9%99s%c9%99l%c9%99l%c9%99rinin-vacibliyini-leytmotiv-etdi","status":"publish","type":"post","link":"https:\/\/arantv.az\/?p=307793","title":{"rendered":"Prezident s\u00fclh m\u0259s\u0259l\u0259l\u0259rinin vacibliyini leytmotiv etdi"},"content":{"rendered":"<p>Az\u0259rbaycan Prezidenti \u0130lham \u018fliyevin fevral\u0131n 26-da yerli v\u0259 xarici media n\u00fcmay\u0259nd\u0259l\u0259rinin i\u015ftirak\u0131 il\u0259 ke\u00e7irdiyi m\u0259tbuat konfrans\u0131 bug\u00fcn\u0259d\u0259k h\u0259m \u00f6lk\u0259mizd\u0259, h\u0259m d\u0259 d\u00fcnya m\u0259tbuat\u0131nda g\u00fcnd\u0259md\u0259 qalmaqdad\u0131r. Bu da s\u0259b\u0259bsiz deyil. D\u00f6vl\u0259t ba\u015f\u00e7\u0131m\u0131z\u0131n 35 jurnalistin qat\u0131ld\u0131\u011f\u0131 t\u0259dbird\u0259 4 saatdan art\u0131q m\u00fcdd\u0259td\u0259 50-d\u0259n \u00e7ox sual\u0131 4 dild\u0259 cavabland\u0131rmas\u0131 do\u011frudan da \u00e7oxlar\u0131n\u0131 t\u0259\u0259cc\u00fcbl\u0259ndirib. B\u0259lk\u0259 d\u0259 buna \u201cheyr\u0259tl\u0259ndirib\u201d dem\u0259k daha d\u00fczg\u00fcn olard\u0131.<\/p>\n<p>A\u00e7\u0131q dem\u0259k laz\u0131md\u0131r ki, bel\u0259 bacar\u0131q v\u0259 qabiliyy\u0259t he\u00e7 d\u0259 b\u00fct\u00fcn siyasi liderl\u0259r\u0259 xas deyil. Bunun \u00fc\u00e7\u00fcn y\u00fcks\u0259k intellekt, z\u0259ngin d\u00f6vl\u0259t\u00e7ilik t\u0259cr\u00fcb\u0259si, diplomatik manevrl\u0259r etm\u0259k bacar\u0131\u011f\u0131 v\u0259 dig\u0259r keyfiyy\u0259tl\u0259r\u0259 malik olmaq bacar\u0131\u011f\u0131 t\u0259l\u0259b edilir. \u018fslind\u0259 c\u0259nab Prezidentin h\u0259l\u0259 44 g\u00fcnl\u00fck V\u0259t\u0259n m\u00fcharib\u0259si d\u00f6vr\u00fcnd\u0259 xarici jurnalistl\u0259r\u0259 verdiyi ard\u0131c\u0131l m\u00fcsahib\u0259l\u0259r zaman\u0131 da \u00f6lk\u0259 ba\u015f\u00e7\u0131s\u0131n\u0131n haz\u0131rcavabl\u0131\u011f\u0131n\u0131, m\u0259ntiqi m\u00fchakim\u0259l\u0259rini, real v\u0259ziyy\u0259ti analitik \u015f\u0259rh etm\u0259k bacar\u0131\u011f\u0131n\u0131 m\u00fc\u015fahid\u0259 etmi\u015fdik. H\u0259min g\u00fcnl\u0259rd\u0259 d\u0259 c\u0259nab Prezident sanki t\u0259kba\u015f\u0131na informasiya m\u00fcharib\u0259si apar\u0131rd\u0131 v\u0259 biz bunun da \u015fahidiyik ki, daim qalib g\u0259lirdi.<\/p>\n<p>N\u0259z\u0259r\u0259 alaq ki, 10 noyabr b\u0259yanat\u0131ndan t\u0259xmin\u0259n 4 aya yax\u0131n vaxt ke\u00e7ir. Bu m\u00fcdd\u0259t \u0259rzind\u0259 t\u0259r\u0259fl\u0259r aras\u0131nda at\u0259\u015fk\u0259s \u0259ld\u0259 olunsa da, informasiya m\u00fcharib\u0259si davam edir. S\u00f6z\u00fcged\u0259n m\u0259tbuat konfrans\u0131nda \u0130lham \u018fliyev bir daha s\u00fcbut etdi ki, haz\u0131rda da davam ed\u0259n informasiya m\u00fcharib\u0259sinin \u00f6n\u00fcnd\u0259 \u00f6z\u00fc gedir. \u018flb\u0259tt\u0259, bu, h\u0259r birimiz \u00fc\u00e7\u00fcn q\u00fcrurvericidir v\u0259 h\u0259tta m\u0259tbuat konfrans\u0131nda i\u015ftirak ed\u0259n bir ne\u00e7\u0259 \u0259cn\u0259bi jurnalist d\u00f6vlat ba\u015f\u00e7\u0131m\u0131z\u0131n x\u00fcsusi bacar\u0131\u011f\u0131n\u0131 dil\u0259 g\u0259tirdil\u0259r.<\/p>\n<div id=\"AdviadNativeVideo0\" class=\"AdviadNativeVideo\"><\/div>\n<p>Prezidentin yerli v\u0259 xarici media n\u00fcmay\u0259nd\u0259l\u0259ri il\u0259 g\u00f6r\u00fc\u015f\u00fcn\u0259 q\u0259d\u0259r m\u0259chul suallar toplanm\u0131\u015fd\u0131.<\/p>\n<p>Fevral\u0131n 26-da ke\u00e7iril\u0259n m\u0259tbuat konfrans\u0131nda is\u0259 Az\u0259rbaycan Prezidenti el\u0259 bir m\u0259s\u0259l\u0259 qalmad\u0131 ki, ona ayd\u0131nl\u0131q g\u0259tirm\u0259sin. Bel\u0259likl\u0259, \u00e7oxsayl\u0131 prioritet m\u0259s\u0259l\u0259l\u0259rin d\u00f6vl\u0259t ba\u015f\u00e7\u0131s\u0131 t\u0259r\u0259find\u0259n h\u0259rt\u0259r\u0259fli izah\u0131 verildi v\u0259 bizl\u0259rd\u0259n h\u0259r birimiz \u0259min olduq ki, b\u00fct\u00fcn i\u015fl\u0259r \u00f6z qaydas\u0131nda gedir.<\/p>\n<p>\u0130lham \u018fliyevin jurnalistl\u0259rin verdikl\u0259ri suallar\u0131 cavabland\u0131rark\u0259n regionda s\u00fclh m\u0259s\u0259l\u0259sinin vacibliyini \u0259sas leytmotiv kimi \u00f6n\u0259 \u00e7\u0259km\u0259si t\u0259sad\u00fcfi deyildi. Az\u0259rbaycan Prezidenti bununla bir daha d\u00fcnyaya mesaj verdi ki, Erm\u0259nistanda hakimiyy\u0259td\u0259 kimin olaca\u011f\u0131ndan as\u0131l\u0131 olmayaraq 10 noyabr b\u0259yanat\u0131 yerin\u0259 yetirilm\u0259lidir. D\u00f6vl\u0259t ba\u015f\u00e7\u0131s\u0131 bunu m\u0259ntiql\u0259 \u0259sasland\u0131rd\u0131 v\u0259 erm\u0259nistan t\u0259r\u0259fin\u0259 yenid\u0259n \u015fans verdi. Y\u0259ni, revan\u015fist x\u00fclyalar m\u0259nas\u0131zd\u0131r v\u0259 h\u0259tta bel\u0259 olaca\u011f\u0131 t\u0259qdird\u0259\u00a0 Az\u0259rbaycan buna \u00e7ox s\u0259rt cavab ver\u0259c\u0259k.<\/p>\n<p>N\u0259z\u0259r\u0259 alaq ki, 10 noyabr b\u0259yanat\u0131ndan sonra C\u0259nubi Qafqazda \u00e7ox b\u00f6y\u00fck perspektivl\u0259r yaran\u0131b. Art\u0131q m\u00fc\u0259yy\u0259n i\u015fl\u0259r\u0259 start verilm\u0259si is\u0259 Da\u011fl\u0131q Qaraba\u011f m\u00fcnaqi\u015f\u0259sinin ger\u00e7\u0259kd\u0259n bitdiyini g\u00f6st\u0259rir. O ki, qald\u0131 son zamanlar daha \u00e7ox m\u00fczakir\u0259 olunan status m\u0259s\u0259l\u0259sin\u0259, \u0130lham \u018fliyev buna dair d\u0259 \u00f6z\u00fcn\u0259m\u0259xsus t\u0259rzd\u0259 cavab verdi: \u201cM\u0259n statusun \u00fcnvan\u0131n\u0131 g\u00f6st\u0259rmi\u015f\u0259m&#8230;!\u201d\u00a0Kommunikasiyalar\u0131n a\u00e7\u0131lmas\u0131, Z\u0259ng\u0259zur d\u0259hlizind\u0259n istifad\u0259nin \u0259h\u0259miyy\u0259ti, Qaraba\u011fa investisiya qoyulu\u015fu, h\u0259min zonan\u0131n \u201cYa\u015f\u0131l enerji\u201d m\u0259kan\u0131na\u00a0\u00e7evrilm\u0259si, \u201ca\u011f\u0131ll\u0131 k\u0259nd\u201d layih\u0259l\u0259ri, g\u00fcn\u0259\u015f v\u0259 k\u00fcl\u0259k enerjisind\u0259n istifad\u0259, k\u0259nd t\u0259s\u0259rr\u00fcfat\u0131n\u0131n dir\u00e7\u0259ldilm\u0259si, ekoloji probleml\u0259rin h\u0259lli, sudan s\u0259m\u0259r\u0259li \u015f\u0259kild\u0259 faydalanmaq v\u0259 dig\u0259r m\u0259s\u0259l\u0259l\u0259r diqq\u0259t m\u0259rk\u0259zind\u0259 oldu.<\/p>\n<p>T\u0259dbird\u0259 m\u0259cburi k\u00f6\u00e7k\u00fcnl\u0259rin \u00f6z do\u011fma yurdlar\u0131na qay\u0131tmas\u0131 il\u0259 ba\u011fl\u0131 sual\u0131 cavabland\u0131ran \u00f6lk\u0259 ba\u015f\u00e7\u0131s\u0131 vur\u011fulad\u0131 ki, bunun \u00fc\u00e7\u00fcn ilk n\u00f6vb\u0259d\u0259 \u0259razil\u0259r minalardan t\u0259mizl\u0259nm\u0259lidir. Daha sonra infrastruktur qurulmal\u0131 v\u0259 yaln\u0131z bundan sonra \u201cB\u00f6y\u00fck Qay\u0131d\u0131\u015f\u201d h\u0259yata ke\u00e7irilm\u0259lidir.<\/p>\n<p>M\u0259lum oldu\u011fu kimi, art\u0131q bu m\u0259qs\u0259dl\u0259 i\u015fl\u0259r\u0259 ba\u015flan\u0131b. F\u00fczuli-\u015eu\u015fa yolunun in\u015fas\u0131, G\u00f6y-g\u00f6l b\u00f6lg\u0259sind\u0259n K\u0259lb\u0259c\u0259r\u0259 \u00e7\u0259tin relyef \u015f\u0259raitind\u0259 dig\u0259r yolun, habel\u0259 d\u0259miryolu x\u0259tl\u0259rinin \u00e7\u0259kilm\u0259si d\u0259 \u0259sas m\u0259s\u0259l\u0259l\u0259rd\u0259ndir. T\u0259bii ki, bu m\u0259s\u0259l\u0259l\u0259r kifay\u0259t q\u0259d\u0259r maliyy\u0259 v\u0259saiti v\u0259 zaman t\u0259l\u0259b edir.<\/p>\n<p>Az\u0259rbaycan Prezidenti jurnalistl\u0259r\u0259 t\u0259\u0259ss\u00fcfl\u0259 bildirdi ki, erm\u0259ni vandallar\u0131 Qaraba\u011f zonas\u0131nda ekoloji m\u00fchit\u0259 d\u0259 b\u00f6y\u00fck z\u0259rb\u0259 vurublar, 54 min hektar me\u015f\u0259 sah\u0259si q\u0131r\u0131l\u0131b, d\u00fc\u015fm\u0259n bundan parket haz\u0131rlayaraq qanunsuz \u015f\u0259kild\u0259 faydalan\u0131b. Bura q\u0131z\u0131l, filiz, mis m\u0259d\u0259nl\u0259rinin d\u0259 xarici \u015firk\u0259tl\u0259r vasit\u0259sil\u0259 istismar\u0131n\u0131\u00a0\u0259lav\u0259 etm\u0259k olar. Bundan \u0259lav\u0259 100 min hektar torpaqda ill\u0259rl\u0259 \u0259kin-bi\u00e7in i\u015fl\u0259ri apar\u0131l\u0131b. Prezident b\u00fct\u00fcn bu cinay\u0259tl\u0259r\u0259 g\u00f6r\u0259 qar\u015f\u0131 t\u0259r\u0259fin beyn\u0259lxalq m\u0259hk\u0259m\u0259l\u0259r\u0259 \u00e7\u0259kil\u0259c\u0259yini b\u0259yan etdi.<\/p>\n<p>Bu da ayd\u0131n oldu ki, Az\u0259rbaycan t\u0259r\u0259fi h\u0259l\u0259lik Qaraba\u011f zonas\u0131nda v\u0259t\u0259nda\u015flar \u00fc\u00e7\u00fcn evl\u0259rin tikilm\u0259sin\u0259 v\u0259sait ay\u0131rmas\u0131na t\u0259l\u0259smir. D\u00f6vl\u0259t ba\u015f\u00e7\u0131s\u0131 izah etdi ki, t\u0259l\u0259m-t\u0259l\u0259sik i\u015f g\u00f6rm\u0259k ziyanl\u0131d\u0131r v\u0259 h\u0259r \u015fey planla\u015fma \u00fczr\u0259 getm\u0259lidir.<\/p>\n<p>Son zamanlar rus dilinin Qaraba\u011fda ikinci d\u00f6vl\u0259t dili olaca\u011f\u0131 iddialar\u0131na cavab ver\u0259n \u00f6lk\u0259 Prezidenti bunun da yalan oldu\u011funu q\u0259tiyy\u0259tl\u0259 bildirdi. S\u00f6zs\u00fcz ki, i\u015f\u011faldan azad olunan torpaqlarda m\u0259d\u0259ni-tarixi abid\u0259l\u0259rin da\u011f\u0131d\u0131lmas\u0131 m\u0259s\u0259l\u0259si d\u0259 g\u00fcnd\u0259m\u0259 g\u0259ldi (67 m\u0259scidd\u0259n c\u0259mi biri qal\u0131b) v\u0259 onlar\u0131n yenid\u0259n b\u0259rpa edil\u0259c\u0259yi vur\u011fuland\u0131. Bu sah\u0259d\u0259 \u0130SESCO il\u0259 raz\u0131l\u0131\u011f\u0131n \u0259ld\u0259 olunmas\u0131 topla\u015fanlara b\u0259yan edildi.<\/p>\n<p>S\u00f6zs\u00fcz ki, Prezidentin m\u0259tbuat konfrans\u0131 h\u0259l\u0259 bir m\u00fcdd\u0259t g\u00fcnd\u0259md\u0259 qalacaq.<\/p>\n<p><strong>\u018fliabbas Salahzad\u0259,<br \/>\nMill\u0259t v\u0259kili<\/strong><\/p>\n","protected":false},"excerpt":{"rendered":"<p>Az\u0259rbaycan Prezidenti \u0130lham \u018fliyevin fevral\u0131n 26-da yerli v\u0259 xarici media n\u00fcmay\u0259nd\u0259l\u0259rinin i\u015ftirak\u0131 il\u0259 ke\u00e7irdiyi m\u0259tbuat konfrans\u0131 bug\u00fcn\u0259d\u0259k h\u0259m \u00f6lk\u0259mizd\u0259, h\u0259m d\u0259 d\u00fcnya m\u0259tbuat\u0131nda g\u00fcnd\u0259md\u0259 qalmaqdad\u0131r. Bu da s\u0259b\u0259bsiz deyil. D\u00f6vl\u0259t ba\u015f\u00e7\u0131m\u0131z\u0131n 35 jurnalistin qat\u0131ld\u0131\u011f\u0131 t\u0259dbird\u0259 4 saatdan art\u0131q m\u00fcdd\u0259td\u0259 50-d\u0259n \u00e7ox sual\u0131 4 dild\u0259 cavabland\u0131rmas\u0131 do\u011frudan da \u00e7oxlar\u0131n\u0131 t\u0259\u0259cc\u00fcbl\u0259ndirib. B\u0259lk\u0259 d\u0259 buna \u201cheyr\u0259tl\u0259ndirib\u201d dem\u0259k daha d\u00fczg\u00fcn olard\u0131. A\u00e7\u0131q dem\u0259k laz\u0131md\u0131r ki, bel\u0259 bacar\u0131q v\u0259 qabiliyy\u0259t he\u00e7 d\u0259 b\u00fct\u00fcn siyasi liderl\u0259r\u0259 xas deyil. Bunun \u00fc\u00e7\u00fcn y\u00fcks\u0259k intellekt, z\u0259ngin d\u00f6vl\u0259t\u00e7ilik t\u0259cr\u00fcb\u0259si, diplomatik manevrl\u0259r etm\u0259k bacar\u0131\u011f\u0131 v\u0259 dig\u0259r keyfiyy\u0259tl\u0259r\u0259 malik olmaq bacar\u0131\u011f\u0131 t\u0259l\u0259b&hellip;<\/p>\n","protected":false},"author":2,"featured_media":307794,"comment_status":"closed","ping_status":"closed","sticky":false,"template":"","format":"standard","meta":{"om_disable_all_campaigns":false,"_monsterinsights_skip_tracking":false,"_monsterinsights_sitenote_active":false,"_monsterinsights_sitenote_note":"","_monsterinsights_sitenote_category":0},"categories":[4],"tags":[],"aioseo_notices":[],"gutentor_comment":0,"rttpg_featured_image_url":{"full":["https:\/\/arantv.az\/wp-content\/uploads\/2021\/03\/abbas.jpg",620,422,false],"landscape":["https:\/\/arantv.az\/wp-content\/uploads\/2021\/03\/abbas.jpg",620,422,false],"portraits":["https:\/\/arantv.az\/wp-content\/uploads\/2021\/03\/abbas.jpg",620,422,false],"thumbnail":["https:\/\/arantv.az\/wp-content\/uploads\/2021\/03\/abbas-150x150.jpg",150,150,true],"medium":["https:\/\/arantv.az\/wp-content\/uploads\/2021\/03\/abbas-300x204.jpg",300,204,true],"large":["https:\/\/arantv.az\/wp-content\/uploads\/2021\/03\/abbas.jpg",620,422,false],"1536x1536":["https:\/\/arantv.az\/wp-content\/uploads\/2021\/03\/abbas.jpg",620,422,false],"2048x2048":["https:\/\/arantv.az\/wp-content\/uploads\/2021\/03\/abbas.jpg",620,422,false],"post-thumbnail":["https:\/\/arantv.az\/wp-content\/uploads\/2021\/03\/abbas-240x172.jpg",240,172,true],"advps-thumb-one":["https:\/\/arantv.az\/wp-content\/uploads\/2021\/03\/abbas.jpg",620,422,false]},"rttpg_author":{"display_name":"V\u00fcsal Rafiqo\u011flu","author_link":"https:\/\/arantv.az\/?author=2"},"rttpg_comment":0,"rttpg_category":"<a href=\"https:\/\/arantv.az\/?cat=4\" rel=\"category\">Siyas\u0259t<\/a>","rttpg_excerpt":"Az\u0259rbaycan Prezidenti \u0130lham \u018fliyevin fevral\u0131n 26-da yerli v\u0259 xarici media n\u00fcmay\u0259nd\u0259l\u0259rinin i\u015ftirak\u0131 il\u0259 ke\u00e7irdiyi m\u0259tbuat konfrans\u0131 bug\u00fcn\u0259d\u0259k h\u0259m \u00f6lk\u0259mizd\u0259, h\u0259m d\u0259 d\u00fcnya m\u0259tbuat\u0131nda g\u00fcnd\u0259md\u0259 qalmaqdad\u0131r. Bu da s\u0259b\u0259bsiz deyil. D\u00f6vl\u0259t ba\u015f\u00e7\u0131m\u0131z\u0131n 35 jurnalistin qat\u0131ld\u0131\u011f\u0131 t\u0259dbird\u0259 4 saatdan art\u0131q m\u00fcdd\u0259td\u0259 50-d\u0259n \u00e7ox sual\u0131 4 dild\u0259 cavabland\u0131rmas\u0131 do\u011frudan da \u00e7oxlar\u0131n\u0131 t\u0259\u0259cc\u00fcbl\u0259ndirib. B\u0259lk\u0259 d\u0259 buna \u201cheyr\u0259tl\u0259ndirib\u201d dem\u0259k daha&hellip;","_links":{"self":[{"href":"https:\/\/arantv.az\/index.php?rest_route=\/wp\/v2\/posts\/307793"}],"collection":[{"href":"https:\/\/arantv.az\/index.php?rest_route=\/wp\/v2\/posts"}],"about":[{"href":"https:\/\/arantv.az\/index.php?rest_route=\/wp\/v2\/types\/post"}],"author":[{"embeddable":true,"href":"https:\/\/arantv.az\/index.php?rest_route=\/wp\/v2\/users\/2"}],"replies":[{"embeddable":true,"href":"https:\/\/arantv.az\/index.php?rest_route=%2Fwp%2Fv2%2Fcomments&post=307793"}],"version-history":[{"count":0,"href":"https:\/\/arantv.az\/index.php?rest_route=\/wp\/v2\/posts\/307793\/revisions"}],"wp:featuredmedia":[{"embeddable":true,"href":"https:\/\/arantv.az\/index.php?rest_route=\/wp\/v2\/media\/307794"}],"wp:attachment":[{"href":"https:\/\/arantv.az\/index.php?rest_route=%2Fwp%2Fv2%2Fmedia&parent=307793"}],"wp:term":[{"taxonomy":"category","embeddable":true,"href":"https:\/\/arantv.az\/index.php?rest_route=%2Fwp%2Fv2%2Fcategories&post=307793"},{"taxonomy":"post_tag","embeddable":true,"href":"https:\/\/arantv.az\/index.php?rest_route=%2Fwp%2Fv2%2Ftags&post=307793"}],"curies":[{"name":"wp","href":"https:\/\/api.w.org\/{rel}","templated":true}]}}