{"id":307797,"date":"2021-03-05T15:28:57","date_gmt":"2021-03-05T12:28:57","guid":{"rendered":"http:\/\/arantv.az\/?p=307797"},"modified":"2021-03-05T15:28:57","modified_gmt":"2021-03-05T12:28:57","slug":"az%c9%99rbaycan-prezidenti-g%c9%99nc-n%c9%99sil-bilm%c9%99lidir-ki-biz-must%c9%99qilliyi-n%c9%99yin-bahasina-qoruyub-saxlaya-bilmisik","status":"publish","type":"post","link":"https:\/\/arantv.az\/?p=307797","title":{"rendered":"Az\u0259rbaycan Prezidenti: G\u0259nc n\u0259sil bilm\u0259lidir ki, biz m\u00fcst\u0259qilliyi n\u0259yin bahas\u0131na qoruyub saxlaya bilmi\u015fik"},"content":{"rendered":"<p>O d\u00f6vr\u00fc d\u00fczg\u00fcn t\u0259hlil ed\u0259rk\u0259n biz g\u0259l\u0259c\u0259kd\u0259 d\u0259 \u00f6z\u00fcm\u00fcz\u00fc h\u0259r hans\u0131 bir riskl\u0259rd\u0259n s\u0131\u011fortalam\u0131\u015f olar\u0131q. O d\u00f6vr\u00fc bilm\u0259y\u0259n, o vaxt ya\u015famayan g\u0259nc n\u0259sil bilm\u0259lidir ki, biz m\u00fcst\u0259qilliyi n\u0259yin bahas\u0131na qoruyub saxlaya bilmi\u015fik. Kim\u0259 biz borcluyuq. \u018fg\u0259r Heyd\u0259r \u018fliyev o vaxt hakimiyy\u0259t\u0259 g\u0259lm\u0259s\u0259ydi, bu g\u00fcn Az\u0259rbaycan b\u0259lk\u0259 kimins\u0259 \u0259linin alt\u0131nda bir oyuncaq d\u00f6vl\u0259t kimi, yar\u0131mm\u00fcst\u0259ml\u0259k\u0259 kimi ya\u015faya bil\u0259rdi.<\/p>\n<p><strong>ARANTV.AZ<\/strong>\u00a0<a href=\"http:\/\/azertag.az\/\" target=\"_blank\" rel=\"noopener\">AZ\u018fRTAC<\/a>-a istinad\u0259n bildirir ki,\u00a0bunu Prezident, Yeni Az\u0259rbaycan Partiyas\u0131n\u0131n S\u0259dri \u0130lham \u018fliyev partiyan\u0131n VII qurultay\u0131ndak\u0131 \u00e7\u0131x\u0131\u015f\u0131nda Ulu \u00d6nd\u0259rin V\u0259t\u0259ni v\u0259 xalq\u0131 qar\u015f\u0131s\u0131nda xidm\u0259tl\u0259rind\u0259n dan\u0131\u015fark\u0259n bildirib.<\/p>\n<p>D\u00f6vl\u0259timizin ba\u015f\u00e7\u0131s\u0131 deyib: &#8220;Biz bu tarixi bilm\u0259liyik, bilirik v\u0259 bundan sonra \u00f6z f\u0259aliyy\u0259timizi bu m\u00f6hk\u0259m t\u0259m\u0259l \u00fcz\u0259rind\u0259 quraca\u011f\u0131q, nec\u0259 kimi bu vaxta q\u0259d\u0259r qurmu\u015fuq. 1993-2003-c\u00fc ill\u0259r h\u0259lledici ill\u0259r olmu\u015fdur. D\u00f6vl\u0259t\u00e7iliyin \u0259saslar\u0131 qoyulmu\u015fdur. 20 Yanvar faci\u0259sin\u0259 siyasi qiym\u0259t verilmi\u015fdir. N\u0259 \u00fc\u00e7\u00fcn Xalq C\u0259bh\u0259si-M\u00fcsavat c\u00fctl\u00fcy\u00fc 20 Yanvar faci\u0259sin\u0259 siyasi qiym\u0259t verm\u0259mi\u015fdir? Onlar\u0131n bir il vaxt\u0131 var idi. N\u0259 \u00fc\u00e7\u00fcn? \u00c7\u00fcnki onlar\u0131n da \u0259li qana &#8211; Az\u0259rbaycan xalq\u0131n\u0131n qan\u0131na batm\u0131\u015fd\u0131r. Onlar da 20 Yanvar faci\u0259sini \u00f6rt-basd\u0131r etm\u0259k ist\u0259yirdil\u0259r&#8221;.<\/p>\n<p>Prezident vur\u011fulay\u0131b ki, yaln\u0131z Heyd\u0259r \u018fliyev 20 Yanvar faci\u0259sin\u0259 siyasi qiym\u0259t verdi. &#8220;Konstitusiya yaln\u0131z Heyd\u0259r \u018fliyevin d\u00f6vr\u00fcnd\u0259 q\u0259bul edildi. Senzura m\u0259hz onun g\u00f6st\u0259ri\u015fi il\u0259, Xalq C\u0259bh\u0259si-M\u00fcsavat c\u00fctl\u00fcy\u00fc t\u0259r\u0259find\u0259n qoyulan senzura onun t\u0259r\u0259find\u0259n l\u0259\u011fv edildi. Siyasi islahatlara start verildi, \u00e7oxpartiyal\u0131 sistem yarand\u0131. Biz beyn\u0259lxalq t\u0259cridd\u0259n \u00e7\u0131xd\u0131q. Az\u0259rbaycan art\u0131q h\u00f6rm\u0259tli v\u0259 h\u00f6rm\u0259t\u0259 layiq olan \u00f6lk\u0259 kimi tan\u0131nma\u011fa ba\u015fland\u0131. \u00d6lk\u0259miz\u0259 b\u00f6y\u00fck investisiyalar c\u0259lb edildi. Ordu quruculu\u011funa start verildi. Bizim nizami ordumuz yox idi. Kadrlar\u0131n yeti\u015fdirilm\u0259si il\u0259 ba\u011fl\u0131 \u00f6n\u0259mli add\u0131mlar at\u0131ld\u0131. O kadrlar ki, bu g\u00fcn \u00f6lk\u0259mizin m\u00fcxt\u0259lif sah\u0259l\u0259rind\u0259 \u00f6z t\u00f6hf\u0259sini verirl\u0259r&#8221;, &#8211; dey\u0259 Prezident \u0130lham \u018fliyev diqq\u0259t\u0259 \u00e7atd\u0131r\u0131b.<\/p>\n","protected":false},"excerpt":{"rendered":"<p>O d\u00f6vr\u00fc d\u00fczg\u00fcn t\u0259hlil ed\u0259rk\u0259n biz g\u0259l\u0259c\u0259kd\u0259 d\u0259 \u00f6z\u00fcm\u00fcz\u00fc h\u0259r hans\u0131 bir riskl\u0259rd\u0259n s\u0131\u011fortalam\u0131\u015f olar\u0131q. O d\u00f6vr\u00fc bilm\u0259y\u0259n, o vaxt ya\u015famayan g\u0259nc n\u0259sil bilm\u0259lidir ki, biz m\u00fcst\u0259qilliyi n\u0259yin bahas\u0131na qoruyub saxlaya bilmi\u015fik. Kim\u0259 biz borcluyuq. \u018fg\u0259r Heyd\u0259r \u018fliyev o vaxt hakimiyy\u0259t\u0259 g\u0259lm\u0259s\u0259ydi, bu g\u00fcn Az\u0259rbaycan b\u0259lk\u0259 kimins\u0259 \u0259linin alt\u0131nda bir oyuncaq d\u00f6vl\u0259t kimi, yar\u0131mm\u00fcst\u0259ml\u0259k\u0259 kimi ya\u015faya bil\u0259rdi. ARANTV.AZ\u00a0AZ\u018fRTAC-a istinad\u0259n bildirir ki,\u00a0bunu Prezident, Yeni Az\u0259rbaycan Partiyas\u0131n\u0131n S\u0259dri \u0130lham \u018fliyev partiyan\u0131n VII qurultay\u0131ndak\u0131 \u00e7\u0131x\u0131\u015f\u0131nda Ulu \u00d6nd\u0259rin V\u0259t\u0259ni v\u0259 xalq\u0131 qar\u015f\u0131s\u0131nda xidm\u0259tl\u0259rind\u0259n dan\u0131\u015fark\u0259n bildirib. D\u00f6vl\u0259timizin ba\u015f\u00e7\u0131s\u0131 deyib: &#8220;Biz bu tarixi bilm\u0259liyik, bilirik v\u0259&hellip;<\/p>\n","protected":false},"author":2,"featured_media":307798,"comment_status":"closed","ping_status":"closed","sticky":false,"template":"","format":"standard","meta":{"om_disable_all_campaigns":false,"_monsterinsights_skip_tracking":false,"_monsterinsights_sitenote_active":false,"_monsterinsights_sitenote_note":"","_monsterinsights_sitenote_category":0},"categories":[4],"tags":[],"aioseo_notices":[],"gutentor_comment":0,"rttpg_featured_image_url":{"full":["https:\/\/arantv.az\/wp-content\/uploads\/2021\/03\/928087_08-1.jpg",1000,668,false],"landscape":["https:\/\/arantv.az\/wp-content\/uploads\/2021\/03\/928087_08-1.jpg",1000,668,false],"portraits":["https:\/\/arantv.az\/wp-content\/uploads\/2021\/03\/928087_08-1.jpg",1000,668,false],"thumbnail":["https:\/\/arantv.az\/wp-content\/uploads\/2021\/03\/928087_08-1-150x150.jpg",150,150,true],"medium":["https:\/\/arantv.az\/wp-content\/uploads\/2021\/03\/928087_08-1-300x200.jpg",300,200,true],"large":["https:\/\/arantv.az\/wp-content\/uploads\/2021\/03\/928087_08-1.jpg",640,428,false],"1536x1536":["https:\/\/arantv.az\/wp-content\/uploads\/2021\/03\/928087_08-1.jpg",1000,668,false],"2048x2048":["https:\/\/arantv.az\/wp-content\/uploads\/2021\/03\/928087_08-1.jpg",1000,668,false],"post-thumbnail":["https:\/\/arantv.az\/wp-content\/uploads\/2021\/03\/928087_08-1-240x172.jpg",240,172,true],"advps-thumb-one":["https:\/\/arantv.az\/wp-content\/uploads\/2021\/03\/928087_08-1-1000x620.jpg",1000,620,true]},"rttpg_author":{"display_name":"V\u00fcsal Rafiqo\u011flu","author_link":"https:\/\/arantv.az\/?author=2"},"rttpg_comment":0,"rttpg_category":"<a href=\"https:\/\/arantv.az\/?cat=4\" rel=\"category\">Siyas\u0259t<\/a>","rttpg_excerpt":"O d\u00f6vr\u00fc d\u00fczg\u00fcn t\u0259hlil ed\u0259rk\u0259n biz g\u0259l\u0259c\u0259kd\u0259 d\u0259 \u00f6z\u00fcm\u00fcz\u00fc h\u0259r hans\u0131 bir riskl\u0259rd\u0259n s\u0131\u011fortalam\u0131\u015f olar\u0131q. O d\u00f6vr\u00fc bilm\u0259y\u0259n, o vaxt ya\u015famayan g\u0259nc n\u0259sil bilm\u0259lidir ki, biz m\u00fcst\u0259qilliyi n\u0259yin bahas\u0131na qoruyub saxlaya bilmi\u015fik. Kim\u0259 biz borcluyuq. \u018fg\u0259r Heyd\u0259r \u018fliyev o vaxt hakimiyy\u0259t\u0259 g\u0259lm\u0259s\u0259ydi, bu g\u00fcn Az\u0259rbaycan b\u0259lk\u0259 kimins\u0259 \u0259linin alt\u0131nda bir oyuncaq d\u00f6vl\u0259t kimi, yar\u0131mm\u00fcst\u0259ml\u0259k\u0259 kimi&hellip;","_links":{"self":[{"href":"https:\/\/arantv.az\/index.php?rest_route=\/wp\/v2\/posts\/307797"}],"collection":[{"href":"https:\/\/arantv.az\/index.php?rest_route=\/wp\/v2\/posts"}],"about":[{"href":"https:\/\/arantv.az\/index.php?rest_route=\/wp\/v2\/types\/post"}],"author":[{"embeddable":true,"href":"https:\/\/arantv.az\/index.php?rest_route=\/wp\/v2\/users\/2"}],"replies":[{"embeddable":true,"href":"https:\/\/arantv.az\/index.php?rest_route=%2Fwp%2Fv2%2Fcomments&post=307797"}],"version-history":[{"count":0,"href":"https:\/\/arantv.az\/index.php?rest_route=\/wp\/v2\/posts\/307797\/revisions"}],"wp:featuredmedia":[{"embeddable":true,"href":"https:\/\/arantv.az\/index.php?rest_route=\/wp\/v2\/media\/307798"}],"wp:attachment":[{"href":"https:\/\/arantv.az\/index.php?rest_route=%2Fwp%2Fv2%2Fmedia&parent=307797"}],"wp:term":[{"taxonomy":"category","embeddable":true,"href":"https:\/\/arantv.az\/index.php?rest_route=%2Fwp%2Fv2%2Fcategories&post=307797"},{"taxonomy":"post_tag","embeddable":true,"href":"https:\/\/arantv.az\/index.php?rest_route=%2Fwp%2Fv2%2Ftags&post=307797"}],"curies":[{"name":"wp","href":"https:\/\/api.w.org\/{rel}","templated":true}]}}