{"id":307801,"date":"2021-03-05T15:29:33","date_gmt":"2021-03-05T12:29:33","guid":{"rendered":"http:\/\/arantv.az\/?p=307801"},"modified":"2021-03-05T15:29:33","modified_gmt":"2021-03-05T12:29:33","slug":"su-hovz%c9%99l%c9%99rind%c9%99-baliqlarin-tuk%c9%99nm%c9%99sinin-s%c9%99b%c9%99bkari-kiml%c9%99rdir-ittifaq-s%c9%99drind%c9%99n-aciqlama","status":"publish","type":"post","link":"https:\/\/arantv.az\/?p=307801","title":{"rendered":"Su h\u00f6vz\u0259l\u0259rind\u0259 bal\u0131qlar\u0131n t\u00fck\u0259nm\u0259sinin s\u0259b\u0259bkar\u0131 kiml\u0259rdir? &#8211; \u0130ttifaq s\u0259drind\u0259n a\u00e7\u0131qlama"},"content":{"rendered":"<p><strong>Az\u0259rbaycan\u0131n su h\u00f6vz\u0259l\u0259rind\u0259 bal\u0131qlar\u0131n t\u00fck\u0259nm\u0259sinin v\u0259 yoxa \u00e7\u0131xmas\u0131n\u0131n \u0259sas s\u0259b\u0259bi insan amilidir.<\/strong><\/p>\n<p><strong>ARANTV.AZ<\/strong> bildirir ki, bunu\u00a0<a href=\"https:\/\/az.trend.az\/\" target=\"_blank\" rel=\"noopener\">Trend<\/a>-\u0259\u00a0a\u00e7\u0131qlamas\u0131nda Az\u0259rbaycan Bal\u0131q\u00e7\u0131lar \u0130ttifaq\u0131n\u0131n s\u0259dri \u018ffqan \u018fliyev deyib.<\/p>\n<p>Onun s\u00f6zl\u0259rin\u0259 g\u00f6r\u0259, bu g\u00fcn \u00f6lk\u0259nin \u0259ks\u0259r \u00e7aylar\u0131nda, su kanallar\u0131nda, g\u00f6ll\u0259rind\u0259 brakonyerlik yolu il\u0259 sintetik torlar qurulur, bal\u0131qlar\u0131n populyasiyas\u0131na imkan verilmir:<\/p>\n<p>&#8220;Az\u0259rbaycanda bal\u0131qlar\u0131n populyasiyas\u0131n\u0131 amans\u0131zcas\u0131na k\u0259sirl\u0259r, bu haqda bir ne\u00e7\u0259 d\u0259f\u0259 bizim monitorinql\u0259rimiz olub v\u0259 sintetik torlara qar\u015f\u0131 reydl\u0259r ke\u00e7irmi\u015fik. H\u0259tta bu monitorinql\u0259r zaman\u0131 biz\u0259 h\u0259d\u0259-qorxu g\u0259lirl\u0259r. \u00d6lk\u0259mizd\u0259 sintetik torlar\u0131n istifad\u0259sin\u0259 bird\u0259f\u0259lik qada\u011fa qoyulsa da, t\u0259\u0259ss\u00fcf ki, h\u0259l\u0259 d\u0259 qa\u00e7aqmal\u00e7\u0131l\u0131q yolu il\u0259 \u00f6lk\u0259y\u0259 az sayda g\u0259tirilm\u0259kd\u0259dir.<\/p>\n<p>Bu g\u00fcn Az\u0259rbaycan\u0131n \u015fah bal\u0131qlar\u0131ndan biri d\u0259 k\u00fct\u00fcm bal\u0131\u011f\u0131d\u0131r. Bu bal\u0131qlara o q\u0259d\u0259r t\u0259l\u0259bat var ki, h\u0259tta Amerika bazar\u0131nda bel\u0259 sat\u0131\u015fa \u00e7\u0131xar\u0131l\u0131r. Ancaq \u00e7ox t\u0259\u0259ss\u00fcf ki, bu bal\u0131qlar k\u00fctl\u0259vi halda ovlan\u0131r v\u0259 m\u00fc\u0259mmal\u0131 \u015f\u0259kild\u0259 xaric\u0259 ixrac olunur. Xarici bazarlada is\u0259 onun Az\u0259rbaycandan g\u0259tirildiyi bilinmir&#8221;.<\/p>\n<p>\u018f.\u018fliyev bildirib ki, Az\u0259rbaycanda bal\u0131qlar\u0131n populyasiyas\u0131n\u0131n qar\u015f\u0131s\u0131n\u0131 alan bir n\u00f6mr\u0259li yer \u015eaqay kanal\u0131n\u0131n d\u0259niz\u0259 t\u00f6k\u00fcl\u0259n hiss\u0259sind\u0259 torlar\u0131n qurulmas\u0131d\u0131r:<\/p>\n<p>&#8220;Brakonyerl\u0259r bir g\u00fcnd\u0259 3-4 ton bal\u0131q tutur v\u0259 bu yol il\u0259 bal\u0131qlar\u0131n k\u00fctl\u0259vi q\u0131r\u0131lmas\u0131na s\u0259b\u0259b olurlar. Bu c\u00fcr torlar \u0259sas\u0259n c\u0259nub zonalar\u0131nda qura\u015fd\u0131r\u0131l\u0131b, d\u0259niz\u0259 t\u00f6k\u00fcl\u0259n hiss\u0259d\u0259 ist\u0259diyiniz q\u0259d\u0259r sintetik torlar g\u00f6r\u0259 bil\u0259rsiniz&#8221;.<\/p>\n<p>S\u0259dr \u0259lav\u0259 edib ki, \u0259n \u00e7ox n\u0259r\u0259 bal\u0131q c\u0259nub zonas\u0131nda, X\u0259z\u0259rin L\u0259nk\u0259ran sular\u0131nda olub:<\/p>\n<p>&#8220;Bir vaxtlar Az\u0259rbaycan\u0131n n\u0259r\u0259l\u0259ri h\u0259r yerd\u0259 tan\u0131n\u0131rd\u0131, ancaq bu g\u00fcn onlar\u0131n k\u00f6k\u00fc k\u0259silm\u0259k \u00fczr\u0259dir. Bal\u0131qlar q\u0131\u015fl\u0131q yuxuya ged\u0259n zaman bel\u0259 onlar\u0131 x\u00fcsusi cihaz vasit\u0259si il\u0259 ovlad\u0131lar&#8221;.<\/p>\n","protected":false},"excerpt":{"rendered":"<p>Az\u0259rbaycan\u0131n su h\u00f6vz\u0259l\u0259rind\u0259 bal\u0131qlar\u0131n t\u00fck\u0259nm\u0259sinin v\u0259 yoxa \u00e7\u0131xmas\u0131n\u0131n \u0259sas s\u0259b\u0259bi insan amilidir. ARANTV.AZ bildirir ki, bunu\u00a0Trend-\u0259\u00a0a\u00e7\u0131qlamas\u0131nda Az\u0259rbaycan Bal\u0131q\u00e7\u0131lar \u0130ttifaq\u0131n\u0131n s\u0259dri \u018ffqan \u018fliyev deyib. Onun s\u00f6zl\u0259rin\u0259 g\u00f6r\u0259, bu g\u00fcn \u00f6lk\u0259nin \u0259ks\u0259r \u00e7aylar\u0131nda, su kanallar\u0131nda, g\u00f6ll\u0259rind\u0259 brakonyerlik yolu il\u0259 sintetik torlar qurulur, bal\u0131qlar\u0131n populyasiyas\u0131na imkan verilmir: &#8220;Az\u0259rbaycanda bal\u0131qlar\u0131n populyasiyas\u0131n\u0131 amans\u0131zcas\u0131na k\u0259sirl\u0259r, bu haqda bir ne\u00e7\u0259 d\u0259f\u0259 bizim monitorinql\u0259rimiz olub v\u0259 sintetik torlara qar\u015f\u0131 reydl\u0259r ke\u00e7irmi\u015fik. H\u0259tta bu monitorinql\u0259r zaman\u0131 biz\u0259 h\u0259d\u0259-qorxu g\u0259lirl\u0259r. \u00d6lk\u0259mizd\u0259 sintetik torlar\u0131n istifad\u0259sin\u0259 bird\u0259f\u0259lik qada\u011fa qoyulsa da, t\u0259\u0259ss\u00fcf ki, h\u0259l\u0259 d\u0259 qa\u00e7aqmal\u00e7\u0131l\u0131q yolu il\u0259 \u00f6lk\u0259y\u0259 az sayda g\u0259tirilm\u0259kd\u0259dir. Bu&hellip;<\/p>\n","protected":false},"author":2,"featured_media":307802,"comment_status":"closed","ping_status":"closed","sticky":false,"template":"","format":"standard","meta":{"om_disable_all_campaigns":false,"_monsterinsights_skip_tracking":false,"_monsterinsights_sitenote_active":false,"_monsterinsights_sitenote_note":"","_monsterinsights_sitenote_category":0},"categories":[26],"tags":[],"aioseo_notices":[],"gutentor_comment":0,"rttpg_featured_image_url":{"full":["https:\/\/arantv.az\/wp-content\/uploads\/2021\/03\/928200.jpg",800,600,false],"landscape":["https:\/\/arantv.az\/wp-content\/uploads\/2021\/03\/928200.jpg",800,600,false],"portraits":["https:\/\/arantv.az\/wp-content\/uploads\/2021\/03\/928200.jpg",800,600,false],"thumbnail":["https:\/\/arantv.az\/wp-content\/uploads\/2021\/03\/928200-150x150.jpg",150,150,true],"medium":["https:\/\/arantv.az\/wp-content\/uploads\/2021\/03\/928200-300x225.jpg",300,225,true],"large":["https:\/\/arantv.az\/wp-content\/uploads\/2021\/03\/928200.jpg",640,480,false],"1536x1536":["https:\/\/arantv.az\/wp-content\/uploads\/2021\/03\/928200.jpg",800,600,false],"2048x2048":["https:\/\/arantv.az\/wp-content\/uploads\/2021\/03\/928200.jpg",800,600,false],"post-thumbnail":["https:\/\/arantv.az\/wp-content\/uploads\/2021\/03\/928200-240x172.jpg",240,172,true],"advps-thumb-one":["https:\/\/arantv.az\/wp-content\/uploads\/2021\/03\/928200.jpg",800,600,false]},"rttpg_author":{"display_name":"V\u00fcsal Rafiqo\u011flu","author_link":"https:\/\/arantv.az\/?author=2"},"rttpg_comment":0,"rttpg_category":"<a href=\"https:\/\/arantv.az\/?cat=26\" rel=\"category\">Sosial<\/a>","rttpg_excerpt":"Az\u0259rbaycan\u0131n su h\u00f6vz\u0259l\u0259rind\u0259 bal\u0131qlar\u0131n t\u00fck\u0259nm\u0259sinin v\u0259 yoxa \u00e7\u0131xmas\u0131n\u0131n \u0259sas s\u0259b\u0259bi insan amilidir. ARANTV.AZ bildirir ki, bunu\u00a0Trend-\u0259\u00a0a\u00e7\u0131qlamas\u0131nda Az\u0259rbaycan Bal\u0131q\u00e7\u0131lar \u0130ttifaq\u0131n\u0131n s\u0259dri \u018ffqan \u018fliyev deyib. Onun s\u00f6zl\u0259rin\u0259 g\u00f6r\u0259, bu g\u00fcn \u00f6lk\u0259nin \u0259ks\u0259r \u00e7aylar\u0131nda, su kanallar\u0131nda, g\u00f6ll\u0259rind\u0259 brakonyerlik yolu il\u0259 sintetik torlar qurulur, bal\u0131qlar\u0131n populyasiyas\u0131na imkan verilmir: &#8220;Az\u0259rbaycanda bal\u0131qlar\u0131n populyasiyas\u0131n\u0131 amans\u0131zcas\u0131na k\u0259sirl\u0259r, bu haqda bir ne\u00e7\u0259 d\u0259f\u0259 bizim&hellip;","_links":{"self":[{"href":"https:\/\/arantv.az\/index.php?rest_route=\/wp\/v2\/posts\/307801"}],"collection":[{"href":"https:\/\/arantv.az\/index.php?rest_route=\/wp\/v2\/posts"}],"about":[{"href":"https:\/\/arantv.az\/index.php?rest_route=\/wp\/v2\/types\/post"}],"author":[{"embeddable":true,"href":"https:\/\/arantv.az\/index.php?rest_route=\/wp\/v2\/users\/2"}],"replies":[{"embeddable":true,"href":"https:\/\/arantv.az\/index.php?rest_route=%2Fwp%2Fv2%2Fcomments&post=307801"}],"version-history":[{"count":0,"href":"https:\/\/arantv.az\/index.php?rest_route=\/wp\/v2\/posts\/307801\/revisions"}],"wp:featuredmedia":[{"embeddable":true,"href":"https:\/\/arantv.az\/index.php?rest_route=\/wp\/v2\/media\/307802"}],"wp:attachment":[{"href":"https:\/\/arantv.az\/index.php?rest_route=%2Fwp%2Fv2%2Fmedia&parent=307801"}],"wp:term":[{"taxonomy":"category","embeddable":true,"href":"https:\/\/arantv.az\/index.php?rest_route=%2Fwp%2Fv2%2Fcategories&post=307801"},{"taxonomy":"post_tag","embeddable":true,"href":"https:\/\/arantv.az\/index.php?rest_route=%2Fwp%2Fv2%2Ftags&post=307801"}],"curies":[{"name":"wp","href":"https:\/\/api.w.org\/{rel}","templated":true}]}}