{"id":307809,"date":"2021-03-05T15:32:13","date_gmt":"2021-03-05T12:32:13","guid":{"rendered":"http:\/\/arantv.az\/?p=307809"},"modified":"2021-03-05T15:32:13","modified_gmt":"2021-03-05T12:32:13","slug":"arabnews-q%c9%99zeti-az%c9%99rbaycan-pakistani-butun-sah%c9%99l%c9%99rd%c9%99-d%c9%99st%c9%99kl%c9%99yir","status":"publish","type":"post","link":"https:\/\/arantv.az\/?p=307809","title":{"rendered":"\u201cArabnews\u201d q\u0259zeti: Az\u0259rbaycan Pakistan\u0131 b\u00fct\u00fcn sah\u0259l\u0259rd\u0259 d\u0259st\u0259kl\u0259yir"},"content":{"rendered":"<p>Az\u0259rbaycan Prezidenti \u0130lham \u018fliyevin mart\u0131n 3-d\u0259 Pakistan \u0130slam Respublikas\u0131n\u0131n Birl\u0259\u015fmi\u015f Q\u0259rargah R\u0259isl\u0259ri Komit\u0259sinin s\u0259dri general Nadim Razan\u0131n ba\u015f\u00e7\u0131l\u0131q etdiyi n\u00fcmay\u0259nd\u0259 hey\u0259tini videoformatda q\u0259bul etm\u0259si \u0259r\u0259b v\u0259 Pakistan K\u0130V-l\u0259rind\u0259 geni\u015f i\u015f\u0131qland\u0131r\u0131l\u0131b.<\/p>\n<p><strong>ARANTV.AZ<\/strong>\u00a0\u00a0<a href=\"https:\/\/az.trend.az\/\" target=\"_blank\" rel=\"noopener\">Trend<\/a>-\u0259 istinad\u0259n bildirir ki,\u00a0n\u00fcfuzlu &#8220;Arabnews&#8221; q\u0259zetind\u0259 AZ\u018fRTAC-a istinadla yay\u0131lan &#8220;Az\u0259rbaycan Pakistan\u0131 b\u00fct\u00fcn sah\u0259l\u0259rd\u0259, o c\u00fcml\u0259d\u0259n K\u0259\u015fmir m\u0259s\u0259l\u0259sind\u0259 d\u0259st\u0259kl\u0259yir&#8221; s\u0259rl\u00f6vh\u0259li x\u0259b\u0259rd\u0259 d\u00f6vl\u0259timizin ba\u015f\u00e7\u0131s\u0131n\u0131n Az\u0259rbaycan\u0131n V\u0259t\u0259n m\u00fcharib\u0259sind\u0259 n\u00fcmayi\u015f etdiril\u0259n h\u0259mr\u0259yliy\u0259 v\u0259 d\u0259st\u0259y\u0259 g\u00f6r\u0259 qarda\u015f Pakistan xalq\u0131na t\u0259\u015f\u0259kk\u00fcr\u00fcn\u00fc bildirdiyi qeyd olunur. Yaz\u0131da Prezident \u0130lham \u018fliyevd\u0259n sitat da g\u0259tirilib: &#8220;Pakistan d\u00fcnyan\u0131n Erm\u0259nistanla diplomatik m\u00fcnasib\u0259tl\u0259r qurmayan azsayl\u0131 d\u00f6vl\u0259tl\u0259rind\u0259n biridir v\u0259 Az\u0259rbaycan\u0131n torpaqlar\u0131n\u0131n i\u015f\u011fal\u0131 s\u0259b\u0259bind\u0259n Erm\u0259nistan\u0131 r\u0259smi olaraq tan\u0131may\u0131b. Xalq\u0131m\u0131z bundan x\u0259b\u0259rdard\u0131r v\u0259 biz bunu \u00e7ox y\u00fcks\u0259k qiym\u0259tl\u0259ndiririk. Az\u0259rbaycan da \u00f6z n\u00f6vb\u0259sind\u0259, h\u0259r zaman K\u0259\u015fmir m\u0259s\u0259l\u0259si daxil olmaqla, b\u00fct\u00fcn dig\u0259r m\u0259s\u0259l\u0259l\u0259rd\u0259 Pakistan\u0131 d\u0259st\u0259kl\u0259yir&#8221;.<\/p>\n<p>Pakistan\u0131n n\u00fcfuzlu &#8220;The International&#8221; n\u0259\u015frind\u0259 yay\u0131lm\u0131\u015f x\u0259b\u0259rd\u0259 is\u0259 general Nadim Razan\u0131n Az\u0259rbaycan Prezidenti t\u0259r\u0259find\u0259n q\u0259bul edilm\u0259si, h\u0259m\u00e7inin m\u00fcdafi\u0259 naziri Zakir H\u0259s\u0259nov v\u0259 D\u00f6vl\u0259t T\u0259hl\u00fck\u0259sizlik Xidm\u0259tinin r\u0259isi \u018fli Na\u011f\u0131yevl\u0259 g\u00f6r\u00fc\u015fl\u0259ri bar\u0259d\u0259 Pakistan Birl\u0259\u015fmi\u015f Q\u0259rargah R\u0259isl\u0259ri Komit\u0259sinin m\u0259tbuat \u00fc\u00e7\u00fcn r\u0259smi a\u00e7\u0131qlamas\u0131 yay\u0131l\u0131b. Qeyd olunub ki, Pakistan Silahl\u0131 Q\u00fcvv\u0259l\u0259rinin r\u0259hb\u0259rliyi qarda\u015f Az\u0259rbaycan\u0131n Ordusu il\u0259 tam h\u0259mr\u0259yliyini ifad\u0259 edib.<\/p>\n","protected":false},"excerpt":{"rendered":"<p>Az\u0259rbaycan Prezidenti \u0130lham \u018fliyevin mart\u0131n 3-d\u0259 Pakistan \u0130slam Respublikas\u0131n\u0131n Birl\u0259\u015fmi\u015f Q\u0259rargah R\u0259isl\u0259ri Komit\u0259sinin s\u0259dri general Nadim Razan\u0131n ba\u015f\u00e7\u0131l\u0131q etdiyi n\u00fcmay\u0259nd\u0259 hey\u0259tini videoformatda q\u0259bul etm\u0259si \u0259r\u0259b v\u0259 Pakistan K\u0130V-l\u0259rind\u0259 geni\u015f i\u015f\u0131qland\u0131r\u0131l\u0131b. ARANTV.AZ\u00a0\u00a0Trend-\u0259 istinad\u0259n bildirir ki,\u00a0n\u00fcfuzlu &#8220;Arabnews&#8221; q\u0259zetind\u0259 AZ\u018fRTAC-a istinadla yay\u0131lan &#8220;Az\u0259rbaycan Pakistan\u0131 b\u00fct\u00fcn sah\u0259l\u0259rd\u0259, o c\u00fcml\u0259d\u0259n K\u0259\u015fmir m\u0259s\u0259l\u0259sind\u0259 d\u0259st\u0259kl\u0259yir&#8221; s\u0259rl\u00f6vh\u0259li x\u0259b\u0259rd\u0259 d\u00f6vl\u0259timizin ba\u015f\u00e7\u0131s\u0131n\u0131n Az\u0259rbaycan\u0131n V\u0259t\u0259n m\u00fcharib\u0259sind\u0259 n\u00fcmayi\u015f etdiril\u0259n h\u0259mr\u0259yliy\u0259 v\u0259 d\u0259st\u0259y\u0259 g\u00f6r\u0259 qarda\u015f Pakistan xalq\u0131na t\u0259\u015f\u0259kk\u00fcr\u00fcn\u00fc bildirdiyi qeyd olunur. Yaz\u0131da Prezident \u0130lham \u018fliyevd\u0259n sitat da g\u0259tirilib: &#8220;Pakistan d\u00fcnyan\u0131n Erm\u0259nistanla diplomatik m\u00fcnasib\u0259tl\u0259r qurmayan azsayl\u0131 d\u00f6vl\u0259tl\u0259rind\u0259n biridir v\u0259 Az\u0259rbaycan\u0131n torpaqlar\u0131n\u0131n i\u015f\u011fal\u0131 s\u0259b\u0259bind\u0259n Erm\u0259nistan\u0131&hellip;<\/p>\n","protected":false},"author":2,"featured_media":307810,"comment_status":"closed","ping_status":"closed","sticky":false,"template":"","format":"standard","meta":{"om_disable_all_campaigns":false,"_monsterinsights_skip_tracking":false,"_monsterinsights_sitenote_active":false,"_monsterinsights_sitenote_note":"","_monsterinsights_sitenote_category":0},"categories":[7],"tags":[],"aioseo_notices":[],"gutentor_comment":0,"rttpg_featured_image_url":{"full":["https:\/\/arantv.az\/wp-content\/uploads\/2021\/03\/928246.jpg",800,600,false],"landscape":["https:\/\/arantv.az\/wp-content\/uploads\/2021\/03\/928246.jpg",800,600,false],"portraits":["https:\/\/arantv.az\/wp-content\/uploads\/2021\/03\/928246.jpg",800,600,false],"thumbnail":["https:\/\/arantv.az\/wp-content\/uploads\/2021\/03\/928246-150x150.jpg",150,150,true],"medium":["https:\/\/arantv.az\/wp-content\/uploads\/2021\/03\/928246-300x225.jpg",300,225,true],"large":["https:\/\/arantv.az\/wp-content\/uploads\/2021\/03\/928246.jpg",640,480,false],"1536x1536":["https:\/\/arantv.az\/wp-content\/uploads\/2021\/03\/928246.jpg",800,600,false],"2048x2048":["https:\/\/arantv.az\/wp-content\/uploads\/2021\/03\/928246.jpg",800,600,false],"post-thumbnail":["https:\/\/arantv.az\/wp-content\/uploads\/2021\/03\/928246-240x172.jpg",240,172,true],"advps-thumb-one":["https:\/\/arantv.az\/wp-content\/uploads\/2021\/03\/928246.jpg",800,600,false]},"rttpg_author":{"display_name":"V\u00fcsal Rafiqo\u011flu","author_link":"https:\/\/arantv.az\/?author=2"},"rttpg_comment":0,"rttpg_category":"<a href=\"https:\/\/arantv.az\/?cat=7\" rel=\"category\">D\u00fcnya<\/a>","rttpg_excerpt":"Az\u0259rbaycan Prezidenti \u0130lham \u018fliyevin mart\u0131n 3-d\u0259 Pakistan \u0130slam Respublikas\u0131n\u0131n Birl\u0259\u015fmi\u015f Q\u0259rargah R\u0259isl\u0259ri Komit\u0259sinin s\u0259dri general Nadim Razan\u0131n ba\u015f\u00e7\u0131l\u0131q etdiyi n\u00fcmay\u0259nd\u0259 hey\u0259tini videoformatda q\u0259bul etm\u0259si \u0259r\u0259b v\u0259 Pakistan K\u0130V-l\u0259rind\u0259 geni\u015f i\u015f\u0131qland\u0131r\u0131l\u0131b. ARANTV.AZ\u00a0\u00a0Trend-\u0259 istinad\u0259n bildirir ki,\u00a0n\u00fcfuzlu &#8220;Arabnews&#8221; q\u0259zetind\u0259 AZ\u018fRTAC-a istinadla yay\u0131lan &#8220;Az\u0259rbaycan Pakistan\u0131 b\u00fct\u00fcn sah\u0259l\u0259rd\u0259, o c\u00fcml\u0259d\u0259n K\u0259\u015fmir m\u0259s\u0259l\u0259sind\u0259 d\u0259st\u0259kl\u0259yir&#8221; s\u0259rl\u00f6vh\u0259li x\u0259b\u0259rd\u0259 d\u00f6vl\u0259timizin ba\u015f\u00e7\u0131s\u0131n\u0131n Az\u0259rbaycan\u0131n V\u0259t\u0259n m\u00fcharib\u0259sind\u0259&hellip;","_links":{"self":[{"href":"https:\/\/arantv.az\/index.php?rest_route=\/wp\/v2\/posts\/307809"}],"collection":[{"href":"https:\/\/arantv.az\/index.php?rest_route=\/wp\/v2\/posts"}],"about":[{"href":"https:\/\/arantv.az\/index.php?rest_route=\/wp\/v2\/types\/post"}],"author":[{"embeddable":true,"href":"https:\/\/arantv.az\/index.php?rest_route=\/wp\/v2\/users\/2"}],"replies":[{"embeddable":true,"href":"https:\/\/arantv.az\/index.php?rest_route=%2Fwp%2Fv2%2Fcomments&post=307809"}],"version-history":[{"count":0,"href":"https:\/\/arantv.az\/index.php?rest_route=\/wp\/v2\/posts\/307809\/revisions"}],"wp:featuredmedia":[{"embeddable":true,"href":"https:\/\/arantv.az\/index.php?rest_route=\/wp\/v2\/media\/307810"}],"wp:attachment":[{"href":"https:\/\/arantv.az\/index.php?rest_route=%2Fwp%2Fv2%2Fmedia&parent=307809"}],"wp:term":[{"taxonomy":"category","embeddable":true,"href":"https:\/\/arantv.az\/index.php?rest_route=%2Fwp%2Fv2%2Fcategories&post=307809"},{"taxonomy":"post_tag","embeddable":true,"href":"https:\/\/arantv.az\/index.php?rest_route=%2Fwp%2Fv2%2Ftags&post=307809"}],"curies":[{"name":"wp","href":"https:\/\/api.w.org\/{rel}","templated":true}]}}