{"id":307821,"date":"2021-03-05T15:35:55","date_gmt":"2021-03-05T12:35:55","guid":{"rendered":"http:\/\/arantv.az\/?p=307821"},"modified":"2021-03-05T15:35:55","modified_gmt":"2021-03-05T12:35:55","slug":"elcin-quliyev-pakistanin-bas-q%c9%99rargah-r%c9%99isini-q%c9%99bul-etdi","status":"publish","type":"post","link":"https:\/\/arantv.az\/?p=307821","title":{"rendered":"El\u00e7in Quliyev Pakistan\u0131n Ba\u015f Q\u0259rargah r\u0259isini q\u0259bul etdi"},"content":{"rendered":"<p>Mart\u0131n 5-d\u0259 D\u00f6vl\u0259t S\u0259rh\u0259d Xidm\u0259tinin (DSX) r\u0259isi general-polkovnik El\u00e7in Quliyev \u00f6lk\u0259mizd\u0259 r\u0259smi s\u0259f\u0259rd\u0259 olan Pakistan \u0130slam Respublikas\u0131n\u0131n Silahl\u0131 Q\u00fcvv\u0259l\u0259rinin Birl\u0259\u015fmi\u015f Q\u0259rargah R\u0259isl\u0259ri Komit\u0259sinin s\u0259dri general Nadim Razan\u0131n ba\u015f\u00e7\u0131l\u0131q etdiyi n\u00fcmay\u0259nd\u0259 hey\u0259tini q\u0259bul edib.<\/p>\n<p>Bu bar\u0259d\u0259 DSX-nin M\u0259tbuat M\u0259rk\u0259zi\u00a0m\u0259lumat yay\u0131b.<\/p>\n<p>G\u00f6r\u00fc\u015fd\u0259 Az\u0259rbaycan v\u0259 Pakistan\u00a0aras\u0131nda dostluq v\u0259 strateji t\u0259r\u0259fda\u015fl\u0131q m\u00fcnasib\u0259tl\u0259ri m\u0259mnunluq hissi il\u0259 qeyd olunub, h\u0259rbi-texniki, t\u0259hl\u00fck\u0259sizlik sah\u0259l\u0259rind\u0259 ikit\u0259r\u0259fli \u0259m\u0259kda\u015f\u00adl\u0131\u011f\u0131n perspektivl\u0259rin\u0259 dair fikir m\u00fcbadil\u0259si apar\u0131l\u0131b.<\/p>\n<div id=\"AdviadNativeVideo0\" class=\"AdviadNativeVideo\"><\/div>\n<p>Az\u0259rbaycan Prezidenti \u0130lham \u018fliyevin M\u00fcz\u0259ff\u0259r Ali Ba\u015f Komandanl\u0131\u011f\u0131 alt\u0131nda V\u0259t\u0259n m\u00fchari\u00adb\u0259sind\u0259 qaza\u00adn\u0131lm\u0131\u015f parlaq Q\u0259l\u0259b\u0259 say\u0259sind\u0259 30 il\u0259 yax\u0131n m\u00fcdd\u0259td\u0259 milli v\u0259 s\u0259rh\u0259d t\u0259hl\u00fck\u0259sizliyin\u0259 \u0259sas t\u0259hdid olmu\u015f \u00f6lk\u0259 \u0259razisinin 20 faizinin v\u0259 d\u00f6vl\u0259t s\u0259rh\u0259dl\u0259rinin bir hiss\u0259sinin Erm\u0259nistan t\u0259r\u0259find\u0259n i\u015f\u011fal\u0131na son qoyuldu\u011fu bar\u0259d\u0259 m\u0259lumat verilib, Az\u0259rbaycan\u0131n \u0259razi b\u00fct\u00f6vl\u00fcy\u00fcn\u00fcn b\u0259rpas\u0131 u\u011frunda haqq i\u015find\u0259 Pakistan\u0131n g\u00f6st\u0259rdiyi d\u0259st\u0259yin y\u00fcks\u0259k qiym\u0259tl\u0259ndirildiyi vur\u011fulan\u0131b.<\/p>\n<p>G\u00f6r\u00fc\u015fd\u0259 regionda c\u0259r\u0259yan ed\u0259n hadis\u0259l\u0259r, s\u0259rh\u0259d t\u0259hl\u00fck\u0259sizliyin\u0259 olan \u00e7a\u011f\u0131r\u0131\u015flar \u0259traf\u0131nda fikir m\u00fcbadil\u0259si apar\u0131l\u0131b.<\/p>\n<p>T\u0259r\u0259fl\u0259r qar\u015f\u0131l\u0131ql\u0131 \u0259m\u0259kda\u015fl\u0131\u011f\u0131n u\u011furla inki\u015faf etdirilm\u0259si istiqam\u0259tind\u0259 birg\u0259 f\u0259aliyy\u0259tl\u0259rin davam etdirilm\u0259sinin vacibliyini vur\u011fulan\u0131b.<\/p>\n","protected":false},"excerpt":{"rendered":"<p>Mart\u0131n 5-d\u0259 D\u00f6vl\u0259t S\u0259rh\u0259d Xidm\u0259tinin (DSX) r\u0259isi general-polkovnik El\u00e7in Quliyev \u00f6lk\u0259mizd\u0259 r\u0259smi s\u0259f\u0259rd\u0259 olan Pakistan \u0130slam Respublikas\u0131n\u0131n Silahl\u0131 Q\u00fcvv\u0259l\u0259rinin Birl\u0259\u015fmi\u015f Q\u0259rargah R\u0259isl\u0259ri Komit\u0259sinin s\u0259dri general Nadim Razan\u0131n ba\u015f\u00e7\u0131l\u0131q etdiyi n\u00fcmay\u0259nd\u0259 hey\u0259tini q\u0259bul edib. Bu bar\u0259d\u0259 DSX-nin M\u0259tbuat M\u0259rk\u0259zi\u00a0m\u0259lumat yay\u0131b. G\u00f6r\u00fc\u015fd\u0259 Az\u0259rbaycan v\u0259 Pakistan\u00a0aras\u0131nda dostluq v\u0259 strateji t\u0259r\u0259fda\u015fl\u0131q m\u00fcnasib\u0259tl\u0259ri m\u0259mnunluq hissi il\u0259 qeyd olunub, h\u0259rbi-texniki, t\u0259hl\u00fck\u0259sizlik sah\u0259l\u0259rind\u0259 ikit\u0259r\u0259fli \u0259m\u0259kda\u015f\u00adl\u0131\u011f\u0131n perspektivl\u0259rin\u0259 dair fikir m\u00fcbadil\u0259si apar\u0131l\u0131b. Az\u0259rbaycan Prezidenti \u0130lham \u018fliyevin M\u00fcz\u0259ff\u0259r Ali Ba\u015f Komandanl\u0131\u011f\u0131 alt\u0131nda V\u0259t\u0259n m\u00fchari\u00adb\u0259sind\u0259 qaza\u00adn\u0131lm\u0131\u015f parlaq Q\u0259l\u0259b\u0259 say\u0259sind\u0259 30 il\u0259 yax\u0131n m\u00fcdd\u0259td\u0259 milli v\u0259 s\u0259rh\u0259d t\u0259hl\u00fck\u0259sizliyin\u0259 \u0259sas t\u0259hdid olmu\u015f \u00f6lk\u0259&hellip;<\/p>\n","protected":false},"author":2,"featured_media":307822,"comment_status":"closed","ping_status":"closed","sticky":false,"template":"","format":"standard","meta":{"om_disable_all_campaigns":false,"_monsterinsights_skip_tracking":false,"_monsterinsights_sitenote_active":false,"_monsterinsights_sitenote_note":"","_monsterinsights_sitenote_category":0},"categories":[26],"tags":[],"aioseo_notices":[],"gutentor_comment":0,"rttpg_featured_image_url":{"full":["https:\/\/arantv.az\/wp-content\/uploads\/2021\/03\/el.jpg",620,453,false],"landscape":["https:\/\/arantv.az\/wp-content\/uploads\/2021\/03\/el.jpg",620,453,false],"portraits":["https:\/\/arantv.az\/wp-content\/uploads\/2021\/03\/el.jpg",620,453,false],"thumbnail":["https:\/\/arantv.az\/wp-content\/uploads\/2021\/03\/el-150x150.jpg",150,150,true],"medium":["https:\/\/arantv.az\/wp-content\/uploads\/2021\/03\/el-300x219.jpg",300,219,true],"large":["https:\/\/arantv.az\/wp-content\/uploads\/2021\/03\/el.jpg",620,453,false],"1536x1536":["https:\/\/arantv.az\/wp-content\/uploads\/2021\/03\/el.jpg",620,453,false],"2048x2048":["https:\/\/arantv.az\/wp-content\/uploads\/2021\/03\/el.jpg",620,453,false],"post-thumbnail":["https:\/\/arantv.az\/wp-content\/uploads\/2021\/03\/el-240x172.jpg",240,172,true],"advps-thumb-one":["https:\/\/arantv.az\/wp-content\/uploads\/2021\/03\/el.jpg",620,453,false]},"rttpg_author":{"display_name":"V\u00fcsal Rafiqo\u011flu","author_link":"https:\/\/arantv.az\/?author=2"},"rttpg_comment":0,"rttpg_category":"<a href=\"https:\/\/arantv.az\/?cat=26\" rel=\"category\">Sosial<\/a>","rttpg_excerpt":"Mart\u0131n 5-d\u0259 D\u00f6vl\u0259t S\u0259rh\u0259d Xidm\u0259tinin (DSX) r\u0259isi general-polkovnik El\u00e7in Quliyev \u00f6lk\u0259mizd\u0259 r\u0259smi s\u0259f\u0259rd\u0259 olan Pakistan \u0130slam Respublikas\u0131n\u0131n Silahl\u0131 Q\u00fcvv\u0259l\u0259rinin Birl\u0259\u015fmi\u015f Q\u0259rargah R\u0259isl\u0259ri Komit\u0259sinin s\u0259dri general Nadim Razan\u0131n ba\u015f\u00e7\u0131l\u0131q etdiyi n\u00fcmay\u0259nd\u0259 hey\u0259tini q\u0259bul edib. Bu bar\u0259d\u0259 DSX-nin M\u0259tbuat M\u0259rk\u0259zi\u00a0m\u0259lumat yay\u0131b. G\u00f6r\u00fc\u015fd\u0259 Az\u0259rbaycan v\u0259 Pakistan\u00a0aras\u0131nda dostluq v\u0259 strateji t\u0259r\u0259fda\u015fl\u0131q m\u00fcnasib\u0259tl\u0259ri m\u0259mnunluq hissi il\u0259 qeyd olunub, h\u0259rbi-texniki, t\u0259hl\u00fck\u0259sizlik&hellip;","_links":{"self":[{"href":"https:\/\/arantv.az\/index.php?rest_route=\/wp\/v2\/posts\/307821"}],"collection":[{"href":"https:\/\/arantv.az\/index.php?rest_route=\/wp\/v2\/posts"}],"about":[{"href":"https:\/\/arantv.az\/index.php?rest_route=\/wp\/v2\/types\/post"}],"author":[{"embeddable":true,"href":"https:\/\/arantv.az\/index.php?rest_route=\/wp\/v2\/users\/2"}],"replies":[{"embeddable":true,"href":"https:\/\/arantv.az\/index.php?rest_route=%2Fwp%2Fv2%2Fcomments&post=307821"}],"version-history":[{"count":0,"href":"https:\/\/arantv.az\/index.php?rest_route=\/wp\/v2\/posts\/307821\/revisions"}],"wp:featuredmedia":[{"embeddable":true,"href":"https:\/\/arantv.az\/index.php?rest_route=\/wp\/v2\/media\/307822"}],"wp:attachment":[{"href":"https:\/\/arantv.az\/index.php?rest_route=%2Fwp%2Fv2%2Fmedia&parent=307821"}],"wp:term":[{"taxonomy":"category","embeddable":true,"href":"https:\/\/arantv.az\/index.php?rest_route=%2Fwp%2Fv2%2Fcategories&post=307821"},{"taxonomy":"post_tag","embeddable":true,"href":"https:\/\/arantv.az\/index.php?rest_route=%2Fwp%2Fv2%2Ftags&post=307821"}],"curies":[{"name":"wp","href":"https:\/\/api.w.org\/{rel}","templated":true}]}}