{"id":307888,"date":"2021-03-05T16:17:54","date_gmt":"2021-03-05T13:17:54","guid":{"rendered":"http:\/\/arantv.az\/?p=307888"},"modified":"2021-03-05T16:17:54","modified_gmt":"2021-03-05T13:17:54","slug":"yap-icra-katibliyi-l%c9%99gv-edildi","status":"publish","type":"post","link":"https:\/\/arantv.az\/?p=307888","title":{"rendered":"YAP icra katibliyi l\u0259\u011fv edildi"},"content":{"rendered":"<p>Yeni Az\u0259rbaycan Partiyas\u0131 icra katibliyi l\u0259\u011fv edilib.<\/p>\n<p><strong>ARANTV.AZ<\/strong>\u00a0\u00a0<a href=\"https:\/\/az.trend.az\/\" target=\"_blank\" rel=\"noopener\">Trend<\/a>-\u0259 istinad\u0259n bildirir ki,\u00a0\u0130cra katibliyinin \u0259v\u0259zin\u0259 M\u0259rk\u0259zi Aparat yarad\u0131l\u0131b v\u0259 Yeni Az\u0259rbaycan Partiyas\u0131n\u0131n S\u0259dri \u0130lham \u018fliyevin S\u0259r\u0259ncam\u0131 il\u0259 Tahir Budaqov partiya s\u0259drinin m\u00fcavini, aparat r\u0259hb\u0259ri y\u0259tin edilib.<\/p>\n<p>Qeyd ed\u0259k ki, YAP-\u0131n bu g\u00fcn ke\u00e7iril\u0259n n\u00f6vb\u0259d\u0259nk\u0259nar qurultay\u0131nda partiyan\u0131n nizamnam\u0259sin\u0259 d\u0259yi\u015fiklik edilib.<\/p>\n","protected":false},"excerpt":{"rendered":"<p>Yeni Az\u0259rbaycan Partiyas\u0131 icra katibliyi l\u0259\u011fv edilib. ARANTV.AZ\u00a0\u00a0Trend-\u0259 istinad\u0259n bildirir ki,\u00a0\u0130cra katibliyinin \u0259v\u0259zin\u0259 M\u0259rk\u0259zi Aparat yarad\u0131l\u0131b v\u0259 Yeni Az\u0259rbaycan Partiyas\u0131n\u0131n S\u0259dri \u0130lham \u018fliyevin S\u0259r\u0259ncam\u0131 il\u0259 Tahir Budaqov partiya s\u0259drinin m\u00fcavini, aparat r\u0259hb\u0259ri y\u0259tin edilib. Qeyd ed\u0259k ki, YAP-\u0131n bu g\u00fcn ke\u00e7iril\u0259n n\u00f6vb\u0259d\u0259nk\u0259nar qurultay\u0131nda partiyan\u0131n nizamnam\u0259sin\u0259 d\u0259yi\u015fiklik edilib.<\/p>\n","protected":false},"author":2,"featured_media":307889,"comment_status":"closed","ping_status":"closed","sticky":false,"template":"","format":"standard","meta":{"om_disable_all_campaigns":false,"_monsterinsights_skip_tracking":false,"_monsterinsights_sitenote_active":false,"_monsterinsights_sitenote_note":"","_monsterinsights_sitenote_category":0},"categories":[4],"tags":[],"aioseo_notices":[],"gutentor_comment":0,"rttpg_featured_image_url":{"full":["https:\/\/arantv.az\/wp-content\/uploads\/2021\/03\/928274.jpg",1200,900,false],"landscape":["https:\/\/arantv.az\/wp-content\/uploads\/2021\/03\/928274.jpg",1200,900,false],"portraits":["https:\/\/arantv.az\/wp-content\/uploads\/2021\/03\/928274.jpg",1200,900,false],"thumbnail":["https:\/\/arantv.az\/wp-content\/uploads\/2021\/03\/928274-150x150.jpg",150,150,true],"medium":["https:\/\/arantv.az\/wp-content\/uploads\/2021\/03\/928274-300x225.jpg",300,225,true],"large":["https:\/\/arantv.az\/wp-content\/uploads\/2021\/03\/928274-1024x768.jpg",640,480,true],"1536x1536":["https:\/\/arantv.az\/wp-content\/uploads\/2021\/03\/928274.jpg",1200,900,false],"2048x2048":["https:\/\/arantv.az\/wp-content\/uploads\/2021\/03\/928274.jpg",1200,900,false],"post-thumbnail":["https:\/\/arantv.az\/wp-content\/uploads\/2021\/03\/928274-240x172.jpg",240,172,true],"advps-thumb-one":["https:\/\/arantv.az\/wp-content\/uploads\/2021\/03\/928274-1200x620.jpg",1200,620,true]},"rttpg_author":{"display_name":"V\u00fcsal Rafiqo\u011flu","author_link":"https:\/\/arantv.az\/?author=2"},"rttpg_comment":0,"rttpg_category":"<a href=\"https:\/\/arantv.az\/?cat=4\" rel=\"category\">Siyas\u0259t<\/a>","rttpg_excerpt":"Yeni Az\u0259rbaycan Partiyas\u0131 icra katibliyi l\u0259\u011fv edilib. ARANTV.AZ\u00a0\u00a0Trend-\u0259 istinad\u0259n bildirir ki,\u00a0\u0130cra katibliyinin \u0259v\u0259zin\u0259 M\u0259rk\u0259zi Aparat yarad\u0131l\u0131b v\u0259 Yeni Az\u0259rbaycan Partiyas\u0131n\u0131n S\u0259dri \u0130lham \u018fliyevin S\u0259r\u0259ncam\u0131 il\u0259 Tahir Budaqov partiya s\u0259drinin m\u00fcavini, aparat r\u0259hb\u0259ri y\u0259tin edilib. Qeyd ed\u0259k ki, YAP-\u0131n bu g\u00fcn ke\u00e7iril\u0259n n\u00f6vb\u0259d\u0259nk\u0259nar qurultay\u0131nda partiyan\u0131n nizamnam\u0259sin\u0259 d\u0259yi\u015fiklik edilib.","_links":{"self":[{"href":"https:\/\/arantv.az\/index.php?rest_route=\/wp\/v2\/posts\/307888"}],"collection":[{"href":"https:\/\/arantv.az\/index.php?rest_route=\/wp\/v2\/posts"}],"about":[{"href":"https:\/\/arantv.az\/index.php?rest_route=\/wp\/v2\/types\/post"}],"author":[{"embeddable":true,"href":"https:\/\/arantv.az\/index.php?rest_route=\/wp\/v2\/users\/2"}],"replies":[{"embeddable":true,"href":"https:\/\/arantv.az\/index.php?rest_route=%2Fwp%2Fv2%2Fcomments&post=307888"}],"version-history":[{"count":0,"href":"https:\/\/arantv.az\/index.php?rest_route=\/wp\/v2\/posts\/307888\/revisions"}],"wp:featuredmedia":[{"embeddable":true,"href":"https:\/\/arantv.az\/index.php?rest_route=\/wp\/v2\/media\/307889"}],"wp:attachment":[{"href":"https:\/\/arantv.az\/index.php?rest_route=%2Fwp%2Fv2%2Fmedia&parent=307888"}],"wp:term":[{"taxonomy":"category","embeddable":true,"href":"https:\/\/arantv.az\/index.php?rest_route=%2Fwp%2Fv2%2Fcategories&post=307888"},{"taxonomy":"post_tag","embeddable":true,"href":"https:\/\/arantv.az\/index.php?rest_route=%2Fwp%2Fv2%2Ftags&post=307888"}],"curies":[{"name":"wp","href":"https:\/\/api.w.org\/{rel}","templated":true}]}}