{"id":307892,"date":"2021-03-05T16:18:43","date_gmt":"2021-03-05T13:18:43","guid":{"rendered":"http:\/\/arantv.az\/?p=307892"},"modified":"2021-03-05T16:18:43","modified_gmt":"2021-03-05T13:18:43","slug":"az%c9%99rbaycan-prezidenti-boyuk-olk%c9%99l%c9%99rin-numay%c9%99nd%c9%99l%c9%99ri-m%c9%99ni-ittiham-etdil%c9%99r-ki-ilham-%c9%99liyev-sulh-ist%c9%99mir","status":"publish","type":"post","link":"https:\/\/arantv.az\/?p=307892","title":{"rendered":"Az\u0259rbaycan Prezidenti: B\u00f6y\u00fck \u00f6lk\u0259l\u0259rin n\u00fcmay\u0259nd\u0259l\u0259ri m\u0259ni ittiham etdil\u0259r ki, \u0130lham \u018fliyev s\u00fclh ist\u0259mir"},"content":{"rendered":"<p><strong>B\u00f6y\u00fck \u00f6lk\u0259l\u0259rin n\u00fcmay\u0259nd\u0259l\u0259ri m\u0259ni ittiham etdil\u0259r ki, \u0130lham \u018fliyev s\u00fclh ist\u0259mir.<\/strong><\/p>\n<p><strong>ARANTV.AZ<\/strong>\u00a0\u00a0<a href=\"http:\/\/azertag.az\/\" target=\"_blank\" rel=\"noopener\">AZ\u018fRTAC<\/a>-a istinad\u0259n bildirir ki,\u00a0bunu Prezident \u0130lham \u018fliyev Yeni Az\u0259rbaycan Partiyas\u0131n\u0131n VII qurultay\u0131ndak\u0131 \u00e7\u0131x\u0131\u015f\u0131nda s\u00f6yl\u0259yib.<\/p>\n<p>D\u00f6vl\u0259t ba\u015f\u00e7\u0131s\u0131 bildirib:<\/p>\n<p>&#8220;M\u0259n deyirdim ki, s\u00fclh yolu il\u0259 m\u0259s\u0259l\u0259 h\u0259ll olunmasa, m\u00fcharib\u0259 yolu il\u0259 bunu h\u0259ll ed\u0259c\u0259yik. N\u0259 q\u0259d\u0259r m\u0259n\u0259 qar\u015f\u0131 t\u0259zyiql\u0259r oldu buna g\u00f6r\u0259. N\u0259 q\u0259d\u0259r m\u0259ni ittiham etdil\u0259r b\u00f6y\u00fck \u00f6lk\u0259l\u0259rin n\u00fcmay\u0259nd\u0259l\u0259ri ki, \u0130lham \u018fliyev s\u00fclh ist\u0259mir, m\u00fcharib\u0259 ist\u0259yir, kimis\u0259 h\u0259d\u0259l\u0259yir. M\u00fcharib\u0259 m\u00fcmk\u00fcn deyil. N\u0259 q\u0259d\u0259r siz d\u0259 e\u015fitmi\u015finiz, Az\u0259rbaycan xalq\u0131 da e\u015fidib ki, Da\u011fl\u0131q Qaraba\u011f m\u00fcnaqi\u015f\u0259sinin h\u0259rbi h\u0259lli yoxdur. Ta adam qalmam\u0131\u015fd\u0131 bunu dem\u0259sin. M\u0259n buna raz\u0131l\u0131q verdimmi? Xeyr. N\u0259 q\u0259d\u0259r m\u0259ni, nec\u0259 dey\u0259rl\u0259r, inand\u0131rma\u011fa \u00e7al\u0131\u015f\u0131rd\u0131lar ki, Erm\u0259nistan il\u0259 h\u0259r hans\u0131 bir formada bir protokol imzalans\u0131n ki, ancaq m\u0259s\u0259l\u0259 s\u00fclh yolu il\u0259 h\u0259ll olunsun. Y\u0259ni, h\u0259rbi yol istisna edilsin. M\u0259n buna raz\u0131l\u0131q verm\u0259mi\u015fdim. Ondan sonra m\u0259ni ittiham etm\u0259y\u0259 ba\u015flam\u0131\u015fd\u0131lar ki, \u0259g\u0259r Prezident buna raz\u0131l\u0131q vermirs\u0259, dem\u0259li m\u00fcharib\u0259y\u0259 haz\u0131rla\u015f\u0131r. Deyirdim, b\u0259li, haz\u0131rla\u015f\u0131ram, xalq haz\u0131rla\u015f\u0131r, d\u00f6vl\u0259t haz\u0131rla\u015f\u0131r. Demi\u015fdim ki, \u0259g\u0259r m\u0259s\u0259l\u0259 h\u0259ll olunmasa m\u00fcharib\u0259 yolu il\u0259 bunu h\u0259ll ed\u0259c\u0259yik. A\u00e7\u0131q demi\u015fdim, bunu m\u0259n gizl\u0259tmirdim. Bu haz\u0131rl\u0131q d\u00f6vr\u00fc idi. \u0130lk n\u00f6vb\u0259d\u0259 biz m\u0259n\u0259vi c\u0259h\u0259td\u0259n haz\u0131r olmal\u0131 idik. B\u00fct\u00fcn ba\u015fqa amill\u0259rl\u0259 b\u0259rab\u0259r, bax, bu amil h\u0259lledici rol oynam\u0131\u015fd\u0131r. M\u00fcharib\u0259nin ilk g\u00fcn\u00fcnd\u0259n m\u0259n\u0259vi \u00fcst\u00fcnl\u00fck bizd\u0259 idi. T\u0259kc\u0259 ona g\u00f6r\u0259 yox ki, biz haql\u0131 idik, onlar nahaq. Erm\u0259ni r\u0259smi t\u0259bli\u011fat\u0131 erm\u0259ni xalq\u0131n\u0131n beynini el\u0259 z\u0259h\u0259rl\u0259yib ki, onlar\u0131n b\u0259lk\u0259 bir \u00e7oxlar\u0131 hesab edirdil\u0259r onlar haql\u0131d\u0131r ki, bizim torpaqlar\u0131m\u0131z\u0131 z\u0259bt edirl\u0259r. M\u0259n demi\u015fdim, onlar\u0131 m\u00fcalic\u0259 etdirm\u0259k laz\u0131md\u0131r. Onlar x\u0259st\u0259l\u0259nibl\u0259r, koronavirusdan da bet\u0259r bir virus hopub bunlar\u0131n can\u0131na. O mill\u0259t\u00e7i v\u0259 irq\u00e7i, az\u0259rbaycanafob, islamafob erm\u0259ni siyas\u0259t\u00e7il\u0259ri, bax, buna g\u0259tirib \u00e7\u0131xard\u0131lar. T\u0259kc\u0259 ona g\u00f6r\u0259 yox ki, biz haql\u0131 idik. Biz m\u0259n\u0259vi \u00fcst\u00fcnl\u00fcy\u00fc ona g\u00f6r\u0259 \u0259ld\u0259 etdik ki, b\u00fct\u00fcn bu ill\u0259r \u0259rzind\u0259 bir amalla ya\u015fam\u0131\u015f\u0131q: \u0259razi b\u00fct\u00f6vl\u00fcy\u00fcm\u00fcz\u00fcn b\u0259rpa edilm\u0259si, d\u00fc\u015fm\u0259nl\u0259rin torpaqlar\u0131m\u0131zdan qovulmas\u0131&#8221;.<\/p>\n","protected":false},"excerpt":{"rendered":"<p>B\u00f6y\u00fck \u00f6lk\u0259l\u0259rin n\u00fcmay\u0259nd\u0259l\u0259ri m\u0259ni ittiham etdil\u0259r ki, \u0130lham \u018fliyev s\u00fclh ist\u0259mir. ARANTV.AZ\u00a0\u00a0AZ\u018fRTAC-a istinad\u0259n bildirir ki,\u00a0bunu Prezident \u0130lham \u018fliyev Yeni Az\u0259rbaycan Partiyas\u0131n\u0131n VII qurultay\u0131ndak\u0131 \u00e7\u0131x\u0131\u015f\u0131nda s\u00f6yl\u0259yib. D\u00f6vl\u0259t ba\u015f\u00e7\u0131s\u0131 bildirib: &#8220;M\u0259n deyirdim ki, s\u00fclh yolu il\u0259 m\u0259s\u0259l\u0259 h\u0259ll olunmasa, m\u00fcharib\u0259 yolu il\u0259 bunu h\u0259ll ed\u0259c\u0259yik. N\u0259 q\u0259d\u0259r m\u0259n\u0259 qar\u015f\u0131 t\u0259zyiql\u0259r oldu buna g\u00f6r\u0259. N\u0259 q\u0259d\u0259r m\u0259ni ittiham etdil\u0259r b\u00f6y\u00fck \u00f6lk\u0259l\u0259rin n\u00fcmay\u0259nd\u0259l\u0259ri ki, \u0130lham \u018fliyev s\u00fclh ist\u0259mir, m\u00fcharib\u0259 ist\u0259yir, kimis\u0259 h\u0259d\u0259l\u0259yir. M\u00fcharib\u0259 m\u00fcmk\u00fcn deyil. N\u0259 q\u0259d\u0259r siz d\u0259 e\u015fitmi\u015finiz, Az\u0259rbaycan xalq\u0131 da e\u015fidib ki, Da\u011fl\u0131q Qaraba\u011f m\u00fcnaqi\u015f\u0259sinin h\u0259rbi h\u0259lli yoxdur. Ta adam qalmam\u0131\u015fd\u0131&hellip;<\/p>\n","protected":false},"author":2,"featured_media":307893,"comment_status":"closed","ping_status":"closed","sticky":false,"template":"","format":"standard","meta":{"om_disable_all_campaigns":false,"_monsterinsights_skip_tracking":false,"_monsterinsights_sitenote_active":false,"_monsterinsights_sitenote_note":"","_monsterinsights_sitenote_category":0},"categories":[4],"tags":[],"aioseo_notices":[],"gutentor_comment":0,"rttpg_featured_image_url":{"full":["https:\/\/arantv.az\/wp-content\/uploads\/2021\/03\/928276.jpg",1000,608,false],"landscape":["https:\/\/arantv.az\/wp-content\/uploads\/2021\/03\/928276.jpg",1000,608,false],"portraits":["https:\/\/arantv.az\/wp-content\/uploads\/2021\/03\/928276.jpg",1000,608,false],"thumbnail":["https:\/\/arantv.az\/wp-content\/uploads\/2021\/03\/928276-150x150.jpg",150,150,true],"medium":["https:\/\/arantv.az\/wp-content\/uploads\/2021\/03\/928276-300x182.jpg",300,182,true],"large":["https:\/\/arantv.az\/wp-content\/uploads\/2021\/03\/928276.jpg",640,389,false],"1536x1536":["https:\/\/arantv.az\/wp-content\/uploads\/2021\/03\/928276.jpg",1000,608,false],"2048x2048":["https:\/\/arantv.az\/wp-content\/uploads\/2021\/03\/928276.jpg",1000,608,false],"post-thumbnail":["https:\/\/arantv.az\/wp-content\/uploads\/2021\/03\/928276-240x172.jpg",240,172,true],"advps-thumb-one":["https:\/\/arantv.az\/wp-content\/uploads\/2021\/03\/928276.jpg",1000,608,false]},"rttpg_author":{"display_name":"V\u00fcsal Rafiqo\u011flu","author_link":"https:\/\/arantv.az\/?author=2"},"rttpg_comment":0,"rttpg_category":"<a href=\"https:\/\/arantv.az\/?cat=4\" rel=\"category\">Siyas\u0259t<\/a>","rttpg_excerpt":"B\u00f6y\u00fck \u00f6lk\u0259l\u0259rin n\u00fcmay\u0259nd\u0259l\u0259ri m\u0259ni ittiham etdil\u0259r ki, \u0130lham \u018fliyev s\u00fclh ist\u0259mir. ARANTV.AZ\u00a0\u00a0AZ\u018fRTAC-a istinad\u0259n bildirir ki,\u00a0bunu Prezident \u0130lham \u018fliyev Yeni Az\u0259rbaycan Partiyas\u0131n\u0131n VII qurultay\u0131ndak\u0131 \u00e7\u0131x\u0131\u015f\u0131nda s\u00f6yl\u0259yib. D\u00f6vl\u0259t ba\u015f\u00e7\u0131s\u0131 bildirib: &#8220;M\u0259n deyirdim ki, s\u00fclh yolu il\u0259 m\u0259s\u0259l\u0259 h\u0259ll olunmasa, m\u00fcharib\u0259 yolu il\u0259 bunu h\u0259ll ed\u0259c\u0259yik. N\u0259 q\u0259d\u0259r m\u0259n\u0259 qar\u015f\u0131 t\u0259zyiql\u0259r oldu buna g\u00f6r\u0259. N\u0259 q\u0259d\u0259r m\u0259ni ittiham&hellip;","_links":{"self":[{"href":"https:\/\/arantv.az\/index.php?rest_route=\/wp\/v2\/posts\/307892"}],"collection":[{"href":"https:\/\/arantv.az\/index.php?rest_route=\/wp\/v2\/posts"}],"about":[{"href":"https:\/\/arantv.az\/index.php?rest_route=\/wp\/v2\/types\/post"}],"author":[{"embeddable":true,"href":"https:\/\/arantv.az\/index.php?rest_route=\/wp\/v2\/users\/2"}],"replies":[{"embeddable":true,"href":"https:\/\/arantv.az\/index.php?rest_route=%2Fwp%2Fv2%2Fcomments&post=307892"}],"version-history":[{"count":0,"href":"https:\/\/arantv.az\/index.php?rest_route=\/wp\/v2\/posts\/307892\/revisions"}],"wp:featuredmedia":[{"embeddable":true,"href":"https:\/\/arantv.az\/index.php?rest_route=\/wp\/v2\/media\/307893"}],"wp:attachment":[{"href":"https:\/\/arantv.az\/index.php?rest_route=%2Fwp%2Fv2%2Fmedia&parent=307892"}],"wp:term":[{"taxonomy":"category","embeddable":true,"href":"https:\/\/arantv.az\/index.php?rest_route=%2Fwp%2Fv2%2Fcategories&post=307892"},{"taxonomy":"post_tag","embeddable":true,"href":"https:\/\/arantv.az\/index.php?rest_route=%2Fwp%2Fv2%2Ftags&post=307892"}],"curies":[{"name":"wp","href":"https:\/\/api.w.org\/{rel}","templated":true}]}}