{"id":308114,"date":"2021-03-06T08:08:14","date_gmt":"2021-03-06T05:08:14","guid":{"rendered":"http:\/\/arantv.az\/?p=308114"},"modified":"2021-03-06T08:08:14","modified_gmt":"2021-03-06T05:08:14","slug":"diplomatik-korpus-numay%c9%99nd%c9%99l%c9%99rinin-azad-edilmis-%c9%99razil%c9%99r%c9%99-s%c9%99f%c9%99ri-basladi-foto","status":"publish","type":"post","link":"https:\/\/arantv.az\/?p=308114","title":{"rendered":"Diplomatik korpus n\u00fcmay\u0259nd\u0259l\u0259rinin azad edilmi\u015f \u0259razil\u0259r\u0259 s\u0259f\u0259ri ba\u015flad\u0131 &#8211; FOTO"},"content":{"rendered":"<p>Diplomatik korpus n\u00fcmay\u0259nd\u0259l\u0259rinin Az\u0259rbaycan\u0131n i\u015f\u011faldan azad edilmi\u015f \u0259razil\u0259rin\u0259 s\u0259f\u0259ri ba\u015flay\u0131b.<\/p>\n<p>Bununla ba\u011fl\u0131 Az\u0259rbaycan Prezidentinin k\u00f6m\u0259k\u00e7isi, Prezident Administrasiyas\u0131n\u0131n Xarici siyas\u0259t m\u0259s\u0259l\u0259l\u0259ri \u015f\u00f6b\u0259sinin m\u00fcdiri Hikm\u0259t Hac\u0131yev \u00f6z\u00fcn\u00fcn \u201cTwitter\u201d hesab\u0131nda m\u0259lumat verib:<\/p>\n<p>\u201cPrezident \u0130lham \u018fliyevin g\u00f6st\u0259ri\u015fi il\u0259 diplomatik korpuslar\u0131n n\u00fcmay\u0259nd\u0259l\u0259rini i\u015f\u011faldan azad edilmi\u015f F\u00fczuli, Qubadl\u0131 v\u0259 La\u00e7\u0131n b\u00f6lg\u0259l\u0259rini ziyar\u0259t etm\u0259k \u00fc\u00e7\u00fcn apar\u0131r\u0131q. S\u0259firl\u0259r\u0259, beyn\u0259lxalq t\u0259\u015fkilat r\u0259hb\u0259rl\u0259rin\u0259 v\u0259 h\u0259rbi atta\u015fel\u0259r\u0259 bu s\u0259f\u0259rd\u0259 biz\u0259 qo\u015fulduqlar\u0131na g\u00f6r\u0259 minn\u0259tdar\u0131q\u201d.<\/p>\n<div>\n<div class=\"twitter-tweet twitter-tweet-rendered\"><iframe id=\"twitter-widget-0\" class=\"\" title=\"Twitter Tweet\" src=\"https:\/\/platform.twitter.com\/embed\/Tweet.html?creatorScreenName=oxuaz&amp;dnt=false&amp;embedId=twitter-widget-0&amp;frame=false&amp;hideCard=false&amp;hideThread=false&amp;id=1368051842148671489&amp;lang=en&amp;origin=https%3A%2F%2Foxu.az%2Fpolitics%2F473463&amp;siteScreenName=oxuaz&amp;theme=light&amp;widgetsVersion=e1ffbdb%3A1614796141937&amp;width=550px\" frameborder=\"0\" scrolling=\"no\" allowfullscreen=\"allowfullscreen\" data-tweet-id=\"1368051842148671489\" data-mce-fragment=\"1\"><\/iframe><\/div>\n<\/div>\n<p>&nbsp;<\/p>\n","protected":false},"excerpt":{"rendered":"<p>Diplomatik korpus n\u00fcmay\u0259nd\u0259l\u0259rinin Az\u0259rbaycan\u0131n i\u015f\u011faldan azad edilmi\u015f \u0259razil\u0259rin\u0259 s\u0259f\u0259ri ba\u015flay\u0131b. Bununla ba\u011fl\u0131 Az\u0259rbaycan Prezidentinin k\u00f6m\u0259k\u00e7isi, Prezident Administrasiyas\u0131n\u0131n Xarici siyas\u0259t m\u0259s\u0259l\u0259l\u0259ri \u015f\u00f6b\u0259sinin m\u00fcdiri Hikm\u0259t Hac\u0131yev \u00f6z\u00fcn\u00fcn \u201cTwitter\u201d hesab\u0131nda m\u0259lumat verib: \u201cPrezident \u0130lham \u018fliyevin g\u00f6st\u0259ri\u015fi il\u0259 diplomatik korpuslar\u0131n n\u00fcmay\u0259nd\u0259l\u0259rini i\u015f\u011faldan azad edilmi\u015f F\u00fczuli, Qubadl\u0131 v\u0259 La\u00e7\u0131n b\u00f6lg\u0259l\u0259rini ziyar\u0259t etm\u0259k \u00fc\u00e7\u00fcn apar\u0131r\u0131q. S\u0259firl\u0259r\u0259, beyn\u0259lxalq t\u0259\u015fkilat r\u0259hb\u0259rl\u0259rin\u0259 v\u0259 h\u0259rbi atta\u015fel\u0259r\u0259 bu s\u0259f\u0259rd\u0259 biz\u0259 qo\u015fulduqlar\u0131na g\u00f6r\u0259 minn\u0259tdar\u0131q\u201d. &nbsp;<\/p>\n","protected":false},"author":2,"featured_media":308115,"comment_status":"closed","ping_status":"closed","sticky":false,"template":"","format":"standard","meta":{"om_disable_all_campaigns":false,"_monsterinsights_skip_tracking":false,"_monsterinsights_sitenote_active":false,"_monsterinsights_sitenote_note":"","_monsterinsights_sitenote_category":0},"categories":[4],"tags":[],"aioseo_notices":[],"gutentor_comment":0,"rttpg_featured_image_url":{"full":["https:\/\/arantv.az\/wp-content\/uploads\/2021\/03\/146734813_712174102780224_3264127719271842731_n.jpg",620,465,false],"landscape":["https:\/\/arantv.az\/wp-content\/uploads\/2021\/03\/146734813_712174102780224_3264127719271842731_n.jpg",620,465,false],"portraits":["https:\/\/arantv.az\/wp-content\/uploads\/2021\/03\/146734813_712174102780224_3264127719271842731_n.jpg",620,465,false],"thumbnail":["https:\/\/arantv.az\/wp-content\/uploads\/2021\/03\/146734813_712174102780224_3264127719271842731_n-150x150.jpg",150,150,true],"medium":["https:\/\/arantv.az\/wp-content\/uploads\/2021\/03\/146734813_712174102780224_3264127719271842731_n-300x225.jpg",300,225,true],"large":["https:\/\/arantv.az\/wp-content\/uploads\/2021\/03\/146734813_712174102780224_3264127719271842731_n.jpg",620,465,false],"1536x1536":["https:\/\/arantv.az\/wp-content\/uploads\/2021\/03\/146734813_712174102780224_3264127719271842731_n.jpg",620,465,false],"2048x2048":["https:\/\/arantv.az\/wp-content\/uploads\/2021\/03\/146734813_712174102780224_3264127719271842731_n.jpg",620,465,false],"post-thumbnail":["https:\/\/arantv.az\/wp-content\/uploads\/2021\/03\/146734813_712174102780224_3264127719271842731_n-240x172.jpg",240,172,true],"advps-thumb-one":["https:\/\/arantv.az\/wp-content\/uploads\/2021\/03\/146734813_712174102780224_3264127719271842731_n.jpg",620,465,false]},"rttpg_author":{"display_name":"V\u00fcsal Rafiqo\u011flu","author_link":"https:\/\/arantv.az\/?author=2"},"rttpg_comment":0,"rttpg_category":"<a href=\"https:\/\/arantv.az\/?cat=4\" rel=\"category\">Siyas\u0259t<\/a>","rttpg_excerpt":"Diplomatik korpus n\u00fcmay\u0259nd\u0259l\u0259rinin Az\u0259rbaycan\u0131n i\u015f\u011faldan azad edilmi\u015f \u0259razil\u0259rin\u0259 s\u0259f\u0259ri ba\u015flay\u0131b. Bununla ba\u011fl\u0131 Az\u0259rbaycan Prezidentinin k\u00f6m\u0259k\u00e7isi, Prezident Administrasiyas\u0131n\u0131n Xarici siyas\u0259t m\u0259s\u0259l\u0259l\u0259ri \u015f\u00f6b\u0259sinin m\u00fcdiri Hikm\u0259t Hac\u0131yev \u00f6z\u00fcn\u00fcn \u201cTwitter\u201d hesab\u0131nda m\u0259lumat verib: \u201cPrezident \u0130lham \u018fliyevin g\u00f6st\u0259ri\u015fi il\u0259 diplomatik korpuslar\u0131n n\u00fcmay\u0259nd\u0259l\u0259rini i\u015f\u011faldan azad edilmi\u015f F\u00fczuli, Qubadl\u0131 v\u0259 La\u00e7\u0131n b\u00f6lg\u0259l\u0259rini ziyar\u0259t etm\u0259k \u00fc\u00e7\u00fcn apar\u0131r\u0131q. S\u0259firl\u0259r\u0259, beyn\u0259lxalq t\u0259\u015fkilat r\u0259hb\u0259rl\u0259rin\u0259 v\u0259 h\u0259rbi&hellip;","_links":{"self":[{"href":"https:\/\/arantv.az\/index.php?rest_route=\/wp\/v2\/posts\/308114"}],"collection":[{"href":"https:\/\/arantv.az\/index.php?rest_route=\/wp\/v2\/posts"}],"about":[{"href":"https:\/\/arantv.az\/index.php?rest_route=\/wp\/v2\/types\/post"}],"author":[{"embeddable":true,"href":"https:\/\/arantv.az\/index.php?rest_route=\/wp\/v2\/users\/2"}],"replies":[{"embeddable":true,"href":"https:\/\/arantv.az\/index.php?rest_route=%2Fwp%2Fv2%2Fcomments&post=308114"}],"version-history":[{"count":0,"href":"https:\/\/arantv.az\/index.php?rest_route=\/wp\/v2\/posts\/308114\/revisions"}],"wp:featuredmedia":[{"embeddable":true,"href":"https:\/\/arantv.az\/index.php?rest_route=\/wp\/v2\/media\/308115"}],"wp:attachment":[{"href":"https:\/\/arantv.az\/index.php?rest_route=%2Fwp%2Fv2%2Fmedia&parent=308114"}],"wp:term":[{"taxonomy":"category","embeddable":true,"href":"https:\/\/arantv.az\/index.php?rest_route=%2Fwp%2Fv2%2Fcategories&post=308114"},{"taxonomy":"post_tag","embeddable":true,"href":"https:\/\/arantv.az\/index.php?rest_route=%2Fwp%2Fv2%2Ftags&post=308114"}],"curies":[{"name":"wp","href":"https:\/\/api.w.org\/{rel}","templated":true}]}}