{"id":308691,"date":"2021-03-07T17:05:11","date_gmt":"2021-03-07T14:05:11","guid":{"rendered":"http:\/\/arantv.az\/?p=308691"},"modified":"2021-03-07T17:05:11","modified_gmt":"2021-03-07T14:05:11","slug":"s%c9%99hid-orxan-pasazad%c9%99nin-anim-gunund%c9%99-ev-muzeyi-ziyar%c9%99t-edilib","status":"publish","type":"post","link":"https:\/\/arantv.az\/?p=308691","title":{"rendered":"\u015e\u0259hid Orxan Pa\u015fazad\u0259nin an\u0131m g\u00fcn\u00fcnd\u0259 ev muzeyi ziyar\u0259t edilib"},"content":{"rendered":"<p>C\u0259lilabad rayonunda \u015e\u0259hid Orxan Pa\u015fazad\u0259nin an\u0131m g\u00fcn\u00fcnd\u0259 ev muzeyi ziyar\u0259t edilib.<\/p>\n<p><strong>ARANTV.AZ\u00a0<\/strong> \u201cReport\u201da istinad\u0259n x\u0259b\u0259r verir ki, \u015f\u0259hid \u0259sg\u0259r Pa\u015fazad\u0259 Orxan Nazim o\u011flu 1996-c\u0131 il oktyabr ay\u0131n\u0131n 12-d\u0259 C\u0259lilabad rayonunun C\u0259f\u0259rxanl\u0131 k\u0259ndind\u0259 m\u00fc\u0259llim ail\u0259sind\u0259 d\u00fcnyaya g\u0259lib. C\u0259f\u0259rxanl\u0131 k\u0259nd \u00fcmumi orta m\u0259kt\u0259bind\u0259 9-cu sinfi bitirib. Tam orta t\u0259hsilini is\u0259 \u00dc\u00e7t\u0259p\u0259 k\u0259nd tam orta m\u0259kt\u0259bind\u0259 al\u0131b. 2014-c\u00fc ild\u0259 Nax\u00e7\u0131van D\u00f6vl\u0259t Universitetinin \u0130ngilis dili m\u00fc\u0259llimliyi fak\u00fclt\u0259sin\u0259 q\u0259bul olub, 2019-cu ild\u0259 oran\u0131 m\u00fcv\u0259ff\u0259qiyy\u0259tl\u0259 bitir\u0259r\u0259k 2019-cu ilin iyulunda h\u0259qiqi h\u0259rbi xidm\u0259t\u0259 yollan\u0131b.<\/p>\n<div class=\"full-post-article\">\n<p>2020-ci il mart\u0131n 5-d\u0259 Orxan Pa\u015fazad\u0259 Erm\u0259nistan silahl\u0131 q\u00fcvv\u0259l\u0259rinin b\u00f6lm\u0259l\u0259ri t\u0259r\u0259find\u0259n at\u0259\u015fk\u0259s rejiminin pozulmas\u0131 n\u0259tic\u0259sind\u0259 Qazax rayonu, Qu\u015f\u00e7u Ayr\u0131m k\u0259ndi yax\u0131nl\u0131\u011f\u0131ndak\u0131 s\u0259rh\u0259d d\u00f6y\u00fc\u015f m\u0259nt\u0259q\u0259sind\u0259 \u015f\u0259had\u0259t zirv\u0259sin\u0259 ucal\u0131b. Mart\u0131n 6-da C\u0259lilabad rayonunun C\u0259f\u0259rxanl\u0131 k\u0259ndind\u0259 yerl\u0259\u015f\u0259n q\u0259biristanl\u0131qda torpa\u011fa tap\u015f\u0131r\u0131l\u0131b.<\/p>\n<p>O. Pa\u015fazad\u0259 \u201cH\u0259rbi xidm\u0259td\u0259 f\u0259rql\u0259nm\u0259y\u0259 g\u00f6r\u0259\u201d 3-c\u00fc d\u0259r\u0259c\u0259li medalla t\u0259ltif edilib.<\/p>\n<p>Rayon sakinl\u0259ri v\u0259 r\u0259smil\u0259r \u015f\u0259hid Orxan Pa\u015fazad\u0259nin C\u0259f\u0259rxanl\u0131 k\u0259ndind\u0259ki ev muzeyinin ziyar\u0259t edibl\u0259r. Onun ruhuna dualar oxunub.<\/p>\n<p>Qeyd ed\u0259k ki, ev muzeyi \u00f6t\u0259n ilin oktyabr\u0131nda t\u0259\u015fkil edilib v\u0259 burada \u015f\u0259hid\u0259 m\u0259xsus \u015f\u0259xsi \u0259\u015fyalar, geyiml\u0259r qorunur.<\/p>\n<p>Allah r\u0259hm\u0259t el\u0259sin!<\/p>\n<div class=\"article-gallery\">\n<div class=\"lSSlideOuter \">\n<div class=\"lSSlideWrapper usingCss\">\n<ul id=\"imageGallery\" class=\"gallery list-unstyled lightSlider lSSlide\">\n<li class=\"clone left\" data-thumb=\"\/file\/articles\/2021\/03\/07\/1615093271_20210307_085935.jpg\" data-src=\"\/file\/articles\/2021\/03\/07\/1615093271_20210307_085935.jpg\"><img src=\"https:\/\/olke.az\/file\/articles\/2021\/03\/07\/1615093271_20210307_085935.jpg\" alt=\"\" \/><\/li>\n<li class=\"lslide\" data-thumb=\"\/file\/articles\/2021\/03\/07\/1615093354_c35c7dcf-11bd-370d-b41d-d9a11a57d308_321.jfif.jpg\" data-src=\"\/file\/articles\/2021\/03\/07\/1615093354_c35c7dcf-11bd-370d-b41d-d9a11a57d308_321.jfif.jpg\"><img src=\"https:\/\/olke.az\/file\/articles\/2021\/03\/07\/1615093354_c35c7dcf-11bd-370d-b41d-d9a11a57d308_321.jfif.jpg\" alt=\"\" \/><\/li>\n<li class=\"lslide active\" data-thumb=\"\/file\/articles\/2021\/03\/07\/1615093359_fa6a29aa-04e1-3e9e-a292-4b522e836850_321.jfif.jpg\" data-src=\"\/file\/articles\/2021\/03\/07\/1615093359_fa6a29aa-04e1-3e9e-a292-4b522e836850_321.jfif.jpg\"><img src=\"https:\/\/olke.az\/file\/articles\/2021\/03\/07\/1615093359_fa6a29aa-04e1-3e9e-a292-4b522e836850_321.jfif.jpg\" alt=\"\" \/><\/li>\n<li class=\"lslide\" data-thumb=\"\/file\/articles\/2021\/03\/07\/1615093326_234453a6-7692-3923-ad5a-e819115d9aed_321.jfif.jpg\" data-src=\"\/file\/articles\/2021\/03\/07\/1615093326_234453a6-7692-3923-ad5a-e819115d9aed_321.jfif.jpg\"><img src=\"https:\/\/olke.az\/file\/articles\/2021\/03\/07\/1615093326_234453a6-7692-3923-ad5a-e819115d9aed_321.jfif.jpg\" alt=\"\" \/><\/li>\n<li class=\"lslide\" data-thumb=\"\/file\/articles\/2021\/03\/07\/1615093278_1f6ff4bd-f12d-33c2-8d0b-dc0f8af2ace2_321.jfif.jpg\" data-src=\"\/file\/articles\/2021\/03\/07\/1615093278_1f6ff4bd-f12d-33c2-8d0b-dc0f8af2ace2_321.jfif.jpg\"><img src=\"https:\/\/olke.az\/file\/articles\/2021\/03\/07\/1615093278_1f6ff4bd-f12d-33c2-8d0b-dc0f8af2ace2_321.jfif.jpg\" alt=\"\" \/><\/li>\n<li class=\"lslide\" data-thumb=\"\/file\/articles\/2021\/03\/07\/1615093271_20210307_085935.jpg\" data-src=\"\/file\/articles\/2021\/03\/07\/1615093271_20210307_085935.jpg\"><\/li>\n<li class=\"clone right\" data-thumb=\"\/file\/articles\/2021\/03\/07\/1615093354_c35c7dcf-11bd-370d-b41d-d9a11a57d308_321.jfif.jpg\" data-src=\"\/file\/articles\/2021\/03\/07\/1615093354_c35c7dcf-11bd-370d-b41d-d9a11a57d308_321.jfif.jpg\"><\/li>\n<\/ul>\n<div class=\"lSAction\"><\/div>\n<\/div>\n<\/div>\n<\/div>\n<\/div>\n<div class=\"fb-comments\">\n<div id=\"fb-root\" class=\" fb_reset\">\n<div>\n<div><\/div>\n<\/div>\n<\/div>\n<div class=\"fb-comments fb_iframe_widget fb_iframe_widget_fluid_desktop\" data-href=\"https:\/\/olke.az\/olke\/221899\/sehid-orxan-pasazadenin-anim-gununde-ev-muzeyi-ziyaret-edilib\/\" data-width=\"100%\" data-numposts=\"5\"><\/div>\n<\/div>\n","protected":false},"excerpt":{"rendered":"<p>C\u0259lilabad rayonunda \u015e\u0259hid Orxan Pa\u015fazad\u0259nin an\u0131m g\u00fcn\u00fcnd\u0259 ev muzeyi ziyar\u0259t edilib. ARANTV.AZ\u00a0 \u201cReport\u201da istinad\u0259n x\u0259b\u0259r verir ki, \u015f\u0259hid \u0259sg\u0259r Pa\u015fazad\u0259 Orxan Nazim o\u011flu 1996-c\u0131 il oktyabr ay\u0131n\u0131n 12-d\u0259 C\u0259lilabad rayonunun C\u0259f\u0259rxanl\u0131 k\u0259ndind\u0259 m\u00fc\u0259llim ail\u0259sind\u0259 d\u00fcnyaya g\u0259lib. C\u0259f\u0259rxanl\u0131 k\u0259nd \u00fcmumi orta m\u0259kt\u0259bind\u0259 9-cu sinfi bitirib. Tam orta t\u0259hsilini is\u0259 \u00dc\u00e7t\u0259p\u0259 k\u0259nd tam orta m\u0259kt\u0259bind\u0259 al\u0131b. 2014-c\u00fc ild\u0259 Nax\u00e7\u0131van D\u00f6vl\u0259t Universitetinin \u0130ngilis dili m\u00fc\u0259llimliyi fak\u00fclt\u0259sin\u0259 q\u0259bul olub, 2019-cu ild\u0259 oran\u0131 m\u00fcv\u0259ff\u0259qiyy\u0259tl\u0259 bitir\u0259r\u0259k 2019-cu ilin iyulunda h\u0259qiqi h\u0259rbi xidm\u0259t\u0259 yollan\u0131b. 2020-ci il mart\u0131n 5-d\u0259 Orxan Pa\u015fazad\u0259 Erm\u0259nistan silahl\u0131 q\u00fcvv\u0259l\u0259rinin b\u00f6lm\u0259l\u0259ri t\u0259r\u0259find\u0259n at\u0259\u015fk\u0259s rejiminin&hellip;<\/p>\n","protected":false},"author":2,"featured_media":308692,"comment_status":"closed","ping_status":"closed","sticky":false,"template":"","format":"standard","meta":{"om_disable_all_campaigns":false,"_monsterinsights_skip_tracking":false,"_monsterinsights_sitenote_active":false,"_monsterinsights_sitenote_note":"","_monsterinsights_sitenote_category":0},"categories":[26],"tags":[],"aioseo_notices":[],"gutentor_comment":0,"rttpg_featured_image_url":{"full":["https:\/\/arantv.az\/wp-content\/uploads\/2021\/03\/1615093319_20210307_085935.jpg",770,415,false],"landscape":["https:\/\/arantv.az\/wp-content\/uploads\/2021\/03\/1615093319_20210307_085935.jpg",770,415,false],"portraits":["https:\/\/arantv.az\/wp-content\/uploads\/2021\/03\/1615093319_20210307_085935.jpg",770,415,false],"thumbnail":["https:\/\/arantv.az\/wp-content\/uploads\/2021\/03\/1615093319_20210307_085935-150x150.jpg",150,150,true],"medium":["https:\/\/arantv.az\/wp-content\/uploads\/2021\/03\/1615093319_20210307_085935-300x162.jpg",300,162,true],"large":["https:\/\/arantv.az\/wp-content\/uploads\/2021\/03\/1615093319_20210307_085935.jpg",640,345,false],"1536x1536":["https:\/\/arantv.az\/wp-content\/uploads\/2021\/03\/1615093319_20210307_085935.jpg",770,415,false],"2048x2048":["https:\/\/arantv.az\/wp-content\/uploads\/2021\/03\/1615093319_20210307_085935.jpg",770,415,false],"post-thumbnail":["https:\/\/arantv.az\/wp-content\/uploads\/2021\/03\/1615093319_20210307_085935-240x172.jpg",240,172,true],"advps-thumb-one":["https:\/\/arantv.az\/wp-content\/uploads\/2021\/03\/1615093319_20210307_085935.jpg",770,415,false]},"rttpg_author":{"display_name":"V\u00fcsal Rafiqo\u011flu","author_link":"https:\/\/arantv.az\/?author=2"},"rttpg_comment":0,"rttpg_category":"<a href=\"https:\/\/arantv.az\/?cat=26\" rel=\"category\">Sosial<\/a>","rttpg_excerpt":"C\u0259lilabad rayonunda \u015e\u0259hid Orxan Pa\u015fazad\u0259nin an\u0131m g\u00fcn\u00fcnd\u0259 ev muzeyi ziyar\u0259t edilib. ARANTV.AZ\u00a0 \u201cReport\u201da istinad\u0259n x\u0259b\u0259r verir ki, \u015f\u0259hid \u0259sg\u0259r Pa\u015fazad\u0259 Orxan Nazim o\u011flu 1996-c\u0131 il oktyabr ay\u0131n\u0131n 12-d\u0259 C\u0259lilabad rayonunun C\u0259f\u0259rxanl\u0131 k\u0259ndind\u0259 m\u00fc\u0259llim ail\u0259sind\u0259 d\u00fcnyaya g\u0259lib. C\u0259f\u0259rxanl\u0131 k\u0259nd \u00fcmumi orta m\u0259kt\u0259bind\u0259 9-cu sinfi bitirib. Tam orta t\u0259hsilini is\u0259 \u00dc\u00e7t\u0259p\u0259 k\u0259nd tam orta m\u0259kt\u0259bind\u0259 al\u0131b. 2014-c\u00fc&hellip;","_links":{"self":[{"href":"https:\/\/arantv.az\/index.php?rest_route=\/wp\/v2\/posts\/308691"}],"collection":[{"href":"https:\/\/arantv.az\/index.php?rest_route=\/wp\/v2\/posts"}],"about":[{"href":"https:\/\/arantv.az\/index.php?rest_route=\/wp\/v2\/types\/post"}],"author":[{"embeddable":true,"href":"https:\/\/arantv.az\/index.php?rest_route=\/wp\/v2\/users\/2"}],"replies":[{"embeddable":true,"href":"https:\/\/arantv.az\/index.php?rest_route=%2Fwp%2Fv2%2Fcomments&post=308691"}],"version-history":[{"count":0,"href":"https:\/\/arantv.az\/index.php?rest_route=\/wp\/v2\/posts\/308691\/revisions"}],"wp:featuredmedia":[{"embeddable":true,"href":"https:\/\/arantv.az\/index.php?rest_route=\/wp\/v2\/media\/308692"}],"wp:attachment":[{"href":"https:\/\/arantv.az\/index.php?rest_route=%2Fwp%2Fv2%2Fmedia&parent=308691"}],"wp:term":[{"taxonomy":"category","embeddable":true,"href":"https:\/\/arantv.az\/index.php?rest_route=%2Fwp%2Fv2%2Fcategories&post=308691"},{"taxonomy":"post_tag","embeddable":true,"href":"https:\/\/arantv.az\/index.php?rest_route=%2Fwp%2Fv2%2Ftags&post=308691"}],"curies":[{"name":"wp","href":"https:\/\/api.w.org\/{rel}","templated":true}]}}