{"id":308707,"date":"2021-03-07T17:12:26","date_gmt":"2021-03-07T14:12:26","guid":{"rendered":"http:\/\/arantv.az\/?p=308707"},"modified":"2021-03-07T17:13:55","modified_gmt":"2021-03-07T14:13:55","slug":"az%c9%99rbaycanda-don%c9%99rxanada-z%c9%99h%c9%99rl%c9%99nm%c9%99-17-yasli-g%c9%99nc-oldu","status":"publish","type":"post","link":"https:\/\/arantv.az\/?p=308707","title":{"rendered":"Az\u0259rbaycanda d\u00f6n\u0259rxanada Z\u018fH\u018fRL\u018fNM\u018f: 17 ya\u015fl\u0131 g\u0259nc \u00d6LD\u00dc"},"content":{"rendered":"<p>Xa\u00e7maz rayonunda d\u00f6n\u0259rxanada d\u0259m qaz\u0131ndan z\u0259h\u0259rl\u0259nm\u0259 hadis\u0259si ba\u015f verib.<\/p>\n<p><strong>ARANTV.AZ\u00a0<\/strong> x\u0259b\u0259r verir ki, hadis\u0259 rayon m\u0259rk\u0259zind\u0259ki \u201cK\u00f6hn\u0259 avtova\u011fzal\u201d adlanan \u0259razid\u0259 yerl\u0259\u015f\u0259n d\u00f6n\u0259rxanada qeyd\u0259 al\u0131n\u0131b.<\/p>\n<p>Hadis\u0259 n\u0259tic\u0259sind\u0259 rayonun \u018fhm\u0259doba k\u0259nd sakini, 2004-c\u00fc il t\u0259v\u0259ll\u00fcdl\u00fc S\u0259buhi \u0130smay\u0131l o\u011flu K\u0259rimov \u00f6l\u00fcb, M\u00fcz\u0259ff\u0259roba k\u0259nd sakini, 1995-ci il t\u0259v\u0259ll\u00fcdl\u00fc May\u0131l Eyyub o\u011flu M\u0259mm\u0259dov is\u0259 Xa\u00e7maz Rayon M\u0259rk\u0259zi X\u0259st\u0259xanas\u0131na yerl\u0259\u015fdirilib.<\/p>\n<p>Faktla ba\u011fl\u0131 ara\u015fd\u0131rma apar\u0131l\u0131r.\u201cReport\u201d<\/p>\n","protected":false},"excerpt":{"rendered":"<p>Xa\u00e7maz rayonunda d\u00f6n\u0259rxanada d\u0259m qaz\u0131ndan z\u0259h\u0259rl\u0259nm\u0259 hadis\u0259si ba\u015f verib. ARANTV.AZ\u00a0 x\u0259b\u0259r verir ki, hadis\u0259 rayon m\u0259rk\u0259zind\u0259ki \u201cK\u00f6hn\u0259 avtova\u011fzal\u201d adlanan \u0259razid\u0259 yerl\u0259\u015f\u0259n d\u00f6n\u0259rxanada qeyd\u0259 al\u0131n\u0131b. Hadis\u0259 n\u0259tic\u0259sind\u0259 rayonun \u018fhm\u0259doba k\u0259nd sakini, 2004-c\u00fc il t\u0259v\u0259ll\u00fcdl\u00fc S\u0259buhi \u0130smay\u0131l o\u011flu K\u0259rimov \u00f6l\u00fcb, M\u00fcz\u0259ff\u0259roba k\u0259nd sakini, 1995-ci il t\u0259v\u0259ll\u00fcdl\u00fc May\u0131l Eyyub o\u011flu M\u0259mm\u0259dov is\u0259 Xa\u00e7maz Rayon M\u0259rk\u0259zi X\u0259st\u0259xanas\u0131na yerl\u0259\u015fdirilib. Faktla ba\u011fl\u0131 ara\u015fd\u0131rma apar\u0131l\u0131r.\u201cReport\u201d<\/p>\n","protected":false},"author":2,"featured_media":308708,"comment_status":"closed","ping_status":"closed","sticky":false,"template":"","format":"standard","meta":{"om_disable_all_campaigns":false,"_monsterinsights_skip_tracking":false,"_monsterinsights_sitenote_active":false,"_monsterinsights_sitenote_note":"","_monsterinsights_sitenote_category":0},"categories":[5],"tags":[],"aioseo_notices":[],"gutentor_comment":0,"rttpg_featured_image_url":{"full":["https:\/\/arantv.az\/wp-content\/uploads\/2021\/03\/2019-11-23-16-24-01oYgiQ4Hc9gFEjJdv7Rit__61615126105.jpg",637,401,false],"landscape":["https:\/\/arantv.az\/wp-content\/uploads\/2021\/03\/2019-11-23-16-24-01oYgiQ4Hc9gFEjJdv7Rit__61615126105.jpg",637,401,false],"portraits":["https:\/\/arantv.az\/wp-content\/uploads\/2021\/03\/2019-11-23-16-24-01oYgiQ4Hc9gFEjJdv7Rit__61615126105.jpg",637,401,false],"thumbnail":["https:\/\/arantv.az\/wp-content\/uploads\/2021\/03\/2019-11-23-16-24-01oYgiQ4Hc9gFEjJdv7Rit__61615126105-150x150.jpg",150,150,true],"medium":["https:\/\/arantv.az\/wp-content\/uploads\/2021\/03\/2019-11-23-16-24-01oYgiQ4Hc9gFEjJdv7Rit__61615126105-300x189.jpg",300,189,true],"large":["https:\/\/arantv.az\/wp-content\/uploads\/2021\/03\/2019-11-23-16-24-01oYgiQ4Hc9gFEjJdv7Rit__61615126105.jpg",637,401,false],"1536x1536":["https:\/\/arantv.az\/wp-content\/uploads\/2021\/03\/2019-11-23-16-24-01oYgiQ4Hc9gFEjJdv7Rit__61615126105.jpg",637,401,false],"2048x2048":["https:\/\/arantv.az\/wp-content\/uploads\/2021\/03\/2019-11-23-16-24-01oYgiQ4Hc9gFEjJdv7Rit__61615126105.jpg",637,401,false],"post-thumbnail":["https:\/\/arantv.az\/wp-content\/uploads\/2021\/03\/2019-11-23-16-24-01oYgiQ4Hc9gFEjJdv7Rit__61615126105-240x172.jpg",240,172,true],"advps-thumb-one":["https:\/\/arantv.az\/wp-content\/uploads\/2021\/03\/2019-11-23-16-24-01oYgiQ4Hc9gFEjJdv7Rit__61615126105.jpg",637,401,false]},"rttpg_author":{"display_name":"V\u00fcsal Rafiqo\u011flu","author_link":"https:\/\/arantv.az\/?author=2"},"rttpg_comment":0,"rttpg_category":"<a href=\"https:\/\/arantv.az\/?cat=5\" rel=\"category\">Hadis\u0259<\/a>","rttpg_excerpt":"Xa\u00e7maz rayonunda d\u00f6n\u0259rxanada d\u0259m qaz\u0131ndan z\u0259h\u0259rl\u0259nm\u0259 hadis\u0259si ba\u015f verib. ARANTV.AZ\u00a0 x\u0259b\u0259r verir ki, hadis\u0259 rayon m\u0259rk\u0259zind\u0259ki \u201cK\u00f6hn\u0259 avtova\u011fzal\u201d adlanan \u0259razid\u0259 yerl\u0259\u015f\u0259n d\u00f6n\u0259rxanada qeyd\u0259 al\u0131n\u0131b. Hadis\u0259 n\u0259tic\u0259sind\u0259 rayonun \u018fhm\u0259doba k\u0259nd sakini, 2004-c\u00fc il t\u0259v\u0259ll\u00fcdl\u00fc S\u0259buhi \u0130smay\u0131l o\u011flu K\u0259rimov \u00f6l\u00fcb, M\u00fcz\u0259ff\u0259roba k\u0259nd sakini, 1995-ci il t\u0259v\u0259ll\u00fcdl\u00fc May\u0131l Eyyub o\u011flu M\u0259mm\u0259dov is\u0259 Xa\u00e7maz Rayon M\u0259rk\u0259zi X\u0259st\u0259xanas\u0131na yerl\u0259\u015fdirilib. Faktla&hellip;","_links":{"self":[{"href":"https:\/\/arantv.az\/index.php?rest_route=\/wp\/v2\/posts\/308707"}],"collection":[{"href":"https:\/\/arantv.az\/index.php?rest_route=\/wp\/v2\/posts"}],"about":[{"href":"https:\/\/arantv.az\/index.php?rest_route=\/wp\/v2\/types\/post"}],"author":[{"embeddable":true,"href":"https:\/\/arantv.az\/index.php?rest_route=\/wp\/v2\/users\/2"}],"replies":[{"embeddable":true,"href":"https:\/\/arantv.az\/index.php?rest_route=%2Fwp%2Fv2%2Fcomments&post=308707"}],"version-history":[{"count":0,"href":"https:\/\/arantv.az\/index.php?rest_route=\/wp\/v2\/posts\/308707\/revisions"}],"wp:featuredmedia":[{"embeddable":true,"href":"https:\/\/arantv.az\/index.php?rest_route=\/wp\/v2\/media\/308708"}],"wp:attachment":[{"href":"https:\/\/arantv.az\/index.php?rest_route=%2Fwp%2Fv2%2Fmedia&parent=308707"}],"wp:term":[{"taxonomy":"category","embeddable":true,"href":"https:\/\/arantv.az\/index.php?rest_route=%2Fwp%2Fv2%2Fcategories&post=308707"},{"taxonomy":"post_tag","embeddable":true,"href":"https:\/\/arantv.az\/index.php?rest_route=%2Fwp%2Fv2%2Ftags&post=308707"}],"curies":[{"name":"wp","href":"https:\/\/api.w.org\/{rel}","templated":true}]}}