{"id":308723,"date":"2021-03-07T18:11:47","date_gmt":"2021-03-07T15:11:47","guid":{"rendered":"http:\/\/arantv.az\/?p=308723"},"modified":"2021-03-07T18:11:47","modified_gmt":"2021-03-07T15:11:47","slug":"mili-h%c9%99mr%c9%99ylik-dovl%c9%99t-siyas%c9%99tinin-strateji-prioritetidir","status":"publish","type":"post","link":"https:\/\/arantv.az\/?p=308723","title":{"rendered":"Mili h\u0259mr\u0259ylik d\u00f6vl\u0259t siyas\u0259tinin strateji prioritetidir"},"content":{"rendered":"<p>Az\u0259rbaycan Respublikas\u0131n\u0131n Prezidenti, Yeni Az\u0259rbaycan Partiyas\u0131n\u0131n S\u0259dri\u00a0 \u0130lham \u018fliyev c\u0259nablar\u0131n\u0131n r\u0259hb\u0259rliyi il\u0259\u00a0 \u00f6lk\u0259mizd\u0259 milli h\u0259mr\u0259yliy\u0259 v\u0259 sa\u011flam dialoqa \u00a0xidm\u0259t \u00a0ed\u0259n \u00a0siyasi \u00a0islahatlar \u00a0n\u0259tic\u0259sid\u0259 \u00a0Az\u0259rbaycanda \u00a0milli \u00a0maraqlar\u0131n \u00a0\u00fcst\u00fcnl\u00fck \u00a0t\u0259\u015fkil etdiyi \u00a0d\u00f6vr \u00a0ya\u015fan\u0131r. \u00d6lk\u0259d\u0259 apar\u0131lan iqtidar-m\u00fcxalif\u0259t dialoqu n\u0259tic\u0259sind\u0259 \u0259ks\u0259r siyasi partiyalar\u0131n h\u0259m iqtidarla h\u0259m d\u0259 \u00f6z aralar\u0131nda sa\u011flam m\u00fcnasib\u0259tl\u0259ri formala\u015fm\u0131\u015f, \u00fcmumd\u00f6vl\u0259t m\u0259s\u0259l\u0259l\u0259rind\u0259 vahid m\u00f6vqe yaranm\u0131\u015fd\u0131r. \u00d6lk\u0259nin siyasi h\u0259yat\u0131nda yeni demokratik m\u0259zmunlu presedent yaranm\u0131\u015fd\u0131r. Az\u0259rbaycan Respublikas\u0131n\u0131n Prezidenti \u0130lham \u018fliyv c\u0259nablar\u0131n\u0131n \u201cBiz birlikd\u0259 g\u00fccl\u00fcy\u00fck\u201d fikri d\u00f6vl\u0259t siyas\u0259tinin \u0259sas f\u0259ls\u0259f\u0259sin\u0259 \u00e7evril\u0259r\u0259k siyasi m\u00fcnasib\u0259tl\u0259rd\u0259 \u00a0d\u0259 \u00a0\u00f6z \u00a0\u0259ksini tap\u0131r. Yeni \u00a0Az\u0259rbaycan Partiyas\u0131n\u0131n VII qurultay\u0131nda 6 siyasi partiyan\u0131n YAP-a qo\u015fulmas\u0131na dair q\u0259rar q\u0259bul edildi: Az\u0259rbaycan Xalq Demokratik Partiyas\u0131, Az\u0259rbaycan K\u0259ndli Partiyas\u0131, Milli Qurtulu\u015f Partiyas\u0131, Az\u0259rbaycan Yurdda\u015f Partiyas\u0131, Az\u0259rbaycan Milli H\u0259r\u0259kat Partiyas\u0131 \u00a0v\u0259 \u00a0Az\u0259rbaycan \u00a0Demokrat \u00a0Sahibkarlar \u00a0Partiyas\u0131. \u00a0Bu fakt Az\u0259rbaycanda d\u00f6vl\u0259t v\u0259 milli maraqlar namin\u0259 m\u00fcxt\u0259lif siyasi q\u00fcvvv\u0259l\u0259rin inteqrasiya n\u00fcmun\u0259sidir. C\u0259nab Prezident, Yeni Az\u0259rbaycan Partiyas\u0131n\u0131n S\u0259dri \u0130lham \u018fliyev YAP-\u0131n VII qurultay\u0131ndak\u0131 nitqind\u0259 qeyd etmi\u015fdir ki, \u201cBizim dost partiyalar\u0131n bu g\u00fcn biz\u0259 qo\u015fulmas\u0131 \u00e7ox \u00f6n\u0259mli, \u0259lam\u0259tdar hadis\u0259dir. Bu da siyas\u0259timizin t\u0259kmill\u0259\u015fdirilm\u0259si istiqam\u0259tind\u0259 at\u0131lan n\u00f6vb\u0259ti add\u0131md\u0131r v\u0259 eyni zamanda , g\u00f6st\u0259rir ki, partiyam\u0131z\u0131n h\u0259m m\u0259ram\u0131, h\u0259m proqram\u0131, f\u0259aliyy\u0259ti v\u0259 \u0259ld\u0259 etdiyi naliyy\u0259tl\u0259r dost partiyalar \u00fc\u00e7\u00fcn d\u0259 c\u0259lbedicidir. \u018fmin\u0259m ki, bir ne\u00e7\u0259 partiyan\u0131n \u00a0Yeni \u00a0Az\u0259rbaycan \u00a0Partiyas\u0131 \u00a0il\u0259 \u00a0birl\u0259\u015fm\u0259si \u00a0partiyam\u0131z\u0131 \u00a0g\u00fccl\u0259ndir\u0259c\u0259k. Bu partiyalar\u0131n \u00fczvl\u0259rini biz q\u0259bul etdik, onlara bizim ail\u0259y\u0259 \u201cXo\u015f g\u0259lmisiniz\u201d deyirik\u201d.<\/p>\n<p>C\u0259nab Prezident \u0130lham \u018fliyevin\u00a0 t\u0259\u015f\u0259bb\u00fcs\u00fc v\u0259 r\u0259hb\u0259rliyi il\u0259 h\u0259yata ke\u00e7iril\u0259n milli h\u0259mr\u0259ylik siyas\u0259ti, V\u0259t\u0259n m\u00fcharib\u0259sind\u0259 M\u00f6ht\u0259\u015f\u0259m Q\u0259l\u0259b\u0259nin \u0259ld\u0259 olunmas\u0131nda \u00a0m\u00fch\u00fcm \u00a0rol oynam\u0131\u015f v\u0259 qazan\u0131lm\u0131\u015f bu Q\u0259l\u0259b\u0259 \u00f6lk\u0259d\u0259 milli birliyi daha da g\u00fccl\u0259ndirmi\u015fdir. Az\u0259rbaycanda ya\u015fayan b\u00fct\u00fcn xalqlar\u0131n n\u00fcmayy\u0259nd\u0259l\u0259ri \u00f6zl\u0259rini \u00e7ox rahat hiss edirl\u0259r,\u00f6z ail\u0259sind\u0259, \u00f6z do\u011fma torpaqlar\u0131nda hiss edirl\u0259r. Xalqlar aras\u0131na dostluq, mehriban m\u00fcnasib\u0259tl\u0259r\u00a0 Az\u0259rbaycan xalq\u0131n\u0131n b\u00f6y\u00fck s\u0259rv\u0259tidir. Biz bunu daima qorumal\u0131y\u0131q. Bu siyas\u0259t xalq\u0131m\u0131z t\u0259r\u0259find\u0259n\u00a0 q\u0259bul edilir v\u0259 daim d\u0259st\u0259kl\u0259nir. \u00a0\u0130kinci \u00a0Qaraba\u011f \u00a0m\u00fcharib\u0259sind\u0259 \u00a0Az\u0259rbaycanda \u00a0ya\u015fayan b\u00fct\u00fcn xalqlar\u0131n n\u00fcmayy\u0259nd\u0259l\u0259ri bir yerd\u0259 f\u0259d\u0259karl\u0131q, q\u0259hr\u0259manl\u0131q g\u00f6st\u0259rmi\u015fl\u0259r, v\u0259t\u0259n u\u011frunda \u015f\u0259hid olmu\u015flar, Az\u0259rbaycan bayra\u011f\u0131 alt\u0131nda \u00a0d\u00f6y\u00fc\u015fm\u00fc\u015f, q\u0259hr\u0259manlq \u00a0n\u00fcmun\u0259l\u0259ri g\u00f6st\u0259r\u0259r\u0259k, do\u011fma torpaqlar\u0131m\u0131z\u0131 i\u015f\u011faldan azad ed\u0259r\u0259k \u0259razi \u00a0b\u00fctvl\u00fcy\u00fcm\u00fczi \u00a0b\u0259rpa etmi\u015fl\u0259r.<\/p>\n<p><strong>Rauf \u018fliyev<\/strong><\/p>\n<p><strong>Mili M\u0259clisin deputat\u0131<\/strong><\/p>\n","protected":false},"excerpt":{"rendered":"<p>Az\u0259rbaycan Respublikas\u0131n\u0131n Prezidenti, Yeni Az\u0259rbaycan Partiyas\u0131n\u0131n S\u0259dri\u00a0 \u0130lham \u018fliyev c\u0259nablar\u0131n\u0131n r\u0259hb\u0259rliyi il\u0259\u00a0 \u00f6lk\u0259mizd\u0259 milli h\u0259mr\u0259yliy\u0259 v\u0259 sa\u011flam dialoqa \u00a0xidm\u0259t \u00a0ed\u0259n \u00a0siyasi \u00a0islahatlar \u00a0n\u0259tic\u0259sid\u0259 \u00a0Az\u0259rbaycanda \u00a0milli \u00a0maraqlar\u0131n \u00a0\u00fcst\u00fcnl\u00fck \u00a0t\u0259\u015fkil etdiyi \u00a0d\u00f6vr \u00a0ya\u015fan\u0131r. \u00d6lk\u0259d\u0259 apar\u0131lan iqtidar-m\u00fcxalif\u0259t dialoqu n\u0259tic\u0259sind\u0259 \u0259ks\u0259r siyasi partiyalar\u0131n h\u0259m iqtidarla h\u0259m d\u0259 \u00f6z aralar\u0131nda sa\u011flam m\u00fcnasib\u0259tl\u0259ri formala\u015fm\u0131\u015f, \u00fcmumd\u00f6vl\u0259t m\u0259s\u0259l\u0259l\u0259rind\u0259 vahid m\u00f6vqe yaranm\u0131\u015fd\u0131r. \u00d6lk\u0259nin siyasi h\u0259yat\u0131nda yeni demokratik m\u0259zmunlu presedent yaranm\u0131\u015fd\u0131r. Az\u0259rbaycan Respublikas\u0131n\u0131n Prezidenti \u0130lham \u018fliyv c\u0259nablar\u0131n\u0131n \u201cBiz birlikd\u0259 g\u00fccl\u00fcy\u00fck\u201d fikri d\u00f6vl\u0259t siyas\u0259tinin \u0259sas f\u0259ls\u0259f\u0259sin\u0259 \u00e7evril\u0259r\u0259k siyasi m\u00fcnasib\u0259tl\u0259rd\u0259 \u00a0d\u0259 \u00a0\u00f6z \u00a0\u0259ksini tap\u0131r. Yeni \u00a0Az\u0259rbaycan Partiyas\u0131n\u0131n VII qurultay\u0131nda 6 siyasi partiyan\u0131n&hellip;<\/p>\n","protected":false},"author":2,"featured_media":308724,"comment_status":"closed","ping_status":"closed","sticky":false,"template":"","format":"standard","meta":{"om_disable_all_campaigns":false,"_monsterinsights_skip_tracking":false,"_monsterinsights_sitenote_active":false,"_monsterinsights_sitenote_note":"","_monsterinsights_sitenote_category":0},"categories":[4],"tags":[],"aioseo_notices":[],"gutentor_comment":0,"rttpg_featured_image_url":{"full":["https:\/\/arantv.az\/wp-content\/uploads\/2021\/03\/8bcf57ca160035479861732137810806787.jpg",975,540,false],"landscape":["https:\/\/arantv.az\/wp-content\/uploads\/2021\/03\/8bcf57ca160035479861732137810806787.jpg",975,540,false],"portraits":["https:\/\/arantv.az\/wp-content\/uploads\/2021\/03\/8bcf57ca160035479861732137810806787.jpg",975,540,false],"thumbnail":["https:\/\/arantv.az\/wp-content\/uploads\/2021\/03\/8bcf57ca160035479861732137810806787-150x150.jpg",150,150,true],"medium":["https:\/\/arantv.az\/wp-content\/uploads\/2021\/03\/8bcf57ca160035479861732137810806787-300x166.jpg",300,166,true],"large":["https:\/\/arantv.az\/wp-content\/uploads\/2021\/03\/8bcf57ca160035479861732137810806787.jpg",640,354,false],"1536x1536":["https:\/\/arantv.az\/wp-content\/uploads\/2021\/03\/8bcf57ca160035479861732137810806787.jpg",975,540,false],"2048x2048":["https:\/\/arantv.az\/wp-content\/uploads\/2021\/03\/8bcf57ca160035479861732137810806787.jpg",975,540,false],"post-thumbnail":["https:\/\/arantv.az\/wp-content\/uploads\/2021\/03\/8bcf57ca160035479861732137810806787-240x172.jpg",240,172,true],"advps-thumb-one":["https:\/\/arantv.az\/wp-content\/uploads\/2021\/03\/8bcf57ca160035479861732137810806787.jpg",975,540,false]},"rttpg_author":{"display_name":"V\u00fcsal Rafiqo\u011flu","author_link":"https:\/\/arantv.az\/?author=2"},"rttpg_comment":0,"rttpg_category":"<a href=\"https:\/\/arantv.az\/?cat=4\" rel=\"category\">Siyas\u0259t<\/a>","rttpg_excerpt":"Az\u0259rbaycan Respublikas\u0131n\u0131n Prezidenti, Yeni Az\u0259rbaycan Partiyas\u0131n\u0131n S\u0259dri\u00a0 \u0130lham \u018fliyev c\u0259nablar\u0131n\u0131n r\u0259hb\u0259rliyi il\u0259\u00a0 \u00f6lk\u0259mizd\u0259 milli h\u0259mr\u0259yliy\u0259 v\u0259 sa\u011flam dialoqa \u00a0xidm\u0259t \u00a0ed\u0259n \u00a0siyasi \u00a0islahatlar \u00a0n\u0259tic\u0259sid\u0259 \u00a0Az\u0259rbaycanda \u00a0milli \u00a0maraqlar\u0131n \u00a0\u00fcst\u00fcnl\u00fck \u00a0t\u0259\u015fkil etdiyi \u00a0d\u00f6vr \u00a0ya\u015fan\u0131r. \u00d6lk\u0259d\u0259 apar\u0131lan iqtidar-m\u00fcxalif\u0259t dialoqu n\u0259tic\u0259sind\u0259 \u0259ks\u0259r siyasi partiyalar\u0131n h\u0259m iqtidarla h\u0259m d\u0259 \u00f6z aralar\u0131nda sa\u011flam m\u00fcnasib\u0259tl\u0259ri formala\u015fm\u0131\u015f, \u00fcmumd\u00f6vl\u0259t m\u0259s\u0259l\u0259l\u0259rind\u0259 vahid m\u00f6vqe yaranm\u0131\u015fd\u0131r. \u00d6lk\u0259nin siyasi&hellip;","_links":{"self":[{"href":"https:\/\/arantv.az\/index.php?rest_route=\/wp\/v2\/posts\/308723"}],"collection":[{"href":"https:\/\/arantv.az\/index.php?rest_route=\/wp\/v2\/posts"}],"about":[{"href":"https:\/\/arantv.az\/index.php?rest_route=\/wp\/v2\/types\/post"}],"author":[{"embeddable":true,"href":"https:\/\/arantv.az\/index.php?rest_route=\/wp\/v2\/users\/2"}],"replies":[{"embeddable":true,"href":"https:\/\/arantv.az\/index.php?rest_route=%2Fwp%2Fv2%2Fcomments&post=308723"}],"version-history":[{"count":0,"href":"https:\/\/arantv.az\/index.php?rest_route=\/wp\/v2\/posts\/308723\/revisions"}],"wp:featuredmedia":[{"embeddable":true,"href":"https:\/\/arantv.az\/index.php?rest_route=\/wp\/v2\/media\/308724"}],"wp:attachment":[{"href":"https:\/\/arantv.az\/index.php?rest_route=%2Fwp%2Fv2%2Fmedia&parent=308723"}],"wp:term":[{"taxonomy":"category","embeddable":true,"href":"https:\/\/arantv.az\/index.php?rest_route=%2Fwp%2Fv2%2Fcategories&post=308723"},{"taxonomy":"post_tag","embeddable":true,"href":"https:\/\/arantv.az\/index.php?rest_route=%2Fwp%2Fv2%2Ftags&post=308723"}],"curies":[{"name":"wp","href":"https:\/\/api.w.org\/{rel}","templated":true}]}}