{"id":308727,"date":"2021-03-07T18:13:22","date_gmt":"2021-03-07T15:13:22","guid":{"rendered":"http:\/\/arantv.az\/?p=308727"},"modified":"2021-03-07T18:13:22","modified_gmt":"2021-03-07T15:13:22","slug":"s%c9%99hid-ail%c9%99l%c9%99ri-ziyar%c9%99t-olunub","status":"publish","type":"post","link":"https:\/\/arantv.az\/?p=308727","title":{"rendered":"\u015e\u0259hid ail\u0259l\u0259ri ziyar\u0259t olunub"},"content":{"rendered":"<p>Zaqatala Rayon Polis \u015e\u00f6b\u0259sinin \u0259m\u0259kda\u015flar\u0131 V\u0259t\u0259n m\u00fcharib\u0259sind\u0259 \u015f\u0259hid olan h\u0259rb\u00e7il\u0259rimizin ail\u0259l\u0259rini ziyar\u0259t edibl\u0259r.<\/p>\n<p><strong>ARANTV.AZ\u00a0\u00a0<\/strong>x\u0259b\u0259r verir ki, Daxili \u0130\u015fl\u0259r Nazirliyinin M\u0259tbuat Xidm\u0259tinin \u015e\u0259ki regional qrupundan\u00a0bildirilib ki, ziyar\u0259t zaman\u0131 xatir\u0259si h\u0259r birimiz \u00fc\u00e7\u00fcn \u0259ziz olan \u015f\u0259hidl\u0259rimizin h\u00fcn\u0259ri bir daha yad edilib, onlar\u0131n torpaqlar\u0131m\u0131z\u0131n azadl\u0131\u011f\u0131 \u00fc\u00e7\u00fcn f\u0259dakarl\u0131qlar\u0131 xat\u0131rlan\u0131b, tariximizd\u0259 \u0259b\u0259di ya\u015fayacaqlar\u0131 qeyd olunub. Polis \u0259m\u0259kda\u015flar\u0131 8 Mart &#8211; Beyn\u0259lxalq Qad\u0131nlar G\u00fcn\u00fc m\u00fcnasib\u0259til\u0259 \u015f\u0259hidl\u0259rin qad\u0131n ail\u0259 \u00fczvl\u0259rini t\u0259brik ed\u0259r\u0259k, g\u0259tirdikl\u0259ri h\u0259diyy\u0259l\u0259ri t\u0259qdim edib, q\u0131z \u00f6vladlar\u0131n\u0131n t\u0259hsili il\u0259 maraqlan\u0131blar.<\/p>\n<p>Torpaqlar\u0131m\u0131z\u0131n i\u015f\u011faldan azad edilm\u0259sind\u0259 can\u0131ndan ke\u00e7\u0259n o\u011fullar\u0131m\u0131z\u0131n ail\u0259 \u00fczvl\u0259ri onlara g\u00f6st\u0259ril\u0259n diqq\u0259t\u0259 g\u00f6r\u0259 t\u0259\u015f\u0259kk\u00fcrl\u0259rini bildiribl\u0259r.<\/p>\n","protected":false},"excerpt":{"rendered":"<p>Zaqatala Rayon Polis \u015e\u00f6b\u0259sinin \u0259m\u0259kda\u015flar\u0131 V\u0259t\u0259n m\u00fcharib\u0259sind\u0259 \u015f\u0259hid olan h\u0259rb\u00e7il\u0259rimizin ail\u0259l\u0259rini ziyar\u0259t edibl\u0259r. ARANTV.AZ\u00a0\u00a0x\u0259b\u0259r verir ki, Daxili \u0130\u015fl\u0259r Nazirliyinin M\u0259tbuat Xidm\u0259tinin \u015e\u0259ki regional qrupundan\u00a0bildirilib ki, ziyar\u0259t zaman\u0131 xatir\u0259si h\u0259r birimiz \u00fc\u00e7\u00fcn \u0259ziz olan \u015f\u0259hidl\u0259rimizin h\u00fcn\u0259ri bir daha yad edilib, onlar\u0131n torpaqlar\u0131m\u0131z\u0131n azadl\u0131\u011f\u0131 \u00fc\u00e7\u00fcn f\u0259dakarl\u0131qlar\u0131 xat\u0131rlan\u0131b, tariximizd\u0259 \u0259b\u0259di ya\u015fayacaqlar\u0131 qeyd olunub. Polis \u0259m\u0259kda\u015flar\u0131 8 Mart &#8211; Beyn\u0259lxalq Qad\u0131nlar G\u00fcn\u00fc m\u00fcnasib\u0259til\u0259 \u015f\u0259hidl\u0259rin qad\u0131n ail\u0259 \u00fczvl\u0259rini t\u0259brik ed\u0259r\u0259k, g\u0259tirdikl\u0259ri h\u0259diyy\u0259l\u0259ri t\u0259qdim edib, q\u0131z \u00f6vladlar\u0131n\u0131n t\u0259hsili il\u0259 maraqlan\u0131blar. Torpaqlar\u0131m\u0131z\u0131n i\u015f\u011faldan azad edilm\u0259sind\u0259 can\u0131ndan ke\u00e7\u0259n o\u011fullar\u0131m\u0131z\u0131n ail\u0259 \u00fczvl\u0259ri onlara g\u00f6st\u0259ril\u0259n diqq\u0259t\u0259 g\u00f6r\u0259 t\u0259\u015f\u0259kk\u00fcrl\u0259rini bildiribl\u0259r.<\/p>\n","protected":false},"author":2,"featured_media":308728,"comment_status":"closed","ping_status":"closed","sticky":false,"template":"","format":"standard","meta":{"om_disable_all_campaigns":false,"_monsterinsights_skip_tracking":false,"_monsterinsights_sitenote_active":false,"_monsterinsights_sitenote_note":"","_monsterinsights_sitenote_category":0},"categories":[26],"tags":[],"aioseo_notices":[],"gutentor_comment":0,"rttpg_featured_image_url":{"full":["https:\/\/arantv.az\/wp-content\/uploads\/2021\/03\/61f2585b16151223269387355301018299.jpg",975,540,false],"landscape":["https:\/\/arantv.az\/wp-content\/uploads\/2021\/03\/61f2585b16151223269387355301018299.jpg",975,540,false],"portraits":["https:\/\/arantv.az\/wp-content\/uploads\/2021\/03\/61f2585b16151223269387355301018299.jpg",975,540,false],"thumbnail":["https:\/\/arantv.az\/wp-content\/uploads\/2021\/03\/61f2585b16151223269387355301018299-150x150.jpg",150,150,true],"medium":["https:\/\/arantv.az\/wp-content\/uploads\/2021\/03\/61f2585b16151223269387355301018299-300x166.jpg",300,166,true],"large":["https:\/\/arantv.az\/wp-content\/uploads\/2021\/03\/61f2585b16151223269387355301018299.jpg",640,354,false],"1536x1536":["https:\/\/arantv.az\/wp-content\/uploads\/2021\/03\/61f2585b16151223269387355301018299.jpg",975,540,false],"2048x2048":["https:\/\/arantv.az\/wp-content\/uploads\/2021\/03\/61f2585b16151223269387355301018299.jpg",975,540,false],"post-thumbnail":["https:\/\/arantv.az\/wp-content\/uploads\/2021\/03\/61f2585b16151223269387355301018299-240x172.jpg",240,172,true],"advps-thumb-one":["https:\/\/arantv.az\/wp-content\/uploads\/2021\/03\/61f2585b16151223269387355301018299.jpg",975,540,false]},"rttpg_author":{"display_name":"V\u00fcsal Rafiqo\u011flu","author_link":"https:\/\/arantv.az\/?author=2"},"rttpg_comment":0,"rttpg_category":"<a href=\"https:\/\/arantv.az\/?cat=26\" rel=\"category\">Sosial<\/a>","rttpg_excerpt":"Zaqatala Rayon Polis \u015e\u00f6b\u0259sinin \u0259m\u0259kda\u015flar\u0131 V\u0259t\u0259n m\u00fcharib\u0259sind\u0259 \u015f\u0259hid olan h\u0259rb\u00e7il\u0259rimizin ail\u0259l\u0259rini ziyar\u0259t edibl\u0259r. ARANTV.AZ\u00a0\u00a0x\u0259b\u0259r verir ki, Daxili \u0130\u015fl\u0259r Nazirliyinin M\u0259tbuat Xidm\u0259tinin \u015e\u0259ki regional qrupundan\u00a0bildirilib ki, ziyar\u0259t zaman\u0131 xatir\u0259si h\u0259r birimiz \u00fc\u00e7\u00fcn \u0259ziz olan \u015f\u0259hidl\u0259rimizin h\u00fcn\u0259ri bir daha yad edilib, onlar\u0131n torpaqlar\u0131m\u0131z\u0131n azadl\u0131\u011f\u0131 \u00fc\u00e7\u00fcn f\u0259dakarl\u0131qlar\u0131 xat\u0131rlan\u0131b, tariximizd\u0259 \u0259b\u0259di ya\u015fayacaqlar\u0131 qeyd olunub. Polis \u0259m\u0259kda\u015flar\u0131 8 Mart &#8211;&hellip;","_links":{"self":[{"href":"https:\/\/arantv.az\/index.php?rest_route=\/wp\/v2\/posts\/308727"}],"collection":[{"href":"https:\/\/arantv.az\/index.php?rest_route=\/wp\/v2\/posts"}],"about":[{"href":"https:\/\/arantv.az\/index.php?rest_route=\/wp\/v2\/types\/post"}],"author":[{"embeddable":true,"href":"https:\/\/arantv.az\/index.php?rest_route=\/wp\/v2\/users\/2"}],"replies":[{"embeddable":true,"href":"https:\/\/arantv.az\/index.php?rest_route=%2Fwp%2Fv2%2Fcomments&post=308727"}],"version-history":[{"count":0,"href":"https:\/\/arantv.az\/index.php?rest_route=\/wp\/v2\/posts\/308727\/revisions"}],"wp:featuredmedia":[{"embeddable":true,"href":"https:\/\/arantv.az\/index.php?rest_route=\/wp\/v2\/media\/308728"}],"wp:attachment":[{"href":"https:\/\/arantv.az\/index.php?rest_route=%2Fwp%2Fv2%2Fmedia&parent=308727"}],"wp:term":[{"taxonomy":"category","embeddable":true,"href":"https:\/\/arantv.az\/index.php?rest_route=%2Fwp%2Fv2%2Fcategories&post=308727"},{"taxonomy":"post_tag","embeddable":true,"href":"https:\/\/arantv.az\/index.php?rest_route=%2Fwp%2Fv2%2Ftags&post=308727"}],"curies":[{"name":"wp","href":"https:\/\/api.w.org\/{rel}","templated":true}]}}