{"id":308731,"date":"2021-03-07T18:17:21","date_gmt":"2021-03-07T15:17:21","guid":{"rendered":"http:\/\/arantv.az\/?p=308731"},"modified":"2021-03-07T18:17:21","modified_gmt":"2021-03-07T15:17:21","slug":"az%c9%99rbaycanin-z%c9%99f%c9%99rinin-arxasinda-ulu-ond%c9%99r-heyd%c9%99r-%c9%99liyev-t%c9%99r%c9%99find%c9%99n-qoyulan-ugurlu-siyas%c9%99t-dayanir","status":"publish","type":"post","link":"https:\/\/arantv.az\/?p=308731","title":{"rendered":"&#8220;Az\u0259rbaycan\u0131n Z\u0259f\u0259rinin arxas\u0131nda Ulu \u00d6nd\u0259r Heyd\u0259r \u018fliyev t\u0259r\u0259find\u0259n qoyulan u\u011furlu siyas\u0259t dayan\u0131r&#8221;"},"content":{"rendered":"<p>Bu g\u00fcn inki\u015faf\u0131na g\u00f6r\u0259 regionun lider d\u00f6vl\u0259ti olan Az\u0259rbaycan \u00f6z tarixinin \u0259n \u015fanl\u0131 d\u00f6vr\u00fcn\u00fc ya\u015fay\u0131r. Bu da s\u0259b\u0259bsiz deyil. Bel\u0259 ki, \u00f6t\u0259n il sentyabr\u0131n 27-d\u0259n noyabr\u0131n 10-d\u0259k davam ed\u0259n V\u0259t\u0259n m\u00fcharib\u0259si zaman\u0131 d\u00fc\u015fm\u0259n\u0259 sars\u0131d\u0131c\u0131 z\u0259rb\u0259 vuraraq torpaqlar\u0131m\u0131z i\u015f\u011faldan azad ed\u0259n r\u0259\u015fad\u0259tli ordumuz Z\u0259f\u0259r dastan\u0131n\u0131 yazd\u0131. He\u00e7 \u015f\u00fcbh\u0259siz \u00f6lk\u0259mizin bu u\u011furunun, bu Z\u0259f\u0259rinin arxas\u0131nda m\u0259hz \u0259sas\u0131 Ulu \u00d6nd\u0259r Heyd\u0259r \u018fliyev t\u0259r\u0259find\u0259n qoyulan v\u0259 c\u0259nab Prezident \u0130lham \u018fliyev t\u0259r\u0259find\u0259n davam etdiril\u0259n u\u011furlu siyas\u0259t dayan\u0131r. Onu da qeyd etm\u0259yi \u00f6z\u00fcm\u0259 borc bilir\u0259m ki, Az\u0259rbaycan\u0131 h\u0259r ke\u00e7\u0259n g\u00fcn yeni-yeni u\u011furlara aparan bu siyas\u0259tin realla\u015fd\u0131r\u0131lmas\u0131nda Ulu \u00d6nd\u0259rin qurucusu oldu\u011fu Yeni Az\u0259rbaycan Partiyas\u0131n\u0131n (YAP) da m\u00fcst\u0259sna xidm\u0259tl\u0259ri olub. Daim yenil\u0259\u015f\u0259n, s\u0131ralar\u0131nda \u00f6lk\u0259nin tan\u0131nm\u0131\u015f simalar\u0131n\u0131, f\u0259al g\u0259ncl\u0259ri birl\u0259\u015fdir\u0259n, n\u0259inki Az\u0259rbaycan\u0131n, C\u0259nubi Qafqaz\u0131n \u0259n b\u00f6y\u00fck siyasi partiyas\u0131 olan Yeni Az\u0259rbaycan Partiyas\u0131 haz\u0131rda c\u0259nab Prezident \u0130lham \u018fliyevin S\u0259drliyi il\u0259 \u00f6z f\u0259aliyy\u0259tini u\u011furla davam etdirir.<\/p>\n<p><strong>ARANTV.AZ\u00a0<\/strong> bildirir ki, bunu\u00a0<a href=\"https:\/\/az.trend.az\/\" target=\"_blank\" rel=\"noopener\">Trend<\/a>-\u0259\u00a0Milli M\u0259clisin deputat\u0131, Yeni Az\u0259rbaycan Partiyas\u0131n\u0131n T\u0259fti\u015f Komissiyas\u0131n\u0131n \u00fczv\u00fc V\u00fcqar \u0130sk\u0259nd\u0259rov deyib.<\/p>\n<p>Deputat bildirib ki, \u00f6lk\u0259nin apar\u0131c\u0131 siyasi q\u00fcvv\u0259si olan YAP-\u0131n b\u00fct\u00fcn t\u0259dbirl\u0259ri, b\u00fct\u00fcn qurultaylar\u0131 \u00f6z \u0259h\u0259miyy\u0259tin\u0259 g\u00f6r\u0259 h\u0259r zaman yerli v\u0259 xarici m\u00fc\u015fahid\u0259\u00e7il\u0259rin diqq\u0259t m\u0259rk\u0259zind\u0259 olub: &#8220;Partiyam\u0131z\u0131n Vll qurultay\u0131 is\u0259 bu bax\u0131mdan x\u00fcsusi olaraq f\u0259rql\u0259ndi. Bu da s\u0259b\u0259bsiz deyil. \u00c7\u00fcnki YAP-\u0131n Vll qurultay\u0131 Az\u0259rbaycan\u0131n V\u0259t\u0259n m\u00fcharib\u0259sind\u0259 m\u00f6ht\u0259\u015f\u0259m q\u0259l\u0259b\u0259si il\u0259 \u015f\u0259rtl\u0259n\u0259n \u00f6lk\u0259mizd\u0259 v\u0259 \u00f6lk\u0259mizl\u0259 ba\u011fl\u0131 d\u00fcnyada formala\u015fm\u0131\u015f yeni reall\u0131qlar d\u00f6vr\u00fcn\u0259 t\u0259sad\u00fcf edir. Bildiyiniz kimi c\u0259nab Prezident \u0130lham \u018fliyev qurultayda yeni d\u00f6vrd\u0259 partiyan\u0131n qar\u015f\u0131s\u0131nda yeni v\u0259zif\u0259l\u0259r m\u00fc\u0259yy\u0259nl\u0259\u015fdirib, onlar\u0131n h\u0259yata ke\u00e7irilm\u0259si \u00fc\u00e7\u00fcn tap\u015f\u0131r\u0131q v\u0259 t\u00f6vsiy\u0259l\u0259rini verib&#8221;.<\/p>\n<p>&#8220;Bu tap\u015f\u0131r\u0131q v\u0259 t\u00f6vsiy\u0259l\u0259rd\u0259n ir\u0259li g\u0259l\u0259r\u0259k partiyam\u0131z\u0131n qar\u015f\u0131s\u0131nda duran v\u0259zif\u0259l\u0259r bar\u0259d\u0259 bir q\u0259d\u0259r sonra \u0259trafl\u0131 m\u0259lumat ver\u0259c\u0259m&#8221; dey\u0259n V\u00fcqar \u0130sk\u0259nd\u0259rov qurultay\u0131n h\u0259m d\u0259 partiyan\u0131n struktur bax\u0131m\u0131ndan yenil\u0259nm\u0259si v\u0259 6 partiyan\u0131n YAP-a qo\u015fulmalar\u0131 bar\u0259d\u0259 q\u0259rar verm\u0259l\u0259ri bax\u0131m\u0131dan da yaddaqalan oldu\u011funu deyib.<\/p>\n<p>Deputat bildirib ki, g\u0259l\u0259n il YAP-\u0131n 30 illik yubileyidir: &#8220;Bu 30 illik yubileyin\u0259 yenil\u0259\u015fmi\u015f formatda, daha f\u0259al q\u0259d\u0259m qoyan partiyam\u0131z\u0131n qar\u015f\u0131s\u0131nda yeni h\u0259d\u0259fl\u0259r v\u0259 m\u0259qs\u0259dl\u0259r dayan\u0131r. Y\u0259ni, c\u0259nab Prezidentin qurultaydak\u0131 nitqind\u0259n ir\u0259li g\u0259l\u0259r\u0259k Yeni Az\u0259rbaycan Partiyas\u0131n\u0131n qar\u015f\u0131s\u0131nda bir s\u0131ra m\u00fch\u00fcm v\u0259zif\u0259l\u0259r durur. \u018fvv\u0259la c\u0259nab Prezidentin b\u0259yan etdiyi kimi Az\u0259rbaycanda b\u00fct\u00fcn sah\u0259l\u0259rd\u0259, o c\u00fcml\u0259d\u0259n siyasi islahatlar sah\u0259sind\u0259 \u0259n m\u00fcasir t\u0259cr\u00fcb\u0259 t\u0259tbiq edilm\u0259lidir ki, bu m\u0259s\u0259l\u0259d\u0259 d\u0259 partiyam\u0131z \u00f6z \u00fcz\u0259rin\u0259 d\u00fc\u015f\u0259n v\u0259zif\u0259nin u\u011furla icra etm\u0259k \u00fc\u00e7\u00fcn \u00e7al\u0131\u015facaq. He\u00e7 \u015f\u00fcbh\u0259siz burada partiyan\u0131n r\u0259hb\u0259r orqanlar\u0131nda t\u0259msil olunan \u00fczvl\u0259rin f\u0259all\u0131\u011f\u0131 da m\u00fch\u00fcm \u0259h\u0259miyy\u0259t k\u0259sb ed\u0259c\u0259k. Y\u0259ni, bu f\u0259all\u0131q fonunda h\u0259m partiyam\u0131z\u0131n f\u0259aliyy\u0259tin\u0259 \u0259lav\u0259 g\u00fcc qat\u0131lacaq, h\u0259m d\u0259 \u00fcmumi i\u015fimiz\u0259 t\u00f6hf\u0259 veril\u0259c\u0259k. Bel\u0259likl\u0259, \u0259min\u0259m ki, partiyam\u0131z bundan sonra da \u00f6lk\u0259mizin apar\u0131c\u0131 siyasi q\u00fcvv\u0259si olaraq \u00f6n s\u0131rada ged\u0259c\u0259k&#8221;.<\/p>\n<p>V.\u0130sk\u0259nd\u0259rov deyib ki, qar\u015f\u0131da duran v\u0259zif\u0259l\u0259rd\u0259n biri d\u0259 partiyan\u0131n yeni proqram\u0131n\u0131n haz\u0131rlanmas\u0131 il\u0259 ba\u011fl\u0131d\u0131r: &#8220;M\u0259lum oldu\u011fu kimi c\u0259nab Prezident yeni proqram\u0131n hazr\u0131lanmas\u0131 \u00fc\u00e7\u00fcn partiyan\u0131n idar\u0259 hey\u0259tin\u0259 3 ay vaxt verdi. Bu proqram yeni d\u00f6vrl\u0259 ba\u011fl\u0131 b\u00fct\u00fcn m\u0259s\u0259l\u0259l\u0259ri \u00f6z\u00fcnd\u0259 ehtiva etm\u0259lidir&#8221;.<\/p>\n<p>&#8220;C\u0259nab Prezidentin qar\u015f\u0131ya qoyd\u011fu dig\u0259r m\u00fch\u00fcm v\u0259zf\u0259l\u0259r\u0259 g\u0259linc\u0259, m\u0259lum oldu\u011fu kimi Az\u0259rbaycan d\u00f6vl\u0259ti \u015f\u0259hid ail\u0259l\u0259rin\u0259 v\u0259 qazil\u0259r\u0259 h\u0259rt\u0259r\u0259fli yard\u0131m g\u00f6st\u0259rir, YAP da bu kateqoriyadan olan insanlara daim qay\u011f\u0131 v\u0259 diqq\u0259t g\u00f6st\u0259rm\u0259lidirl\u0259r. Eyni zamanda, d\u00f6vl\u0259t ba\u015f\u00e7\u0131s\u0131n\u0131n b\u0259yan etdiyi kimi biz B\u00f6y\u00fck Qay\u0131d\u0131\u015f proqram\u0131 icra olunma\u011fa ba\u015flayanda m\u0259cburi k\u00f6\u00e7k\u00fcnl\u0259rin \u00f6z do\u011fma torpaqlar\u0131na qaytar&#8230;<\/p>\n","protected":false},"excerpt":{"rendered":"<p>Bu g\u00fcn inki\u015faf\u0131na g\u00f6r\u0259 regionun lider d\u00f6vl\u0259ti olan Az\u0259rbaycan \u00f6z tarixinin \u0259n \u015fanl\u0131 d\u00f6vr\u00fcn\u00fc ya\u015fay\u0131r. Bu da s\u0259b\u0259bsiz deyil. Bel\u0259 ki, \u00f6t\u0259n il sentyabr\u0131n 27-d\u0259n noyabr\u0131n 10-d\u0259k davam ed\u0259n V\u0259t\u0259n m\u00fcharib\u0259si zaman\u0131 d\u00fc\u015fm\u0259n\u0259 sars\u0131d\u0131c\u0131 z\u0259rb\u0259 vuraraq torpaqlar\u0131m\u0131z i\u015f\u011faldan azad ed\u0259n r\u0259\u015fad\u0259tli ordumuz Z\u0259f\u0259r dastan\u0131n\u0131 yazd\u0131. He\u00e7 \u015f\u00fcbh\u0259siz \u00f6lk\u0259mizin bu u\u011furunun, bu Z\u0259f\u0259rinin arxas\u0131nda m\u0259hz \u0259sas\u0131 Ulu \u00d6nd\u0259r Heyd\u0259r \u018fliyev t\u0259r\u0259find\u0259n qoyulan v\u0259 c\u0259nab Prezident \u0130lham \u018fliyev t\u0259r\u0259find\u0259n davam etdiril\u0259n u\u011furlu siyas\u0259t dayan\u0131r. Onu da qeyd etm\u0259yi \u00f6z\u00fcm\u0259 borc bilir\u0259m ki, Az\u0259rbaycan\u0131 h\u0259r ke\u00e7\u0259n g\u00fcn yeni-yeni u\u011furlara aparan bu siyas\u0259tin realla\u015fd\u0131r\u0131lmas\u0131nda&hellip;<\/p>\n","protected":false},"author":2,"featured_media":308733,"comment_status":"closed","ping_status":"closed","sticky":false,"template":"","format":"standard","meta":{"om_disable_all_campaigns":false,"_monsterinsights_skip_tracking":false,"_monsterinsights_sitenote_active":false,"_monsterinsights_sitenote_note":"","_monsterinsights_sitenote_category":0},"categories":[4],"tags":[],"aioseo_notices":[],"gutentor_comment":0,"rttpg_featured_image_url":{"full":["https:\/\/arantv.az\/wp-content\/uploads\/2021\/03\/928773-1.jpg",800,600,false],"landscape":["https:\/\/arantv.az\/wp-content\/uploads\/2021\/03\/928773-1.jpg",800,600,false],"portraits":["https:\/\/arantv.az\/wp-content\/uploads\/2021\/03\/928773-1.jpg",800,600,false],"thumbnail":["https:\/\/arantv.az\/wp-content\/uploads\/2021\/03\/928773-1-150x150.jpg",150,150,true],"medium":["https:\/\/arantv.az\/wp-content\/uploads\/2021\/03\/928773-1-300x225.jpg",300,225,true],"large":["https:\/\/arantv.az\/wp-content\/uploads\/2021\/03\/928773-1.jpg",640,480,false],"1536x1536":["https:\/\/arantv.az\/wp-content\/uploads\/2021\/03\/928773-1.jpg",800,600,false],"2048x2048":["https:\/\/arantv.az\/wp-content\/uploads\/2021\/03\/928773-1.jpg",800,600,false],"post-thumbnail":["https:\/\/arantv.az\/wp-content\/uploads\/2021\/03\/928773-1-240x172.jpg",240,172,true],"advps-thumb-one":["https:\/\/arantv.az\/wp-content\/uploads\/2021\/03\/928773-1.jpg",800,600,false]},"rttpg_author":{"display_name":"V\u00fcsal Rafiqo\u011flu","author_link":"https:\/\/arantv.az\/?author=2"},"rttpg_comment":0,"rttpg_category":"<a href=\"https:\/\/arantv.az\/?cat=4\" rel=\"category\">Siyas\u0259t<\/a>","rttpg_excerpt":"Bu g\u00fcn inki\u015faf\u0131na g\u00f6r\u0259 regionun lider d\u00f6vl\u0259ti olan Az\u0259rbaycan \u00f6z tarixinin \u0259n \u015fanl\u0131 d\u00f6vr\u00fcn\u00fc ya\u015fay\u0131r. Bu da s\u0259b\u0259bsiz deyil. Bel\u0259 ki, \u00f6t\u0259n il sentyabr\u0131n 27-d\u0259n noyabr\u0131n 10-d\u0259k davam ed\u0259n V\u0259t\u0259n m\u00fcharib\u0259si zaman\u0131 d\u00fc\u015fm\u0259n\u0259 sars\u0131d\u0131c\u0131 z\u0259rb\u0259 vuraraq torpaqlar\u0131m\u0131z i\u015f\u011faldan azad ed\u0259n r\u0259\u015fad\u0259tli ordumuz Z\u0259f\u0259r dastan\u0131n\u0131 yazd\u0131. He\u00e7 \u015f\u00fcbh\u0259siz \u00f6lk\u0259mizin bu u\u011furunun, bu Z\u0259f\u0259rinin arxas\u0131nda m\u0259hz \u0259sas\u0131&hellip;","_links":{"self":[{"href":"https:\/\/arantv.az\/index.php?rest_route=\/wp\/v2\/posts\/308731"}],"collection":[{"href":"https:\/\/arantv.az\/index.php?rest_route=\/wp\/v2\/posts"}],"about":[{"href":"https:\/\/arantv.az\/index.php?rest_route=\/wp\/v2\/types\/post"}],"author":[{"embeddable":true,"href":"https:\/\/arantv.az\/index.php?rest_route=\/wp\/v2\/users\/2"}],"replies":[{"embeddable":true,"href":"https:\/\/arantv.az\/index.php?rest_route=%2Fwp%2Fv2%2Fcomments&post=308731"}],"version-history":[{"count":0,"href":"https:\/\/arantv.az\/index.php?rest_route=\/wp\/v2\/posts\/308731\/revisions"}],"wp:featuredmedia":[{"embeddable":true,"href":"https:\/\/arantv.az\/index.php?rest_route=\/wp\/v2\/media\/308733"}],"wp:attachment":[{"href":"https:\/\/arantv.az\/index.php?rest_route=%2Fwp%2Fv2%2Fmedia&parent=308731"}],"wp:term":[{"taxonomy":"category","embeddable":true,"href":"https:\/\/arantv.az\/index.php?rest_route=%2Fwp%2Fv2%2Fcategories&post=308731"},{"taxonomy":"post_tag","embeddable":true,"href":"https:\/\/arantv.az\/index.php?rest_route=%2Fwp%2Fv2%2Ftags&post=308731"}],"curies":[{"name":"wp","href":"https:\/\/api.w.org\/{rel}","templated":true}]}}