{"id":308946,"date":"2021-03-08T16:36:33","date_gmt":"2021-03-08T13:36:33","guid":{"rendered":"http:\/\/arantv.az\/?p=308946"},"modified":"2021-03-08T16:36:33","modified_gmt":"2021-03-08T13:36:33","slug":"heyd%c9%99r-%c9%99liyevin-hakimiyy%c9%99t%c9%99-qayidisi-az%c9%99rbaycanin-must%c9%99qilliyin%c9%99-verilmis-v%c9%99siq%c9%99-oldu-deputat","status":"publish","type":"post","link":"https:\/\/arantv.az\/?p=308946","title":{"rendered":"&#8220;Heyd\u0259r \u018fliyevin hakimiyy\u0259t\u0259 qay\u0131d\u0131\u015f\u0131 Az\u0259rbaycan\u0131n m\u00fcst\u0259qilliyin\u0259 verilmi\u015f v\u0259siq\u0259 oldu&#8221; &#8211; Deputat"},"content":{"rendered":"<p><strong>Biz xo\u015fb\u0259xt insanlar\u0131q ki, \u00dcmumimilli Lider Heyd\u0259r \u018fliyev kimi dahi \u015f\u0259xsiyy\u0259timiz olub. \u018fg\u0259r Heyd\u0259r \u018fliyev hakimiyy\u0259t\u0259 qay\u0131tmasayd\u0131, n\u0259 ba\u015f ver\u0259c\u0259kdi? Lideri olmayan \u00f6lk\u0259l\u0259rin taleyinin \u015fahidi oluruq.<\/strong><\/p>\n<p><strong>ARANTV.AZ\u00a0<\/strong> bildirir ki, bunu\u00a0<a href=\"https:\/\/az.trend.az\/\" target=\"_blank\" rel=\"noopener\">Trend<\/a>-\u0259 Milli M\u0259clisin deputat\u0131 Az\u0259r Badamov deyib.<\/p>\n<p>Deputat bildirib ki, bu g\u00fcn Erm\u0259nistandak\u0131 v\u0259ziyy\u0259ti h\u0259r k\u0259s g\u00f6r\u00fcr: &#8220;Ordu hakimiyy\u0259t\u0259 ita\u0259tsizlik edir. Prezidenti d\u0259 deyir ki, m\u0259ni siyas\u0259t\u0259 qatmay\u0131n. Y\u0259ni, lidersizliyin faci\u0259sini ya\u015fay\u0131rlar. Bu v\u0259ziyy\u0259t bizd\u0259 olmam\u0131\u015fd\u0131m\u0131? T\u0259bii ki, unutmaq olmaz. T\u0259\u0259ss\u00fcf ki, m\u00fcst\u0259qilliyimizin ilk ill\u0259rind\u0259 eyni g\u00fcnl\u0259ri biz d\u0259 ya\u015faml\u0131 olmu\u015fuq. Prezident qa\u00e7\u0131b K\u0259l\u0259kid\u0259 gizl\u0259ndi, \u00f6lk\u0259d\u0259 v\u0259t\u0259nda\u015f m\u00fcharib\u0259si, h\u0259rbi birl\u0259\u015fm\u0259l\u0259rin m\u00fcharib\u0259 b\u00f6lg\u0259sind\u0259n geri \u00e7a\u011fr\u0131lmas\u0131 v\u0259 hakimiyy\u0259t davas\u0131na c\u0259lb olunmas\u0131, torpaqlar\u0131n s\u00fcr\u0259tl\u0259 i\u015f\u011fala m\u0259ruz qalmas\u0131 prosesi. Y\u0259ni, xaos v\u0259 \u00f6zba\u015f\u0131nal\u0131q, anarxiya.<\/p>\n<p>Yen\u0259 bu a\u011f\u0131r y\u00fck\u00fc ulu \u00f6nd\u0259r Heyd\u0259r \u018fliyev v\u0259 onun \u015fah \u0259s\u0259ri olan Yeni Az\u0259rbaycan Partiyas\u0131 \u00f6z \u00fcz\u0259rin\u0259 g\u00f6t\u00fcrd\u00fc. Heyd\u0259r \u018fliyevin hakimiyy\u0259t\u0259 qay\u0131d\u0131\u015f\u0131 Az\u0259rbaycan\u0131n m\u00fcst\u0259qilliyin\u0259 verilmi\u015f v\u0259siq\u0259 oldu v\u0259 m\u00fcst\u0259qilliyimizin tarixini d\u0259 m\u0259hz 1993-c\u00fc ild\u0259n hesablama\u011f\u0131n\u0131 daha do\u011fru hesab ed\u0259rdim. \u00c7\u00fcnki, Az\u0259rbaycan\u0131n d\u00f6vl\u0259t\u00e7iliyinin \u0259saslar\u0131 h\u0259min tarixd\u0259n yaranma\u011fa ba\u015flad\u0131.<\/p>\n<p>D\u00f6vl\u0259t idar\u0259etm\u0259 sisteminin formala\u015fd\u0131r\u0131lmas\u0131, bir m\u0259rk\u0259zd\u0259n idar\u0259 olunan Silahl\u0131 Q\u00fcvv\u0259l\u0259rin yarad\u0131lmas\u0131, i\u015f\u011fal\u0131n v\u0259 v\u0259t\u0259nda\u015f m\u00fcharib\u0259sinin dayand\u0131r\u0131lmas\u0131, h\u00fcquqi d\u00f6vl\u0259timizin \u0259saslar\u0131n\u0131 yaradan konstitusiyan\u0131n q\u0259bul edilm\u0259si v\u0259 geni\u015f islahatlara start verilm\u0259si m\u0259hz Ulu \u00d6nd\u0259r Heyd\u0259r \u018fliyevin ad\u0131 il\u0259 ba\u011fl\u0131d\u0131r&#8221;.<\/p>\n<p>Deputat vur\u011fulay\u0131b ki, Az\u0259rbaycan\u0131n s\u00fcr\u0259tli inki\u015faf\u0131, ordunun m\u00fcasirl\u0259\u015fdirilm\u0259si, d\u00fcnya \u00f6lk\u0259l\u0259rin\u0131n boy s\u0131ras\u0131nda yerinin m\u00fc\u0259yy\u0259nl\u0259\u015fm\u0259si, haqq s\u0259simizin d\u00fcnyaya \u00e7atd\u0131r\u0131lmas\u0131, d\u00fcnya informasiya m\u00fcharib\u0259sind\u0259ki q\u0259l\u0259b\u0259miz v\u0259 tarixd\u0259 ilk d\u0259f\u0259 torpaqlar\u0131m\u0131z\u0131n i\u015f\u011faldan azad olunmas\u0131 v\u0259 \u00f6lk\u0259mizin \u0259razi b\u00fct\u00f6vl\u00fcy\u00fcn\u00fcn t\u0259min olunmas\u0131 son 17 ild\u0259 Prezident \u0130lham \u018fliyevin uzaqg\u00f6r\u0259n siyas\u0259tinin t\u0259nt\u0259n\u0259si v\u0259 Yeni Az\u0259rbaycan Partiyas\u0131n\u0131n iqtidarda olmas\u0131 il\u0259 ba\u011fl\u0131d\u0131r:<\/p>\n<p>&#8220;Az\u0259rbaycan\u0131n g\u0259l\u0259c\u0259yi d\u0259 m\u0259hz yaratd\u0131\u011f\u0131m\u0131z yeni reall\u0131qlara uy\u011fun Prezident \u0130lham \u018fliyevin m\u00fc\u0259yy\u0259nl\u0259\u015fdirdiyi kursun u\u011furlu icras\u0131 il\u0259 yeni m\u0259rh\u0259l\u0259y\u0259 q\u0259d\u0259m qoyub. Xalq\u0131m\u0131z \u00f6z liderin\u0259 inan\u0131r v\u0259 d\u0259mir yumru\u011fa \u00e7evrilib. D\u0259mir yumruq olan yerd\u0259 is\u0259 he\u00e7 bir radikal q\u00fcvv\u0259 biz\u0259 mane ola bilm\u0259z. M\u0259hz m\u00f6hk\u0259m xalq iqtidar birliyi \u00f6lk\u0259mizin g\u0259l\u0259c\u0259yini daha da i\u015f\u0131ql\u0131 ed\u0259c\u0259kdir&#8221;.<\/p>\n","protected":false},"excerpt":{"rendered":"<p>Biz xo\u015fb\u0259xt insanlar\u0131q ki, \u00dcmumimilli Lider Heyd\u0259r \u018fliyev kimi dahi \u015f\u0259xsiyy\u0259timiz olub. \u018fg\u0259r Heyd\u0259r \u018fliyev hakimiyy\u0259t\u0259 qay\u0131tmasayd\u0131, n\u0259 ba\u015f ver\u0259c\u0259kdi? Lideri olmayan \u00f6lk\u0259l\u0259rin taleyinin \u015fahidi oluruq. ARANTV.AZ\u00a0 bildirir ki, bunu\u00a0Trend-\u0259 Milli M\u0259clisin deputat\u0131 Az\u0259r Badamov deyib. Deputat bildirib ki, bu g\u00fcn Erm\u0259nistandak\u0131 v\u0259ziyy\u0259ti h\u0259r k\u0259s g\u00f6r\u00fcr: &#8220;Ordu hakimiyy\u0259t\u0259 ita\u0259tsizlik edir. Prezidenti d\u0259 deyir ki, m\u0259ni siyas\u0259t\u0259 qatmay\u0131n. Y\u0259ni, lidersizliyin faci\u0259sini ya\u015fay\u0131rlar. Bu v\u0259ziyy\u0259t bizd\u0259 olmam\u0131\u015fd\u0131m\u0131? T\u0259bii ki, unutmaq olmaz. T\u0259\u0259ss\u00fcf ki, m\u00fcst\u0259qilliyimizin ilk ill\u0259rind\u0259 eyni g\u00fcnl\u0259ri biz d\u0259 ya\u015faml\u0131 olmu\u015fuq. Prezident qa\u00e7\u0131b K\u0259l\u0259kid\u0259 gizl\u0259ndi, \u00f6lk\u0259d\u0259 v\u0259t\u0259nda\u015f m\u00fcharib\u0259si, h\u0259rbi birl\u0259\u015fm\u0259l\u0259rin m\u00fcharib\u0259&hellip;<\/p>\n","protected":false},"author":2,"featured_media":308948,"comment_status":"closed","ping_status":"closed","sticky":false,"template":"","format":"standard","meta":{"om_disable_all_campaigns":false,"_monsterinsights_skip_tracking":false,"_monsterinsights_sitenote_active":false,"_monsterinsights_sitenote_note":"","_monsterinsights_sitenote_category":0},"categories":[4],"tags":[],"aioseo_notices":[],"gutentor_comment":0,"rttpg_featured_image_url":{"full":["https:\/\/arantv.az\/wp-content\/uploads\/2021\/03\/heyder_eliyev_27837567-1.jpg",800,600,false],"landscape":["https:\/\/arantv.az\/wp-content\/uploads\/2021\/03\/heyder_eliyev_27837567-1.jpg",800,600,false],"portraits":["https:\/\/arantv.az\/wp-content\/uploads\/2021\/03\/heyder_eliyev_27837567-1.jpg",800,600,false],"thumbnail":["https:\/\/arantv.az\/wp-content\/uploads\/2021\/03\/heyder_eliyev_27837567-1-150x150.jpg",150,150,true],"medium":["https:\/\/arantv.az\/wp-content\/uploads\/2021\/03\/heyder_eliyev_27837567-1-300x225.jpg",300,225,true],"large":["https:\/\/arantv.az\/wp-content\/uploads\/2021\/03\/heyder_eliyev_27837567-1.jpg",640,480,false],"1536x1536":["https:\/\/arantv.az\/wp-content\/uploads\/2021\/03\/heyder_eliyev_27837567-1.jpg",800,600,false],"2048x2048":["https:\/\/arantv.az\/wp-content\/uploads\/2021\/03\/heyder_eliyev_27837567-1.jpg",800,600,false],"post-thumbnail":["https:\/\/arantv.az\/wp-content\/uploads\/2021\/03\/heyder_eliyev_27837567-1-240x172.jpg",240,172,true],"advps-thumb-one":["https:\/\/arantv.az\/wp-content\/uploads\/2021\/03\/heyder_eliyev_27837567-1.jpg",800,600,false]},"rttpg_author":{"display_name":"V\u00fcsal Rafiqo\u011flu","author_link":"https:\/\/arantv.az\/?author=2"},"rttpg_comment":0,"rttpg_category":"<a href=\"https:\/\/arantv.az\/?cat=4\" rel=\"category\">Siyas\u0259t<\/a>","rttpg_excerpt":"Biz xo\u015fb\u0259xt insanlar\u0131q ki, \u00dcmumimilli Lider Heyd\u0259r \u018fliyev kimi dahi \u015f\u0259xsiyy\u0259timiz olub. \u018fg\u0259r Heyd\u0259r \u018fliyev hakimiyy\u0259t\u0259 qay\u0131tmasayd\u0131, n\u0259 ba\u015f ver\u0259c\u0259kdi? Lideri olmayan \u00f6lk\u0259l\u0259rin taleyinin \u015fahidi oluruq. ARANTV.AZ\u00a0 bildirir ki, bunu\u00a0Trend-\u0259 Milli M\u0259clisin deputat\u0131 Az\u0259r Badamov deyib. Deputat bildirib ki, bu g\u00fcn Erm\u0259nistandak\u0131 v\u0259ziyy\u0259ti h\u0259r k\u0259s g\u00f6r\u00fcr: &#8220;Ordu hakimiyy\u0259t\u0259 ita\u0259tsizlik edir. Prezidenti d\u0259 deyir ki, m\u0259ni&hellip;","_links":{"self":[{"href":"https:\/\/arantv.az\/index.php?rest_route=\/wp\/v2\/posts\/308946"}],"collection":[{"href":"https:\/\/arantv.az\/index.php?rest_route=\/wp\/v2\/posts"}],"about":[{"href":"https:\/\/arantv.az\/index.php?rest_route=\/wp\/v2\/types\/post"}],"author":[{"embeddable":true,"href":"https:\/\/arantv.az\/index.php?rest_route=\/wp\/v2\/users\/2"}],"replies":[{"embeddable":true,"href":"https:\/\/arantv.az\/index.php?rest_route=%2Fwp%2Fv2%2Fcomments&post=308946"}],"version-history":[{"count":0,"href":"https:\/\/arantv.az\/index.php?rest_route=\/wp\/v2\/posts\/308946\/revisions"}],"wp:featuredmedia":[{"embeddable":true,"href":"https:\/\/arantv.az\/index.php?rest_route=\/wp\/v2\/media\/308948"}],"wp:attachment":[{"href":"https:\/\/arantv.az\/index.php?rest_route=%2Fwp%2Fv2%2Fmedia&parent=308946"}],"wp:term":[{"taxonomy":"category","embeddable":true,"href":"https:\/\/arantv.az\/index.php?rest_route=%2Fwp%2Fv2%2Fcategories&post=308946"},{"taxonomy":"post_tag","embeddable":true,"href":"https:\/\/arantv.az\/index.php?rest_route=%2Fwp%2Fv2%2Ftags&post=308946"}],"curies":[{"name":"wp","href":"https:\/\/api.w.org\/{rel}","templated":true}]}}