{"id":308956,"date":"2021-03-08T16:40:37","date_gmt":"2021-03-08T13:40:37","guid":{"rendered":"http:\/\/arantv.az\/?p=308956"},"modified":"2021-03-08T16:40:37","modified_gmt":"2021-03-08T13:40:37","slug":"prezident-ilham-%c9%99liyevin-r%c9%99hb%c9%99rliyi-il%c9%99-az%c9%99rbaycan-qarsisina-qoydugu-butun-h%c9%99d%c9%99fl%c9%99r%c9%99-nail-olur-deputat","status":"publish","type":"post","link":"https:\/\/arantv.az\/?p=308956","title":{"rendered":"&#8220;Prezident \u0130lham \u018fliyevin r\u0259hb\u0259rliyi il\u0259 Az\u0259rbaycan qar\u015f\u0131s\u0131na qoydu\u011fu b\u00fct\u00fcn h\u0259d\u0259fl\u0259r\u0259 nail olur&#8221; &#8211; Deputat"},"content":{"rendered":"<blockquote><p><em><strong>Son 17 ild\u0259 Az\u0259rbaycan Prezident \u0130lham \u018fliyevin r\u0259hb\u0259rliyi il\u0259 b\u00fct\u00fcn sah\u0259l\u0259rd\u0259 b\u00f6y\u00fck inki\u015faf yolu ke\u00e7ib. Az\u0259rbaycan\u0131n bu u\u011furlar\u0131 beyn\u0259lxalq al\u0259m t\u0259r\u0259find\u0259n d\u0259 y\u00fcks\u0259k qiym\u0259tl\u0259ndirilir. Bu g\u00fcn Az\u0259rbaycan\u0131n n\u00fcfuzu d\u00fcnyada durmadan art\u0131r, \u00f6lk\u0259miz\u0259 qar\u015f\u0131 b\u00f6y\u00fck etimad v\u0259 h\u00f6rm\u0259t var. Bu nailiyy\u0259tl\u0259r h\u0259yata ke\u00e7iril\u0259n u\u011furlu daxili v\u0259 xarici siyas\u0259t n\u0259tic\u0259sind\u0259 \u0259ld\u0259 olunub.<\/strong><\/em><\/p><\/blockquote>\n<p><strong>ARANTV.AZ<\/strong> bildirir ki, bunu\u00a0<a href=\"https:\/\/az.trend.az\/\" target=\"_blank\" rel=\"noopener\">Trend<\/a>-\u0259 Milli M\u0259clisin deputat\u0131 Ceyhun M\u0259mm\u0259dov deyib.<\/p>\n<p><img src=\"https:\/\/img.milli.az\/2021\/03\/08\/928952_000.jpg\" alt=\"\" \/><\/p>\n<p>Deputat bildirib ki, c\u0259nab \u0130lham \u018fliyevin Prezident se\u00e7il\u0259rk\u0259n qar\u015f\u0131ya qoydu\u011fu \u0259sas h\u0259d\u0259fl\u0259rd\u0259n biri \u00f6lk\u0259mizin \u0259razi b\u00fct\u00f6vl\u00fcy\u00fcn\u00fcn b\u0259rpa olunmas\u0131 idi: &#8220;Az\u0259rbaycan art\u0131q buna nail olub. Bu g\u00fcn Az\u0259rbaycan xalq\u0131 \u00f6z tarixinin \u0259n \u015fanl\u0131 v\u0259 \u015f\u0259r\u0259fli g\u00fcnl\u0259rind\u0259n birinin ya\u015fay\u0131r. Az\u0259rbaycan ordusu Ali Ba\u015f Komandan \u0130lham \u018fliyevin r\u0259hb\u0259rliyi il\u0259 q\u0131sa m\u00fcdd\u0259td\u0259 yeddi rayonu, eyni zamanda, \u015eu\u015fan\u0131, ke\u00e7mi\u015f Da\u011fl\u0131q Qaraba\u011f Muxtar Vilay\u0259tinin ke\u00e7mi\u015f Hadrut v\u0259 ke\u00e7mi\u015f Martuni rayonlar\u0131n\u0131, indiki Xocav\u0259nd rayonunun 50 faizd\u0259n \u00e7ox hiss\u0259sini d\u00fc\u015fm\u0259nd\u0259n azad etdi. H\u0259m\u00e7inin, Da\u011fl\u0131q Qaraba\u011f Muxtar Vilay\u0259tinin ke\u00e7mi\u015f Mardakert, indiki A\u011fd\u0259r\u0259 rayonunun b\u00f6y\u00fck hiss\u0259si, o c\u00fcml\u0259d\u0259n Suqovu\u015fan q\u0259s\u0259b\u0259si i\u015f\u011faldan azad olundu. Bu g\u00fcn bu reall\u0131q art\u0131q d\u00fcnya t\u0259r\u0259find\u0259n q\u0259bul edilir. \u0130ndi Az\u0259rbaycan ordusunun g\u00fcc\u00fc v\u0259 q\u0131sa m\u00fcdd\u0259td\u0259 d\u00f6y\u00fc\u015fl\u0259rd\u0259 \u0259ld\u0259 etdiyi u\u011fur d\u00fcnya \u00f6lk\u0259l\u0259ri t\u0259r\u0259find\u0259n diqq\u0259tl\u0259 \u00f6yr\u0259nilir.<\/p>\n<p>Bu h\u0259d\u0259fl\u0259r s\u0131ras\u0131na daxil olan dig\u0259r bir m\u00fch\u00fcm m\u0259s\u0259l\u0259 ictimai-siyasi iqlimin sa\u011flamla\u015fd\u0131r\u0131lmas\u0131 idi ki, art\u0131q bu istiqam\u0259td\u0259 d\u0259 ciddi u\u011furlara nail olunub. Bu g\u00fcn \u00f6lk\u0259mizd\u0259 konstruktiv m\u00f6vqe n\u00fcmayi\u015f etdir\u0259n siyasi partiyalar aras\u0131nda sa\u011flam m\u00fcnasib\u0259tl\u0259r formala\u015f\u0131b, dialoq m\u00fchiti var. \u00dcmummilli m\u0259s\u0259l\u0259l\u0259rd\u0259 b\u00fct\u00fcn siyasi partiyalar vahid m\u00f6vqe n\u00fcmayi\u015f etdirirl\u0259r. V\u0259t\u0259n m\u00fcharib\u0259si d\u00f6vr\u00fcnd\u0259 d\u0259 biz bunu a\u00e7\u0131q m\u00fc\u015fahid\u0259 etdik. Bu nailiyy\u0259t\u0259 d\u0259 son ill\u0259r \u00f6lk\u0259mizd\u0259 h\u0259yata ke\u00e7iril\u0259n u\u011furlu siyas\u0259t n\u0259tic\u0259sind\u0259 nail olunub&#8221;.<\/p>\n<p>C.M\u0259mm\u0259dov qeyd edib ki, son bir ne\u00e7\u0259 ild\u0259 \u00f6lk\u0259mizd\u0259 iqtisadi islahatlar da u\u011furla davam etdirilib, g\u00fccl\u00fc iqtisadi sistem formala\u015fd\u0131r\u0131l\u0131b:<\/p>\n<p>&#8220;\u00d6lk\u0259 iqtisadiyyat\u0131 s\u00fcr\u0259tl\u0259 inki\u015faf edir, \u00f6lk\u0259mizd\u0259 yeni investisiya layih\u0259l\u0259ri h\u0259yata ke\u00e7irilir. T\u0259kc\u0259 bu il Az\u0259rbaycanda t\u0259qrib\u0259n 400-500 milyon dollarl\u0131q ancaq xarici investisiya b\u0259rpaolunan enerji n\u00f6vl\u0259rin\u0259 c\u0259lb olunub. Art\u0131q bir m\u00fcqavil\u0259 ba\u011flan\u0131b, yax\u0131n vaxtlarda yeni m\u00fcqavil\u0259l\u0259r ba\u011flanacaq. H\u0259min \u015firk\u0259tl\u0259r 440 meqavat g\u00fcc\u00fcnd\u0259 g\u00fcn\u0259\u015f v\u0259 k\u00fcl\u0259k elektrik stansiyalar\u0131n\u0131 \u00f6z v\u0259saiti hesab\u0131na in\u015fa ed\u0259c\u0259k. Bu da Az\u0259rbaycann\u0131n enerji sistemin\u0259 \u00f6z ciddi t\u00f6hf\u0259sini ver\u0259c\u0259k.<\/p>\n<p>\u018fhalinin sosial t\u0259minat\u0131n\u0131n yax\u015f\u0131la\u015fd\u0131r\u0131lmas\u0131 istiqam\u0259tind\u0259 d\u0259 \u00f6lk\u0259mizd\u0259 ciddi u\u011furlara nail olunub. M\u00fcharib\u0259d\u0259n 4 ay ke\u00e7m\u0259sin\u0259 baxmayaraq, art\u0131q 1500 \u015f\u0259hid ail\u0259si v\u0259 m\u00fcharib\u0259 \u0259lili m\u0259nzill\u0259rl\u0259 t\u0259min olunublar. Ke\u00e7\u0259n il \u015f\u0259hid ail\u0259l\u0259rin\u0259 1572 m\u0259nzil verilib. Bu il 3 min\u0259 yax\u0131n \u015f\u0259hid ail\u0259si v\u0259 m\u00fcharib\u0259 \u0259lili yeni m\u0259nzill\u0259r alacaq. H\u0259m\u00e7inin Bak\u0131, Sumqay\u0131t \u015f\u0259h\u0259rl\u0259rind\u0259 v\u0259 Ab\u015feron rayonunda n\u00f6vb\u0259d\u0259 dayanan, o c\u00fcml\u0259d\u0259n ilk n\u00f6vb\u0259d\u0259 Birinci Qaraba\u011f m\u00fcharib\u0259sinin \u015f\u0259hid ail\u0259l\u0259rinin n\u00fcmay\u0259nd\u0259l\u0259rin\u0259 tam \u015f\u0259kild\u0259 m\u0259nzill\u0259r, evl\u0259r veril\u0259c\u0259k. B\u00fct\u00fcn bunlar \u00f6lk\u0259mizd\u0259 bu kateqoriyadan olan insanlara y\u00fcks\u0259k diqq\u0259t v\u0259 qay\u011f\u0131 g\u00f6st\u0259rildiyini bir daha t\u0259sdiq edir.<\/p>\n<p>Son ill\u0259r c\u0259miyy\u0259timizd\u0259 xo\u015fag\u0259lm\u0259z hallarla m\u00fcbariz\u0259 istiqam\u0259tind\u0259 d\u0259 b\u00f6y\u00fck i\u015fl\u0259r g\u00f6r\u00fcl\u00fcb. Son bir ne\u00e7\u0259 ild\u0259 \u00f6lk\u0259mizd\u0259 korrupsiya il\u0259 m\u00fcbariz\u0259 istiqam\u0259tind\u0259 ciddi add\u0131mlar at\u0131l\u0131b. \u0130dar\u0259etm\u0259d\u0259 ciddi islahatlar h\u0259yata ke\u00e7irilib.<\/p>\n<p>B\u00fct\u00fcn bunlar Prezident \u0130lham \u018fliyevin r\u0259hb\u0259rliyi v\u0259 g\u0259rgin \u0259m\u0259yi il\u0259 Az\u0259rbaycan\u0131n son 17 ild\u0259 b\u00f6y\u00fck inki\u015faf yolu ke\u00e7diyini, b\u00fct\u00fcn sah\u0259l\u0259rd\u0259 u\u011fur qazand\u0131\u011f\u0131n\u0131 s\u00f6yl\u0259m\u0259y\u0259 \u0259sas verir. Bu u\u011furlar\u0131n arxas\u0131nda g\u00fccl\u00fc irad\u0259, xalq-iqtidar birliyi, d\u00fc\u015f\u00fcn\u00fclm\u00fc\u015f uzaqg\u00f6r\u0259n siyas\u0259t durur&#8221;.<\/p>\n","protected":false},"excerpt":{"rendered":"<p>Son 17 ild\u0259 Az\u0259rbaycan Prezident \u0130lham \u018fliyevin r\u0259hb\u0259rliyi il\u0259 b\u00fct\u00fcn sah\u0259l\u0259rd\u0259 b\u00f6y\u00fck inki\u015faf yolu ke\u00e7ib. Az\u0259rbaycan\u0131n bu u\u011furlar\u0131 beyn\u0259lxalq al\u0259m t\u0259r\u0259find\u0259n d\u0259 y\u00fcks\u0259k qiym\u0259tl\u0259ndirilir. Bu g\u00fcn Az\u0259rbaycan\u0131n n\u00fcfuzu d\u00fcnyada durmadan art\u0131r, \u00f6lk\u0259miz\u0259 qar\u015f\u0131 b\u00f6y\u00fck etimad v\u0259 h\u00f6rm\u0259t var. Bu nailiyy\u0259tl\u0259r h\u0259yata ke\u00e7iril\u0259n u\u011furlu daxili v\u0259 xarici siyas\u0259t n\u0259tic\u0259sind\u0259 \u0259ld\u0259 olunub. ARANTV.AZ bildirir ki, bunu\u00a0Trend-\u0259 Milli M\u0259clisin deputat\u0131 Ceyhun M\u0259mm\u0259dov deyib. Deputat bildirib ki, c\u0259nab \u0130lham \u018fliyevin Prezident se\u00e7il\u0259rk\u0259n qar\u015f\u0131ya qoydu\u011fu \u0259sas h\u0259d\u0259fl\u0259rd\u0259n biri \u00f6lk\u0259mizin \u0259razi b\u00fct\u00f6vl\u00fcy\u00fcn\u00fcn b\u0259rpa olunmas\u0131 idi: &#8220;Az\u0259rbaycan art\u0131q buna nail olub. Bu g\u00fcn Az\u0259rbaycan xalq\u0131 \u00f6z tarixinin&hellip;<\/p>\n","protected":false},"author":2,"featured_media":308959,"comment_status":"closed","ping_status":"closed","sticky":false,"template":"","format":"standard","meta":{"om_disable_all_campaigns":false,"_monsterinsights_skip_tracking":false,"_monsterinsights_sitenote_active":false,"_monsterinsights_sitenote_note":"","_monsterinsights_sitenote_category":0},"categories":[4],"tags":[],"aioseo_notices":[],"gutentor_comment":0,"rttpg_featured_image_url":{"full":["https:\/\/arantv.az\/wp-content\/uploads\/2021\/03\/928952-2.jpg",800,600,false],"landscape":["https:\/\/arantv.az\/wp-content\/uploads\/2021\/03\/928952-2.jpg",800,600,false],"portraits":["https:\/\/arantv.az\/wp-content\/uploads\/2021\/03\/928952-2.jpg",800,600,false],"thumbnail":["https:\/\/arantv.az\/wp-content\/uploads\/2021\/03\/928952-2-150x150.jpg",150,150,true],"medium":["https:\/\/arantv.az\/wp-content\/uploads\/2021\/03\/928952-2-300x225.jpg",300,225,true],"large":["https:\/\/arantv.az\/wp-content\/uploads\/2021\/03\/928952-2.jpg",640,480,false],"1536x1536":["https:\/\/arantv.az\/wp-content\/uploads\/2021\/03\/928952-2.jpg",800,600,false],"2048x2048":["https:\/\/arantv.az\/wp-content\/uploads\/2021\/03\/928952-2.jpg",800,600,false],"post-thumbnail":["https:\/\/arantv.az\/wp-content\/uploads\/2021\/03\/928952-2-240x172.jpg",240,172,true],"advps-thumb-one":["https:\/\/arantv.az\/wp-content\/uploads\/2021\/03\/928952-2.jpg",800,600,false]},"rttpg_author":{"display_name":"V\u00fcsal Rafiqo\u011flu","author_link":"https:\/\/arantv.az\/?author=2"},"rttpg_comment":0,"rttpg_category":"<a href=\"https:\/\/arantv.az\/?cat=4\" rel=\"category\">Siyas\u0259t<\/a>","rttpg_excerpt":"Son 17 ild\u0259 Az\u0259rbaycan Prezident \u0130lham \u018fliyevin r\u0259hb\u0259rliyi il\u0259 b\u00fct\u00fcn sah\u0259l\u0259rd\u0259 b\u00f6y\u00fck inki\u015faf yolu ke\u00e7ib. Az\u0259rbaycan\u0131n bu u\u011furlar\u0131 beyn\u0259lxalq al\u0259m t\u0259r\u0259find\u0259n d\u0259 y\u00fcks\u0259k qiym\u0259tl\u0259ndirilir. Bu g\u00fcn Az\u0259rbaycan\u0131n n\u00fcfuzu d\u00fcnyada durmadan art\u0131r, \u00f6lk\u0259miz\u0259 qar\u015f\u0131 b\u00f6y\u00fck etimad v\u0259 h\u00f6rm\u0259t var. Bu nailiyy\u0259tl\u0259r h\u0259yata ke\u00e7iril\u0259n u\u011furlu daxili v\u0259 xarici siyas\u0259t n\u0259tic\u0259sind\u0259 \u0259ld\u0259 olunub. ARANTV.AZ bildirir ki, bunu\u00a0Trend-\u0259 Milli&hellip;","_links":{"self":[{"href":"https:\/\/arantv.az\/index.php?rest_route=\/wp\/v2\/posts\/308956"}],"collection":[{"href":"https:\/\/arantv.az\/index.php?rest_route=\/wp\/v2\/posts"}],"about":[{"href":"https:\/\/arantv.az\/index.php?rest_route=\/wp\/v2\/types\/post"}],"author":[{"embeddable":true,"href":"https:\/\/arantv.az\/index.php?rest_route=\/wp\/v2\/users\/2"}],"replies":[{"embeddable":true,"href":"https:\/\/arantv.az\/index.php?rest_route=%2Fwp%2Fv2%2Fcomments&post=308956"}],"version-history":[{"count":0,"href":"https:\/\/arantv.az\/index.php?rest_route=\/wp\/v2\/posts\/308956\/revisions"}],"wp:featuredmedia":[{"embeddable":true,"href":"https:\/\/arantv.az\/index.php?rest_route=\/wp\/v2\/media\/308959"}],"wp:attachment":[{"href":"https:\/\/arantv.az\/index.php?rest_route=%2Fwp%2Fv2%2Fmedia&parent=308956"}],"wp:term":[{"taxonomy":"category","embeddable":true,"href":"https:\/\/arantv.az\/index.php?rest_route=%2Fwp%2Fv2%2Fcategories&post=308956"},{"taxonomy":"post_tag","embeddable":true,"href":"https:\/\/arantv.az\/index.php?rest_route=%2Fwp%2Fv2%2Ftags&post=308956"}],"curies":[{"name":"wp","href":"https:\/\/api.w.org\/{rel}","templated":true}]}}