{"id":308970,"date":"2021-03-08T16:44:05","date_gmt":"2021-03-08T13:44:05","guid":{"rendered":"http:\/\/arantv.az\/?p=308970"},"modified":"2021-03-08T16:44:05","modified_gmt":"2021-03-08T13:44:05","slug":"caliber-pasinyan-f%c9%99al-mudafi%c9%99y%c9%99-kecir-video","status":"publish","type":"post","link":"https:\/\/arantv.az\/?p=308970","title":{"rendered":"\u201cCaliber\u201d: \u201cPa\u015finyan f\u0259al m\u00fcdafi\u0259y\u0259 ke\u00e7ir\u201d &#8211; V\u0130DEO"},"content":{"rendered":"<article class=\"news\">\n<div class=\"news-inner\">\n<p>Etirazlar, x\u0259yan\u0259t ittihamlar\u0131, real cinay\u0259tl\u0259r v\u0259 \u00e7ar\u0259sizlik. Erm\u0259nistan Respublikas\u0131n\u0131n Silahl\u0131 Q\u00fcvv\u0259l\u0259rinin qara k\u00fcr\u00fc il\u0259 bir par\u00e7a \u00e7\u00f6r\u0259ksiz qalan komandanl\u0131\u011f\u0131, fobiya il\u0259 ya\u015fayan erm\u0259ni c\u0259miyy\u0259ti v\u0259 Nikolun sonsuz \u201cMarmot g\u00fcn\u00fc\u201d davam edir &#8230;<\/p>\n<div id=\"AdviadNativeVideo0\" class=\"AdviadNativeVideo\"><\/div>\n<p>\u201cCaliber\u201d h\u0259rbi-analitik layih\u0259sinin n\u00f6vb\u0259ti \u2013 \u201cPa\u015finyan f\u0259al m\u00fcdafi\u0259y\u0259 ke\u00e7ir\u201d adl\u0131 21-ci burax\u0131l\u0131\u015f\u0131 Erm\u0259nistandak\u0131 m\u00fcr\u0259kk\u0259b daxili-siyasi v\u0259ziyy\u0259t\u0259, Az\u0259rbaycanla s\u0259rh\u0259dl\u0259rinin demarkasiyas\u0131na v\u0259 Ukrayna n\u00fcmun\u0259sind\u0259 \u201cCivil-military cooperation\u201d adl\u0131 x\u00fcsusi inteqrasiya proqram\u0131na h\u0259sr edilib. Bununla ba\u011fl\u0131 \u201cNew Geopolitics Research Network\u201dun direktoru Mixaylo Samus \u00f6z x\u00fcsusi r\u0259yini bildirib.<\/p>\n<div><iframe loading=\"lazy\" src=\"https:\/\/www.youtube.com\/embed\/_RmFFSMlT88\" width=\"560\" height=\"315\" frameborder=\"0\" allowfullscreen=\"allowfullscreen\" data-mce-fragment=\"1\"><\/iframe><\/div>\n<\/div>\n<\/article>\n<h2 class=\"news-share-title\"><\/h2>\n","protected":false},"excerpt":{"rendered":"<p>Etirazlar, x\u0259yan\u0259t ittihamlar\u0131, real cinay\u0259tl\u0259r v\u0259 \u00e7ar\u0259sizlik. Erm\u0259nistan Respublikas\u0131n\u0131n Silahl\u0131 Q\u00fcvv\u0259l\u0259rinin qara k\u00fcr\u00fc il\u0259 bir par\u00e7a \u00e7\u00f6r\u0259ksiz qalan komandanl\u0131\u011f\u0131, fobiya il\u0259 ya\u015fayan erm\u0259ni c\u0259miyy\u0259ti v\u0259 Nikolun sonsuz \u201cMarmot g\u00fcn\u00fc\u201d davam edir &#8230; \u201cCaliber\u201d h\u0259rbi-analitik layih\u0259sinin n\u00f6vb\u0259ti \u2013 \u201cPa\u015finyan f\u0259al m\u00fcdafi\u0259y\u0259 ke\u00e7ir\u201d adl\u0131 21-ci burax\u0131l\u0131\u015f\u0131 Erm\u0259nistandak\u0131 m\u00fcr\u0259kk\u0259b daxili-siyasi v\u0259ziyy\u0259t\u0259, Az\u0259rbaycanla s\u0259rh\u0259dl\u0259rinin demarkasiyas\u0131na v\u0259 Ukrayna n\u00fcmun\u0259sind\u0259 \u201cCivil-military cooperation\u201d adl\u0131 x\u00fcsusi inteqrasiya proqram\u0131na h\u0259sr edilib. Bununla ba\u011fl\u0131 \u201cNew Geopolitics Research Network\u201dun direktoru Mixaylo Samus \u00f6z x\u00fcsusi r\u0259yini bildirib.<\/p>\n","protected":false},"author":2,"featured_media":308971,"comment_status":"closed","ping_status":"closed","sticky":false,"template":"","format":"standard","meta":{"om_disable_all_campaigns":false,"_monsterinsights_skip_tracking":false,"_monsterinsights_sitenote_active":false,"_monsterinsights_sitenote_note":"","_monsterinsights_sitenote_category":0},"categories":[10],"tags":[],"aioseo_notices":[],"gutentor_comment":0,"rttpg_featured_image_url":{"full":["https:\/\/arantv.az\/wp-content\/uploads\/2021\/03\/pasik.jpg",620,348,false],"landscape":["https:\/\/arantv.az\/wp-content\/uploads\/2021\/03\/pasik.jpg",620,348,false],"portraits":["https:\/\/arantv.az\/wp-content\/uploads\/2021\/03\/pasik.jpg",620,348,false],"thumbnail":["https:\/\/arantv.az\/wp-content\/uploads\/2021\/03\/pasik-150x150.jpg",150,150,true],"medium":["https:\/\/arantv.az\/wp-content\/uploads\/2021\/03\/pasik-300x168.jpg",300,168,true],"large":["https:\/\/arantv.az\/wp-content\/uploads\/2021\/03\/pasik.jpg",620,348,false],"1536x1536":["https:\/\/arantv.az\/wp-content\/uploads\/2021\/03\/pasik.jpg",620,348,false],"2048x2048":["https:\/\/arantv.az\/wp-content\/uploads\/2021\/03\/pasik.jpg",620,348,false],"post-thumbnail":["https:\/\/arantv.az\/wp-content\/uploads\/2021\/03\/pasik-240x172.jpg",240,172,true],"advps-thumb-one":["https:\/\/arantv.az\/wp-content\/uploads\/2021\/03\/pasik.jpg",620,348,false]},"rttpg_author":{"display_name":"V\u00fcsal Rafiqo\u011flu","author_link":"https:\/\/arantv.az\/?author=2"},"rttpg_comment":0,"rttpg_category":"<a href=\"https:\/\/arantv.az\/?cat=10\" rel=\"category\">C\u0259bh\u0259d\u0259n X\u0259b\u0259r<\/a>","rttpg_excerpt":"Etirazlar, x\u0259yan\u0259t ittihamlar\u0131, real cinay\u0259tl\u0259r v\u0259 \u00e7ar\u0259sizlik. Erm\u0259nistan Respublikas\u0131n\u0131n Silahl\u0131 Q\u00fcvv\u0259l\u0259rinin qara k\u00fcr\u00fc il\u0259 bir par\u00e7a \u00e7\u00f6r\u0259ksiz qalan komandanl\u0131\u011f\u0131, fobiya il\u0259 ya\u015fayan erm\u0259ni c\u0259miyy\u0259ti v\u0259 Nikolun sonsuz \u201cMarmot g\u00fcn\u00fc\u201d davam edir &#8230; \u201cCaliber\u201d h\u0259rbi-analitik layih\u0259sinin n\u00f6vb\u0259ti \u2013 \u201cPa\u015finyan f\u0259al m\u00fcdafi\u0259y\u0259 ke\u00e7ir\u201d adl\u0131 21-ci burax\u0131l\u0131\u015f\u0131 Erm\u0259nistandak\u0131 m\u00fcr\u0259kk\u0259b daxili-siyasi v\u0259ziyy\u0259t\u0259, Az\u0259rbaycanla s\u0259rh\u0259dl\u0259rinin demarkasiyas\u0131na v\u0259 Ukrayna n\u00fcmun\u0259sind\u0259 \u201cCivil-military&hellip;","_links":{"self":[{"href":"https:\/\/arantv.az\/index.php?rest_route=\/wp\/v2\/posts\/308970"}],"collection":[{"href":"https:\/\/arantv.az\/index.php?rest_route=\/wp\/v2\/posts"}],"about":[{"href":"https:\/\/arantv.az\/index.php?rest_route=\/wp\/v2\/types\/post"}],"author":[{"embeddable":true,"href":"https:\/\/arantv.az\/index.php?rest_route=\/wp\/v2\/users\/2"}],"replies":[{"embeddable":true,"href":"https:\/\/arantv.az\/index.php?rest_route=%2Fwp%2Fv2%2Fcomments&post=308970"}],"version-history":[{"count":0,"href":"https:\/\/arantv.az\/index.php?rest_route=\/wp\/v2\/posts\/308970\/revisions"}],"wp:featuredmedia":[{"embeddable":true,"href":"https:\/\/arantv.az\/index.php?rest_route=\/wp\/v2\/media\/308971"}],"wp:attachment":[{"href":"https:\/\/arantv.az\/index.php?rest_route=%2Fwp%2Fv2%2Fmedia&parent=308970"}],"wp:term":[{"taxonomy":"category","embeddable":true,"href":"https:\/\/arantv.az\/index.php?rest_route=%2Fwp%2Fv2%2Fcategories&post=308970"},{"taxonomy":"post_tag","embeddable":true,"href":"https:\/\/arantv.az\/index.php?rest_route=%2Fwp%2Fv2%2Ftags&post=308970"}],"curies":[{"name":"wp","href":"https:\/\/api.w.org\/{rel}","templated":true}]}}