{"id":308977,"date":"2021-03-08T19:12:04","date_gmt":"2021-03-08T16:12:04","guid":{"rendered":"http:\/\/arantv.az\/?p=308977"},"modified":"2021-03-08T19:12:04","modified_gmt":"2021-03-08T16:12:04","slug":"goygold%c9%99-qar-s%c9%99b%c9%99bind%c9%99n-n%c9%99qliyyatin-isi-c%c9%99tinl%c9%99sib-foto","status":"publish","type":"post","link":"https:\/\/arantv.az\/?p=308977","title":{"rendered":"G\u00f6yg\u00f6ld\u0259 qar s\u0259b\u0259bind\u0259n n\u0259qliyyat\u0131n i\u015fi \u00e7\u0259tinl\u0259\u015fib &#8211; FOTO"},"content":{"rendered":"<p>G\u00f6yg\u00f6ld\u0259 ya\u011fan qar n\u0259qliyyat\u0131n h\u0259r\u0259k\u0259tini\u00a0\u00e7\u0259tinl\u0259\u015fdirib.<\/p>\n<p>D\u0130N-in M\u0259tbuat Xidm\u0259tinin G\u0259nc\u0259 regional qrupunun ba\u015f inspektoru E\u015fqin Qas\u0131mov bildirib ki, hava \u015f\u0259raitinin d\u0259yi\u015fm\u0259si il\u0259 \u0259laq\u0259dar G\u00f6yg\u00f6l RP\u015e-nin \u0259m\u0259kda\u015flar\u0131 g\u00fccl\u0259ndirilmi\u015f i\u015f rejimin\u0259 ke\u00e7ib.<\/p>\n<p>Bununla \u0259laq\u0259dar RP\u015e-nin D\u00f6vl\u0259t Yol Polis B\u00f6lm\u0259sinin \u0259m\u0259kda\u015flar\u0131 rayon \u0259razisind\u0259 m\u00fct\u0259madi xidm\u0259t apararaq, s\u00fcr\u00fcc\u00fc v\u0259 piyadalar\u0131n h\u0259r\u0259k\u0259tinin t\u0259hl\u00fck\u0259sizliyinin t\u0259min edilm\u0259si istiqam\u0259tind\u0259 i\u015fl\u0259r g\u00f6r\u00fcr. G\u00f6yg\u00f6l rayon sakinl\u0259rind\u0259n, x\u00fcsusi il\u0259 da\u011f k\u0259ndl\u0259rind\u0259 ya\u015fayanlardan xahi\u015f olunur ki, m\u00fcmk\u00fcn q\u0259d\u0259r ya\u015fay\u0131\u015f yerl\u0259rini t\u0259rk etm\u0259sinl\u0259r, n\u0259qliyyat\u00a0vasit\u0259si idar\u0259 ed\u0259nl\u0259r is\u0259 ara m\u0259saf\u0259, minimal s\u00fcr\u0259t v\u0259 dig\u0259r z\u0259ruri t\u0259dbirl\u0259r\u0259 riay\u0259t etsinl\u0259r.<\/p>\n<div class=\"gallery\">\n<div class=\"gallery-i\"><img src=\"https:\/\/cdn.oxu.az\/uploads\/W1siZiIsIjIwMjEvMDMvMDgvMTkvMjQvMzUvZDRmYWZiMjAtYmI1NS00NzA2LWExNjAtYjBkMzEwNjdmYmZiLzE1ODU3MzYzMV80NjgyMzc0NDEwMjY2MDRfNTc2MTYxMDc4OTc3MjIxODcwNl9uLmpwZyJdLFsicCIsImVuY29kZSIsImpwZyIsIi1xdWFsaXR5IDgwIl0sWyJwIiwidGh1bWIiLCI1OTB4NTkwXHUwMDNlIl1d?sha=1320553b1f593b21\" alt=\"\" \/><\/div>\n<\/div>\n","protected":false},"excerpt":{"rendered":"<p>G\u00f6yg\u00f6ld\u0259 ya\u011fan qar n\u0259qliyyat\u0131n h\u0259r\u0259k\u0259tini\u00a0\u00e7\u0259tinl\u0259\u015fdirib. D\u0130N-in M\u0259tbuat Xidm\u0259tinin G\u0259nc\u0259 regional qrupunun ba\u015f inspektoru E\u015fqin Qas\u0131mov bildirib ki, hava \u015f\u0259raitinin d\u0259yi\u015fm\u0259si il\u0259 \u0259laq\u0259dar G\u00f6yg\u00f6l RP\u015e-nin \u0259m\u0259kda\u015flar\u0131 g\u00fccl\u0259ndirilmi\u015f i\u015f rejimin\u0259 ke\u00e7ib. Bununla \u0259laq\u0259dar RP\u015e-nin D\u00f6vl\u0259t Yol Polis B\u00f6lm\u0259sinin \u0259m\u0259kda\u015flar\u0131 rayon \u0259razisind\u0259 m\u00fct\u0259madi xidm\u0259t apararaq, s\u00fcr\u00fcc\u00fc v\u0259 piyadalar\u0131n h\u0259r\u0259k\u0259tinin t\u0259hl\u00fck\u0259sizliyinin t\u0259min edilm\u0259si istiqam\u0259tind\u0259 i\u015fl\u0259r g\u00f6r\u00fcr. G\u00f6yg\u00f6l rayon sakinl\u0259rind\u0259n, x\u00fcsusi il\u0259 da\u011f k\u0259ndl\u0259rind\u0259 ya\u015fayanlardan xahi\u015f olunur ki, m\u00fcmk\u00fcn q\u0259d\u0259r ya\u015fay\u0131\u015f yerl\u0259rini t\u0259rk etm\u0259sinl\u0259r, n\u0259qliyyat\u00a0vasit\u0259si idar\u0259 ed\u0259nl\u0259r is\u0259 ara m\u0259saf\u0259, minimal s\u00fcr\u0259t v\u0259 dig\u0259r z\u0259ruri t\u0259dbirl\u0259r\u0259 riay\u0259t etsinl\u0259r.<\/p>\n","protected":false},"author":2,"featured_media":308978,"comment_status":"closed","ping_status":"closed","sticky":false,"template":"","format":"standard","meta":{"om_disable_all_campaigns":false,"_monsterinsights_skip_tracking":false,"_monsterinsights_sitenote_active":false,"_monsterinsights_sitenote_note":"","_monsterinsights_sitenote_category":0},"categories":[2],"tags":[],"aioseo_notices":[],"gutentor_comment":0,"rttpg_featured_image_url":{"full":["https:\/\/arantv.az\/wp-content\/uploads\/2021\/03\/158440693_449819046439048_3173839732323602647_n.jpg",620,301,false],"landscape":["https:\/\/arantv.az\/wp-content\/uploads\/2021\/03\/158440693_449819046439048_3173839732323602647_n.jpg",620,301,false],"portraits":["https:\/\/arantv.az\/wp-content\/uploads\/2021\/03\/158440693_449819046439048_3173839732323602647_n.jpg",620,301,false],"thumbnail":["https:\/\/arantv.az\/wp-content\/uploads\/2021\/03\/158440693_449819046439048_3173839732323602647_n-150x150.jpg",150,150,true],"medium":["https:\/\/arantv.az\/wp-content\/uploads\/2021\/03\/158440693_449819046439048_3173839732323602647_n-300x146.jpg",300,146,true],"large":["https:\/\/arantv.az\/wp-content\/uploads\/2021\/03\/158440693_449819046439048_3173839732323602647_n.jpg",620,301,false],"1536x1536":["https:\/\/arantv.az\/wp-content\/uploads\/2021\/03\/158440693_449819046439048_3173839732323602647_n.jpg",620,301,false],"2048x2048":["https:\/\/arantv.az\/wp-content\/uploads\/2021\/03\/158440693_449819046439048_3173839732323602647_n.jpg",620,301,false],"post-thumbnail":["https:\/\/arantv.az\/wp-content\/uploads\/2021\/03\/158440693_449819046439048_3173839732323602647_n-240x172.jpg",240,172,true],"advps-thumb-one":["https:\/\/arantv.az\/wp-content\/uploads\/2021\/03\/158440693_449819046439048_3173839732323602647_n.jpg",620,301,false]},"rttpg_author":{"display_name":"V\u00fcsal Rafiqo\u011flu","author_link":"https:\/\/arantv.az\/?author=2"},"rttpg_comment":0,"rttpg_category":"<a href=\"https:\/\/arantv.az\/?cat=2\" rel=\"category\">Region X\u0259b\u0259rl\u0259ri<\/a>","rttpg_excerpt":"G\u00f6yg\u00f6ld\u0259 ya\u011fan qar n\u0259qliyyat\u0131n h\u0259r\u0259k\u0259tini\u00a0\u00e7\u0259tinl\u0259\u015fdirib. D\u0130N-in M\u0259tbuat Xidm\u0259tinin G\u0259nc\u0259 regional qrupunun ba\u015f inspektoru E\u015fqin Qas\u0131mov bildirib ki, hava \u015f\u0259raitinin d\u0259yi\u015fm\u0259si il\u0259 \u0259laq\u0259dar G\u00f6yg\u00f6l RP\u015e-nin \u0259m\u0259kda\u015flar\u0131 g\u00fccl\u0259ndirilmi\u015f i\u015f rejimin\u0259 ke\u00e7ib. Bununla \u0259laq\u0259dar RP\u015e-nin D\u00f6vl\u0259t Yol Polis B\u00f6lm\u0259sinin \u0259m\u0259kda\u015flar\u0131 rayon \u0259razisind\u0259 m\u00fct\u0259madi xidm\u0259t apararaq, s\u00fcr\u00fcc\u00fc v\u0259 piyadalar\u0131n h\u0259r\u0259k\u0259tinin t\u0259hl\u00fck\u0259sizliyinin t\u0259min edilm\u0259si istiqam\u0259tind\u0259 i\u015fl\u0259r g\u00f6r\u00fcr. G\u00f6yg\u00f6l rayon sakinl\u0259rind\u0259n,&hellip;","_links":{"self":[{"href":"https:\/\/arantv.az\/index.php?rest_route=\/wp\/v2\/posts\/308977"}],"collection":[{"href":"https:\/\/arantv.az\/index.php?rest_route=\/wp\/v2\/posts"}],"about":[{"href":"https:\/\/arantv.az\/index.php?rest_route=\/wp\/v2\/types\/post"}],"author":[{"embeddable":true,"href":"https:\/\/arantv.az\/index.php?rest_route=\/wp\/v2\/users\/2"}],"replies":[{"embeddable":true,"href":"https:\/\/arantv.az\/index.php?rest_route=%2Fwp%2Fv2%2Fcomments&post=308977"}],"version-history":[{"count":0,"href":"https:\/\/arantv.az\/index.php?rest_route=\/wp\/v2\/posts\/308977\/revisions"}],"wp:featuredmedia":[{"embeddable":true,"href":"https:\/\/arantv.az\/index.php?rest_route=\/wp\/v2\/media\/308978"}],"wp:attachment":[{"href":"https:\/\/arantv.az\/index.php?rest_route=%2Fwp%2Fv2%2Fmedia&parent=308977"}],"wp:term":[{"taxonomy":"category","embeddable":true,"href":"https:\/\/arantv.az\/index.php?rest_route=%2Fwp%2Fv2%2Fcategories&post=308977"},{"taxonomy":"post_tag","embeddable":true,"href":"https:\/\/arantv.az\/index.php?rest_route=%2Fwp%2Fv2%2Ftags&post=308977"}],"curies":[{"name":"wp","href":"https:\/\/api.w.org\/{rel}","templated":true}]}}