{"id":308990,"date":"2021-03-08T19:15:58","date_gmt":"2021-03-08T16:15:58","guid":{"rendered":"http:\/\/arantv.az\/?p=308990"},"modified":"2021-03-08T19:15:58","modified_gmt":"2021-03-08T16:15:58","slug":"s%c9%99hidimizin-anasi-v%c9%99-h%c9%99yat-yoldasi-8-martda-yad-edildi-video","status":"publish","type":"post","link":"https:\/\/arantv.az\/?p=308990","title":{"rendered":"\u015e\u0259hidimizin anas\u0131 v\u0259 h\u0259yat yolda\u015f\u0131 8 Martda yad edildi &#8211; V\u0130DEO"},"content":{"rendered":"<p>8 Mart \u2013 Beyn\u0259lxalq Qad\u0131nlar G\u00fcn\u00fc \u015f\u0259hid analar\u0131 da diqq\u0259td\u0259n k\u0259nar qoyulmay\u0131b.<\/p>\n<p>Baku TV\u00a0\u015f\u0259hidl\u0259rimizd\u0259n mayor, h\u0259rbi pilot Abbas Qas\u0131movun ail\u0259sinin ya\u015fad\u0131\u011f\u0131 ev\u0259 ba\u015f \u00e7\u0259kib.<\/p>\n<p>\u015e\u0259hidimizin anas\u0131 Kifay\u0259t Qas\u0131mova v\u0259 h\u0259yat yolda\u015f\u0131 Siddiq\u0259 Qas\u0131mova h\u0259r il onlar\u0131 8 martda Abbas\u0131n t\u0259brik etdiyini bildiribl\u0259r.<\/p>\n<p>Qeyd ed\u0259k ki, iki o\u011ful sahibi olan Abbas Qas\u0131mov sentyabr\u0131n 27-d\u0259 F\u00fczuli u\u011frunda ged\u0259n d\u00f6y\u00fc\u015fl\u0259rd\u0259 \u015f\u0259hid olub v\u0259 Yasamal rayonunda yerl\u0259\u015f\u0259n \u015e\u0259hidl\u0259r Xiyaban\u0131nda d\u0259fn edilib.<\/p>\n<div><iframe loading=\"lazy\" src=\"https:\/\/www.youtube.com\/embed\/XgnN_KxdgbI\" width=\"560\" height=\"315\" frameborder=\"0\" allowfullscreen=\"allowfullscreen\" data-mce-fragment=\"1\"><\/iframe><\/div>\n<p>&nbsp;<\/p>\n","protected":false},"excerpt":{"rendered":"<p>8 Mart \u2013 Beyn\u0259lxalq Qad\u0131nlar G\u00fcn\u00fc \u015f\u0259hid analar\u0131 da diqq\u0259td\u0259n k\u0259nar qoyulmay\u0131b. Baku TV\u00a0\u015f\u0259hidl\u0259rimizd\u0259n mayor, h\u0259rbi pilot Abbas Qas\u0131movun ail\u0259sinin ya\u015fad\u0131\u011f\u0131 ev\u0259 ba\u015f \u00e7\u0259kib. \u015e\u0259hidimizin anas\u0131 Kifay\u0259t Qas\u0131mova v\u0259 h\u0259yat yolda\u015f\u0131 Siddiq\u0259 Qas\u0131mova h\u0259r il onlar\u0131 8 martda Abbas\u0131n t\u0259brik etdiyini bildiribl\u0259r. Qeyd ed\u0259k ki, iki o\u011ful sahibi olan Abbas Qas\u0131mov sentyabr\u0131n 27-d\u0259 F\u00fczuli u\u011frunda ged\u0259n d\u00f6y\u00fc\u015fl\u0259rd\u0259 \u015f\u0259hid olub v\u0259 Yasamal rayonunda yerl\u0259\u015f\u0259n \u015e\u0259hidl\u0259r Xiyaban\u0131nda d\u0259fn edilib. &nbsp;<\/p>\n","protected":false},"author":2,"featured_media":308992,"comment_status":"closed","ping_status":"closed","sticky":false,"template":"","format":"standard","meta":{"om_disable_all_campaigns":false,"_monsterinsights_skip_tracking":false,"_monsterinsights_sitenote_active":false,"_monsterinsights_sitenote_note":"","_monsterinsights_sitenote_category":0},"categories":[26],"tags":[],"aioseo_notices":[],"gutentor_comment":0,"rttpg_featured_image_url":{"full":["https:\/\/arantv.az\/wp-content\/uploads\/2021\/03\/Capture-7.jpg",585,388,false],"landscape":["https:\/\/arantv.az\/wp-content\/uploads\/2021\/03\/Capture-7.jpg",585,388,false],"portraits":["https:\/\/arantv.az\/wp-content\/uploads\/2021\/03\/Capture-7.jpg",585,388,false],"thumbnail":["https:\/\/arantv.az\/wp-content\/uploads\/2021\/03\/Capture-7-150x150.jpg",150,150,true],"medium":["https:\/\/arantv.az\/wp-content\/uploads\/2021\/03\/Capture-7-300x199.jpg",300,199,true],"large":["https:\/\/arantv.az\/wp-content\/uploads\/2021\/03\/Capture-7.jpg",585,388,false],"1536x1536":["https:\/\/arantv.az\/wp-content\/uploads\/2021\/03\/Capture-7.jpg",585,388,false],"2048x2048":["https:\/\/arantv.az\/wp-content\/uploads\/2021\/03\/Capture-7.jpg",585,388,false],"post-thumbnail":["https:\/\/arantv.az\/wp-content\/uploads\/2021\/03\/Capture-7-240x172.jpg",240,172,true],"advps-thumb-one":["https:\/\/arantv.az\/wp-content\/uploads\/2021\/03\/Capture-7.jpg",585,388,false]},"rttpg_author":{"display_name":"V\u00fcsal Rafiqo\u011flu","author_link":"https:\/\/arantv.az\/?author=2"},"rttpg_comment":0,"rttpg_category":"<a href=\"https:\/\/arantv.az\/?cat=26\" rel=\"category\">Sosial<\/a>","rttpg_excerpt":"8 Mart \u2013 Beyn\u0259lxalq Qad\u0131nlar G\u00fcn\u00fc \u015f\u0259hid analar\u0131 da diqq\u0259td\u0259n k\u0259nar qoyulmay\u0131b. Baku TV\u00a0\u015f\u0259hidl\u0259rimizd\u0259n mayor, h\u0259rbi pilot Abbas Qas\u0131movun ail\u0259sinin ya\u015fad\u0131\u011f\u0131 ev\u0259 ba\u015f \u00e7\u0259kib. \u015e\u0259hidimizin anas\u0131 Kifay\u0259t Qas\u0131mova v\u0259 h\u0259yat yolda\u015f\u0131 Siddiq\u0259 Qas\u0131mova h\u0259r il onlar\u0131 8 martda Abbas\u0131n t\u0259brik etdiyini bildiribl\u0259r. Qeyd ed\u0259k ki, iki o\u011ful sahibi olan Abbas Qas\u0131mov sentyabr\u0131n 27-d\u0259 F\u00fczuli u\u011frunda&hellip;","_links":{"self":[{"href":"https:\/\/arantv.az\/index.php?rest_route=\/wp\/v2\/posts\/308990"}],"collection":[{"href":"https:\/\/arantv.az\/index.php?rest_route=\/wp\/v2\/posts"}],"about":[{"href":"https:\/\/arantv.az\/index.php?rest_route=\/wp\/v2\/types\/post"}],"author":[{"embeddable":true,"href":"https:\/\/arantv.az\/index.php?rest_route=\/wp\/v2\/users\/2"}],"replies":[{"embeddable":true,"href":"https:\/\/arantv.az\/index.php?rest_route=%2Fwp%2Fv2%2Fcomments&post=308990"}],"version-history":[{"count":0,"href":"https:\/\/arantv.az\/index.php?rest_route=\/wp\/v2\/posts\/308990\/revisions"}],"wp:featuredmedia":[{"embeddable":true,"href":"https:\/\/arantv.az\/index.php?rest_route=\/wp\/v2\/media\/308992"}],"wp:attachment":[{"href":"https:\/\/arantv.az\/index.php?rest_route=%2Fwp%2Fv2%2Fmedia&parent=308990"}],"wp:term":[{"taxonomy":"category","embeddable":true,"href":"https:\/\/arantv.az\/index.php?rest_route=%2Fwp%2Fv2%2Fcategories&post=308990"},{"taxonomy":"post_tag","embeddable":true,"href":"https:\/\/arantv.az\/index.php?rest_route=%2Fwp%2Fv2%2Ftags&post=308990"}],"curies":[{"name":"wp","href":"https:\/\/api.w.org\/{rel}","templated":true}]}}