{"id":309002,"date":"2021-03-09T07:46:52","date_gmt":"2021-03-09T04:46:52","guid":{"rendered":"http:\/\/arantv.az\/?p=309002"},"modified":"2021-03-09T07:46:52","modified_gmt":"2021-03-09T04:46:52","slug":"dord-aydan-cox-komada-qalan-v%c9%99t%c9%99n-muharib%c9%99si-qazisi-s%c9%99hid-olub-foto","status":"publish","type":"post","link":"https:\/\/arantv.az\/?p=309002","title":{"rendered":"D\u00f6rd aydan \u00e7ox komada qalan V\u0259t\u0259n m\u00fcharib\u0259si qazisi \u015f\u0259hid olub &#8211; FOTO"},"content":{"rendered":"<p>Az\u0259rbaycan Ordusunun 44 g\u00fcn\u0259 z\u0259f\u0259rl\u0259 bitirdiyi V\u0259t\u0259n m\u00fcharib\u0259sind\u0259 a\u011f\u0131r yaralanaraq koma v\u0259ziyy\u0259tin\u0259 d\u00fc\u015f\u0259n h\u0259rb\u00e7i\u00a0C\u0259f\u0259rov Bab\u0259k Maqsud\u00a0o\u011flu \u015f\u0259hid olub.<\/p>\n<p>\u201cReport\u201d\u00a0x\u0259b\u0259r verir ki, o, \u00f6t\u0259n ilin oktyabr ay\u0131n\u0131n 26-da Xocav\u0259nd istiqam\u0259tind\u0259 ged\u0259n d\u00f6y\u00fc\u015fl\u0259rd\u0259 yaralanm\u0131\u015fd\u0131.<\/p>\n<div id=\"AdviadNativeVideo0\" class=\"AdviadNativeVideo\"><\/div>\n<p>H\u0259kiml\u0259rin s\u0259yl\u0259rin\u0259 baxmayaraq, Bab\u0259kin h\u0259yat\u0131n\u0131 xilas etm\u0259k m\u00fcmk\u00fcn olmay\u0131b.<\/p>\n<p>Allah r\u0259hm\u0259t el\u0259sin!<\/p>\n<div class=\"gallery\">\n<div class=\"gallery-i\"><img src=\"https:\/\/cdn.oxu.az\/uploads\/W1siZiIsIjIwMjEvMDMvMDkvMDAvNDQvMjIvYTI3YjgzZGMtYzhmZi00ZTYzLWI1MWQtNmNhZmRjODQyMDIyL3NlaGlkLkpQRyJdLFsicCIsImVuY29kZSIsImpwZyIsIi1xdWFsaXR5IDgwIl0sWyJwIiwidGh1bWIiLCI1OTB4NTkwXHUwMDNlIl1d?sha=bba4e019bcf24994\" \/><\/div>\n<\/div>\n","protected":false},"excerpt":{"rendered":"<p>Az\u0259rbaycan Ordusunun 44 g\u00fcn\u0259 z\u0259f\u0259rl\u0259 bitirdiyi V\u0259t\u0259n m\u00fcharib\u0259sind\u0259 a\u011f\u0131r yaralanaraq koma v\u0259ziyy\u0259tin\u0259 d\u00fc\u015f\u0259n h\u0259rb\u00e7i\u00a0C\u0259f\u0259rov Bab\u0259k Maqsud\u00a0o\u011flu \u015f\u0259hid olub. \u201cReport\u201d\u00a0x\u0259b\u0259r verir ki, o, \u00f6t\u0259n ilin oktyabr ay\u0131n\u0131n 26-da Xocav\u0259nd istiqam\u0259tind\u0259 ged\u0259n d\u00f6y\u00fc\u015fl\u0259rd\u0259 yaralanm\u0131\u015fd\u0131. H\u0259kiml\u0259rin s\u0259yl\u0259rin\u0259 baxmayaraq, Bab\u0259kin h\u0259yat\u0131n\u0131 xilas etm\u0259k m\u00fcmk\u00fcn olmay\u0131b. Allah r\u0259hm\u0259t el\u0259sin!<\/p>\n","protected":false},"author":2,"featured_media":309003,"comment_status":"closed","ping_status":"closed","sticky":false,"template":"","format":"standard","meta":{"om_disable_all_campaigns":false,"_monsterinsights_skip_tracking":false,"_monsterinsights_sitenote_active":false,"_monsterinsights_sitenote_note":"","_monsterinsights_sitenote_category":0},"categories":[26],"tags":[],"aioseo_notices":[],"gutentor_comment":0,"rttpg_featured_image_url":{"full":["https:\/\/arantv.az\/wp-content\/uploads\/2021\/03\/b6aa135f-f222-30a2-8436-d2b15bd98ab6_850-1.jpg",620,387,false],"landscape":["https:\/\/arantv.az\/wp-content\/uploads\/2021\/03\/b6aa135f-f222-30a2-8436-d2b15bd98ab6_850-1.jpg",620,387,false],"portraits":["https:\/\/arantv.az\/wp-content\/uploads\/2021\/03\/b6aa135f-f222-30a2-8436-d2b15bd98ab6_850-1.jpg",620,387,false],"thumbnail":["https:\/\/arantv.az\/wp-content\/uploads\/2021\/03\/b6aa135f-f222-30a2-8436-d2b15bd98ab6_850-1-150x150.jpg",150,150,true],"medium":["https:\/\/arantv.az\/wp-content\/uploads\/2021\/03\/b6aa135f-f222-30a2-8436-d2b15bd98ab6_850-1-300x187.jpg",300,187,true],"large":["https:\/\/arantv.az\/wp-content\/uploads\/2021\/03\/b6aa135f-f222-30a2-8436-d2b15bd98ab6_850-1.jpg",620,387,false],"1536x1536":["https:\/\/arantv.az\/wp-content\/uploads\/2021\/03\/b6aa135f-f222-30a2-8436-d2b15bd98ab6_850-1.jpg",620,387,false],"2048x2048":["https:\/\/arantv.az\/wp-content\/uploads\/2021\/03\/b6aa135f-f222-30a2-8436-d2b15bd98ab6_850-1.jpg",620,387,false],"post-thumbnail":["https:\/\/arantv.az\/wp-content\/uploads\/2021\/03\/b6aa135f-f222-30a2-8436-d2b15bd98ab6_850-1-240x172.jpg",240,172,true],"advps-thumb-one":["https:\/\/arantv.az\/wp-content\/uploads\/2021\/03\/b6aa135f-f222-30a2-8436-d2b15bd98ab6_850-1.jpg",620,387,false]},"rttpg_author":{"display_name":"V\u00fcsal Rafiqo\u011flu","author_link":"https:\/\/arantv.az\/?author=2"},"rttpg_comment":0,"rttpg_category":"<a href=\"https:\/\/arantv.az\/?cat=26\" rel=\"category\">Sosial<\/a>","rttpg_excerpt":"Az\u0259rbaycan Ordusunun 44 g\u00fcn\u0259 z\u0259f\u0259rl\u0259 bitirdiyi V\u0259t\u0259n m\u00fcharib\u0259sind\u0259 a\u011f\u0131r yaralanaraq koma v\u0259ziyy\u0259tin\u0259 d\u00fc\u015f\u0259n h\u0259rb\u00e7i\u00a0C\u0259f\u0259rov Bab\u0259k Maqsud\u00a0o\u011flu \u015f\u0259hid olub. \u201cReport\u201d\u00a0x\u0259b\u0259r verir ki, o, \u00f6t\u0259n ilin oktyabr ay\u0131n\u0131n 26-da Xocav\u0259nd istiqam\u0259tind\u0259 ged\u0259n d\u00f6y\u00fc\u015fl\u0259rd\u0259 yaralanm\u0131\u015fd\u0131. H\u0259kiml\u0259rin s\u0259yl\u0259rin\u0259 baxmayaraq, Bab\u0259kin h\u0259yat\u0131n\u0131 xilas etm\u0259k m\u00fcmk\u00fcn olmay\u0131b. Allah r\u0259hm\u0259t el\u0259sin!","_links":{"self":[{"href":"https:\/\/arantv.az\/index.php?rest_route=\/wp\/v2\/posts\/309002"}],"collection":[{"href":"https:\/\/arantv.az\/index.php?rest_route=\/wp\/v2\/posts"}],"about":[{"href":"https:\/\/arantv.az\/index.php?rest_route=\/wp\/v2\/types\/post"}],"author":[{"embeddable":true,"href":"https:\/\/arantv.az\/index.php?rest_route=\/wp\/v2\/users\/2"}],"replies":[{"embeddable":true,"href":"https:\/\/arantv.az\/index.php?rest_route=%2Fwp%2Fv2%2Fcomments&post=309002"}],"version-history":[{"count":0,"href":"https:\/\/arantv.az\/index.php?rest_route=\/wp\/v2\/posts\/309002\/revisions"}],"wp:featuredmedia":[{"embeddable":true,"href":"https:\/\/arantv.az\/index.php?rest_route=\/wp\/v2\/media\/309003"}],"wp:attachment":[{"href":"https:\/\/arantv.az\/index.php?rest_route=%2Fwp%2Fv2%2Fmedia&parent=309002"}],"wp:term":[{"taxonomy":"category","embeddable":true,"href":"https:\/\/arantv.az\/index.php?rest_route=%2Fwp%2Fv2%2Fcategories&post=309002"},{"taxonomy":"post_tag","embeddable":true,"href":"https:\/\/arantv.az\/index.php?rest_route=%2Fwp%2Fv2%2Ftags&post=309002"}],"curies":[{"name":"wp","href":"https:\/\/api.w.org\/{rel}","templated":true}]}}