{"id":309017,"date":"2021-03-09T07:49:57","date_gmt":"2021-03-09T04:49:57","guid":{"rendered":"http:\/\/arantv.az\/?p=309017"},"modified":"2021-03-09T07:49:57","modified_gmt":"2021-03-09T04:49:57","slug":"%c9%99ks%c9%99r-rayonlarda-qar-v%c9%99-yagis-yagib-faktiki-hava","status":"publish","type":"post","link":"https:\/\/arantv.az\/?p=309017","title":{"rendered":"\u018fks\u0259r rayonlarda qar v\u0259 ya\u011f\u0131\u015f ya\u011f\u0131b &#8211; FAKT\u0130K\u0130 HAVA"},"content":{"rendered":"<p>Az\u0259rbaycanda m\u00fc\u015fahid\u0259 olunan faktiki hava a\u00e7\u0131qlan\u0131b.<\/p>\n<div id=\"AdviadNativeVideo0\" class=\"AdviadNativeVideo\"><\/div>\n<p>Milli Hidrometeorologiya Xidm\u0259tind\u0259n veril\u0259n m\u0259lumata g\u00f6r\u0259, mart\u0131n 8-i saat 21:00-a verdiyi m\u0259lumata \u0259sas\u0259n \u00f6lk\u0259 \u0259razisind\u0259 hava \u015f\u0259raiti qeyri-sabit ke\u00e7ib, Da\u015fk\u0259s\u0259n, G\u0259d\u0259b\u0259y, G\u00f6yg\u00f6l, G\u0259nc\u0259, Ceyran\u00e7\u00f6l, A\u011fdam, A\u011fstafa, Tovuz, Zaqatala, \u015e\u0259ki, Quba, Ki\u015f\u00e7ay (\u015e\u0259ki), Sar\u0131ba\u015f (Qax), \u015eahda\u011fda qar, Nabran, Bil\u0259suvar, Neft\u00e7ala, Hac\u0131qabul, C\u0259f\u0259rxan, Sabirabad, K\u00fcrd\u0259mir, \u0130mi\u015fli, Beyl\u0259qan, Yevlax, G\u00f6y\u00e7ay, Ming\u0259\u00e7evir, A\u011fsu,\u015e\u0259mkir, Nax\u00e7\u0131van, Naftalanda ya\u011f\u0131\u015f ya\u011f\u0131b.<\/p>\n","protected":false},"excerpt":{"rendered":"<p>Az\u0259rbaycanda m\u00fc\u015fahid\u0259 olunan faktiki hava a\u00e7\u0131qlan\u0131b. Milli Hidrometeorologiya Xidm\u0259tind\u0259n veril\u0259n m\u0259lumata g\u00f6r\u0259, mart\u0131n 8-i saat 21:00-a verdiyi m\u0259lumata \u0259sas\u0259n \u00f6lk\u0259 \u0259razisind\u0259 hava \u015f\u0259raiti qeyri-sabit ke\u00e7ib, Da\u015fk\u0259s\u0259n, G\u0259d\u0259b\u0259y, G\u00f6yg\u00f6l, G\u0259nc\u0259, Ceyran\u00e7\u00f6l, A\u011fdam, A\u011fstafa, Tovuz, Zaqatala, \u015e\u0259ki, Quba, Ki\u015f\u00e7ay (\u015e\u0259ki), Sar\u0131ba\u015f (Qax), \u015eahda\u011fda qar, Nabran, Bil\u0259suvar, Neft\u00e7ala, Hac\u0131qabul, C\u0259f\u0259rxan, Sabirabad, K\u00fcrd\u0259mir, \u0130mi\u015fli, Beyl\u0259qan, Yevlax, G\u00f6y\u00e7ay, Ming\u0259\u00e7evir, A\u011fsu,\u015e\u0259mkir, Nax\u00e7\u0131van, Naftalanda ya\u011f\u0131\u015f ya\u011f\u0131b.<\/p>\n","protected":false},"author":2,"featured_media":309018,"comment_status":"closed","ping_status":"closed","sticky":false,"template":"","format":"standard","meta":{"om_disable_all_campaigns":false,"_monsterinsights_skip_tracking":false,"_monsterinsights_sitenote_active":false,"_monsterinsights_sitenote_note":"","_monsterinsights_sitenote_category":0},"categories":[22],"tags":[],"aioseo_notices":[],"gutentor_comment":0,"rttpg_featured_image_url":{"full":["https:\/\/arantv.az\/wp-content\/uploads\/2021\/03\/18_01_27_1517035747.jpg",620,465,false],"landscape":["https:\/\/arantv.az\/wp-content\/uploads\/2021\/03\/18_01_27_1517035747.jpg",620,465,false],"portraits":["https:\/\/arantv.az\/wp-content\/uploads\/2021\/03\/18_01_27_1517035747.jpg",620,465,false],"thumbnail":["https:\/\/arantv.az\/wp-content\/uploads\/2021\/03\/18_01_27_1517035747-150x150.jpg",150,150,true],"medium":["https:\/\/arantv.az\/wp-content\/uploads\/2021\/03\/18_01_27_1517035747-300x225.jpg",300,225,true],"large":["https:\/\/arantv.az\/wp-content\/uploads\/2021\/03\/18_01_27_1517035747.jpg",620,465,false],"1536x1536":["https:\/\/arantv.az\/wp-content\/uploads\/2021\/03\/18_01_27_1517035747.jpg",620,465,false],"2048x2048":["https:\/\/arantv.az\/wp-content\/uploads\/2021\/03\/18_01_27_1517035747.jpg",620,465,false],"post-thumbnail":["https:\/\/arantv.az\/wp-content\/uploads\/2021\/03\/18_01_27_1517035747-240x172.jpg",240,172,true],"advps-thumb-one":["https:\/\/arantv.az\/wp-content\/uploads\/2021\/03\/18_01_27_1517035747.jpg",620,465,false]},"rttpg_author":{"display_name":"V\u00fcsal Rafiqo\u011flu","author_link":"https:\/\/arantv.az\/?author=2"},"rttpg_comment":0,"rttpg_category":"<a href=\"https:\/\/arantv.az\/?cat=22\" rel=\"category\">Hava<\/a>","rttpg_excerpt":"Az\u0259rbaycanda m\u00fc\u015fahid\u0259 olunan faktiki hava a\u00e7\u0131qlan\u0131b. Milli Hidrometeorologiya Xidm\u0259tind\u0259n veril\u0259n m\u0259lumata g\u00f6r\u0259, mart\u0131n 8-i saat 21:00-a verdiyi m\u0259lumata \u0259sas\u0259n \u00f6lk\u0259 \u0259razisind\u0259 hava \u015f\u0259raiti qeyri-sabit ke\u00e7ib, Da\u015fk\u0259s\u0259n, G\u0259d\u0259b\u0259y, G\u00f6yg\u00f6l, G\u0259nc\u0259, Ceyran\u00e7\u00f6l, A\u011fdam, A\u011fstafa, Tovuz, Zaqatala, \u015e\u0259ki, Quba, Ki\u015f\u00e7ay (\u015e\u0259ki), Sar\u0131ba\u015f (Qax), \u015eahda\u011fda qar, Nabran, Bil\u0259suvar, Neft\u00e7ala, Hac\u0131qabul, C\u0259f\u0259rxan, Sabirabad, K\u00fcrd\u0259mir, \u0130mi\u015fli, Beyl\u0259qan, Yevlax, G\u00f6y\u00e7ay, Ming\u0259\u00e7evir, A\u011fsu,\u015e\u0259mkir,&hellip;","_links":{"self":[{"href":"https:\/\/arantv.az\/index.php?rest_route=\/wp\/v2\/posts\/309017"}],"collection":[{"href":"https:\/\/arantv.az\/index.php?rest_route=\/wp\/v2\/posts"}],"about":[{"href":"https:\/\/arantv.az\/index.php?rest_route=\/wp\/v2\/types\/post"}],"author":[{"embeddable":true,"href":"https:\/\/arantv.az\/index.php?rest_route=\/wp\/v2\/users\/2"}],"replies":[{"embeddable":true,"href":"https:\/\/arantv.az\/index.php?rest_route=%2Fwp%2Fv2%2Fcomments&post=309017"}],"version-history":[{"count":0,"href":"https:\/\/arantv.az\/index.php?rest_route=\/wp\/v2\/posts\/309017\/revisions"}],"wp:featuredmedia":[{"embeddable":true,"href":"https:\/\/arantv.az\/index.php?rest_route=\/wp\/v2\/media\/309018"}],"wp:attachment":[{"href":"https:\/\/arantv.az\/index.php?rest_route=%2Fwp%2Fv2%2Fmedia&parent=309017"}],"wp:term":[{"taxonomy":"category","embeddable":true,"href":"https:\/\/arantv.az\/index.php?rest_route=%2Fwp%2Fv2%2Fcategories&post=309017"},{"taxonomy":"post_tag","embeddable":true,"href":"https:\/\/arantv.az\/index.php?rest_route=%2Fwp%2Fv2%2Ftags&post=309017"}],"curies":[{"name":"wp","href":"https:\/\/api.w.org\/{rel}","templated":true}]}}