{"id":309057,"date":"2021-03-09T08:45:36","date_gmt":"2021-03-09T05:45:36","guid":{"rendered":"http:\/\/arantv.az\/?p=309057"},"modified":"2021-03-09T08:45:36","modified_gmt":"2021-03-09T05:45:36","slug":"tovuzda-d%c9%99hs%c9%99tli-q%c9%99za-fhn-%c9%99m%c9%99kdaslari-gond%c9%99rildi","status":"publish","type":"post","link":"https:\/\/arantv.az\/?p=309057","title":{"rendered":"Tovuzda d\u0259h\u015f\u0259tli q\u0259za &#8211; FHN \u0259m\u0259kda\u015flar\u0131 g\u00f6nd\u0259rildi"},"content":{"rendered":"<p><strong>F\u00f6vq\u0259lad\u0259 Hallar Nazirliyinin Bohran V\u0259ziyy\u0259tl\u0259rind\u0259 \u0130dar\u0259etm\u0259 M\u0259rk\u0259zin\u0259 daxil olan m\u0259lumata \u0259sas\u0259n, Tovuz rayonunda \u201cMercedes\u201d v\u0259 \u201cToyota\u201d markal\u0131 iki minik avtomobili toqqu\u015fub.<\/strong><\/p>\n<p><strong>ARANTV.AZ<\/strong>\u00a0 x\u0259b\u0259r verir ki, hadis\u0259 yerin\u0259 c\u0259lb olunan D\u00f6vl\u0259t Yan\u011f\u0131ndan M\u00fchafiz\u0259 Xidm\u0259tinin m\u00fcvafiq xilasetm\u0259 q\u00fcvv\u0259l\u0259ri s\u0131x\u0131l\u0131 v\u0259ziyy\u0259td\u0259 qalan 1 n\u0259f\u0259ri deformasiyaya u\u011frayan &#8220;Toyota&#8221; markal\u0131 minik avtomobilind\u0259n \u00e7\u0131xararaq aidiyy\u0259ti \u00fczr\u0259 t\u0259hvil veribl\u0259r.<\/p>\n<p>Faktla ba\u011fl\u0131 ara\u015fd\u0131rma apar\u0131l\u0131r.Publika.az<\/p>\n","protected":false},"excerpt":{"rendered":"<p>F\u00f6vq\u0259lad\u0259 Hallar Nazirliyinin Bohran V\u0259ziyy\u0259tl\u0259rind\u0259 \u0130dar\u0259etm\u0259 M\u0259rk\u0259zin\u0259 daxil olan m\u0259lumata \u0259sas\u0259n, Tovuz rayonunda \u201cMercedes\u201d v\u0259 \u201cToyota\u201d markal\u0131 iki minik avtomobili toqqu\u015fub. ARANTV.AZ\u00a0 x\u0259b\u0259r verir ki, hadis\u0259 yerin\u0259 c\u0259lb olunan D\u00f6vl\u0259t Yan\u011f\u0131ndan M\u00fchafiz\u0259 Xidm\u0259tinin m\u00fcvafiq xilasetm\u0259 q\u00fcvv\u0259l\u0259ri s\u0131x\u0131l\u0131 v\u0259ziyy\u0259td\u0259 qalan 1 n\u0259f\u0259ri deformasiyaya u\u011frayan &#8220;Toyota&#8221; markal\u0131 minik avtomobilind\u0259n \u00e7\u0131xararaq aidiyy\u0259ti \u00fczr\u0259 t\u0259hvil veribl\u0259r. Faktla ba\u011fl\u0131 ara\u015fd\u0131rma apar\u0131l\u0131r.Publika.az<\/p>\n","protected":false},"author":2,"featured_media":309058,"comment_status":"closed","ping_status":"closed","sticky":false,"template":"","format":"standard","meta":{"om_disable_all_campaigns":false,"_monsterinsights_skip_tracking":false,"_monsterinsights_sitenote_active":false,"_monsterinsights_sitenote_note":"","_monsterinsights_sitenote_category":0},"categories":[5],"tags":[],"aioseo_notices":[],"gutentor_comment":0,"rttpg_featured_image_url":{"full":["https:\/\/arantv.az\/wp-content\/uploads\/2021\/03\/qeza.jpg",800,450,false],"landscape":["https:\/\/arantv.az\/wp-content\/uploads\/2021\/03\/qeza.jpg",800,450,false],"portraits":["https:\/\/arantv.az\/wp-content\/uploads\/2021\/03\/qeza.jpg",800,450,false],"thumbnail":["https:\/\/arantv.az\/wp-content\/uploads\/2021\/03\/qeza-150x150.jpg",150,150,true],"medium":["https:\/\/arantv.az\/wp-content\/uploads\/2021\/03\/qeza-300x169.jpg",300,169,true],"large":["https:\/\/arantv.az\/wp-content\/uploads\/2021\/03\/qeza.jpg",640,360,false],"1536x1536":["https:\/\/arantv.az\/wp-content\/uploads\/2021\/03\/qeza.jpg",800,450,false],"2048x2048":["https:\/\/arantv.az\/wp-content\/uploads\/2021\/03\/qeza.jpg",800,450,false],"post-thumbnail":["https:\/\/arantv.az\/wp-content\/uploads\/2021\/03\/qeza-240x172.jpg",240,172,true],"advps-thumb-one":["https:\/\/arantv.az\/wp-content\/uploads\/2021\/03\/qeza.jpg",800,450,false]},"rttpg_author":{"display_name":"V\u00fcsal Rafiqo\u011flu","author_link":"https:\/\/arantv.az\/?author=2"},"rttpg_comment":0,"rttpg_category":"<a href=\"https:\/\/arantv.az\/?cat=5\" rel=\"category\">Hadis\u0259<\/a>","rttpg_excerpt":"F\u00f6vq\u0259lad\u0259 Hallar Nazirliyinin Bohran V\u0259ziyy\u0259tl\u0259rind\u0259 \u0130dar\u0259etm\u0259 M\u0259rk\u0259zin\u0259 daxil olan m\u0259lumata \u0259sas\u0259n, Tovuz rayonunda \u201cMercedes\u201d v\u0259 \u201cToyota\u201d markal\u0131 iki minik avtomobili toqqu\u015fub. ARANTV.AZ\u00a0 x\u0259b\u0259r verir ki, hadis\u0259 yerin\u0259 c\u0259lb olunan D\u00f6vl\u0259t Yan\u011f\u0131ndan M\u00fchafiz\u0259 Xidm\u0259tinin m\u00fcvafiq xilasetm\u0259 q\u00fcvv\u0259l\u0259ri s\u0131x\u0131l\u0131 v\u0259ziyy\u0259td\u0259 qalan 1 n\u0259f\u0259ri deformasiyaya u\u011frayan &#8220;Toyota&#8221; markal\u0131 minik avtomobilind\u0259n \u00e7\u0131xararaq aidiyy\u0259ti \u00fczr\u0259 t\u0259hvil veribl\u0259r. Faktla ba\u011fl\u0131 ara\u015fd\u0131rma&hellip;","_links":{"self":[{"href":"https:\/\/arantv.az\/index.php?rest_route=\/wp\/v2\/posts\/309057"}],"collection":[{"href":"https:\/\/arantv.az\/index.php?rest_route=\/wp\/v2\/posts"}],"about":[{"href":"https:\/\/arantv.az\/index.php?rest_route=\/wp\/v2\/types\/post"}],"author":[{"embeddable":true,"href":"https:\/\/arantv.az\/index.php?rest_route=\/wp\/v2\/users\/2"}],"replies":[{"embeddable":true,"href":"https:\/\/arantv.az\/index.php?rest_route=%2Fwp%2Fv2%2Fcomments&post=309057"}],"version-history":[{"count":0,"href":"https:\/\/arantv.az\/index.php?rest_route=\/wp\/v2\/posts\/309057\/revisions"}],"wp:featuredmedia":[{"embeddable":true,"href":"https:\/\/arantv.az\/index.php?rest_route=\/wp\/v2\/media\/309058"}],"wp:attachment":[{"href":"https:\/\/arantv.az\/index.php?rest_route=%2Fwp%2Fv2%2Fmedia&parent=309057"}],"wp:term":[{"taxonomy":"category","embeddable":true,"href":"https:\/\/arantv.az\/index.php?rest_route=%2Fwp%2Fv2%2Fcategories&post=309057"},{"taxonomy":"post_tag","embeddable":true,"href":"https:\/\/arantv.az\/index.php?rest_route=%2Fwp%2Fv2%2Ftags&post=309057"}],"curies":[{"name":"wp","href":"https:\/\/api.w.org\/{rel}","templated":true}]}}