{"id":309062,"date":"2021-03-09T08:52:34","date_gmt":"2021-03-09T05:52:34","guid":{"rendered":"http:\/\/arantv.az\/?p=309062"},"modified":"2021-03-09T08:52:34","modified_gmt":"2021-03-09T05:52:34","slug":"atasina-m%c9%99xsus-masinla-avtoxuliqanliq-ed%c9%99n-tutuldu-foto","status":"publish","type":"post","link":"https:\/\/arantv.az\/?p=309062","title":{"rendered":"Atas\u0131na m\u0259xsus ma\u015f\u0131nla avtoxuliqanl\u0131q ed\u0259n tutuldu &#8211; FOTO"},"content":{"rendered":"<p>Astarada atas\u0131na m\u0259xsus avtomobill\u0259 avtoxuliqanl\u0131q ed\u0259n \u015f\u0259xs h\u0259bs edilib.<\/p>\n<p>Daxili \u0130\u015fl\u0259r Nazirliyinin m\u0259tbuat xidm\u0259tinin L\u0259nk\u0259ran regional qrupundan veril\u0259n m\u0259lumata g\u00f6r\u0259, Astara Rayon Polis \u015e\u00f6b\u0259sinin D\u00f6vl\u0259t Yol Polisi B\u00f6lm\u0259sinin \u0259m\u0259kda\u015flar\u0131 t\u0259r\u0259find\u0259n ke\u00e7iril\u0259n t\u0259dbirl\u0259rl\u0259 rayon \u0259razisind\u0259 yol h\u0259r\u0259k\u0259ti qaydalar\u0131n\u0131 kobud \u015f\u0259kild\u0259 pozaraq piyadalara v\u0259 dig\u0259r yol h\u0259r\u0259k\u0259ti i\u015ftirak\u00e7\u0131lar\u0131na ciddi t\u0259hl\u00fck\u0259 yaradan s\u00fcr\u00fcc\u00fc saxlan\u0131l\u0131b.<\/p>\n<div id=\"AdviadNativeVideo0\" class=\"AdviadNativeVideo\"><\/div>\n<p>Bel\u0259 ki, Astara sakini \u0130.Tofiqzad\u0259 s\u00fcr\u00fcc\u00fcl\u00fck h\u00fcququ olmadan atas\u0131na m\u0259xsus VAZ-2107\u00a0markal\u0131 avtomobill\u0259 rayon \u0259razisind\u0259 avtoxuliqanl\u0131q h\u0259r\u0259k\u0259tl\u0259ri ed\u0259rk\u0259n d\u00f6vl\u0259t yol polisi b\u00f6lm\u0259sinin \u0259m\u0259kda\u015flar\u0131 t\u0259r\u0259find\u0259n saxlan\u0131l\u0131b.<\/p>\n<p>\u0130ntizams\u0131zl\u0131q ed\u0259n, yol h\u0259r\u0259k\u0259ti qaydalar\u0131n\u0131 kobud \u015f\u0259kild\u0259 pozan \u0130.Tofiqzad\u0259 bar\u0259sind\u0259 toplanm\u0131\u015f materiallar bax\u0131lmas\u0131 \u00fc\u00e7\u00fcn Astara rayon m\u0259hk\u0259m\u0259sin\u0259 g\u00f6nd\u0259rilib. Rayon m\u0259hk\u0259m\u0259sinin q\u0259rar\u0131 il\u0259 h\u0259min \u015f\u0259xs 15 g\u00fcn m\u00fcdd\u0259tind\u0259 inzibati qaydada h\u0259bs olunub.<\/p>\n<div class=\"gallery\">\n<div class=\"gallery-i\"><img src=\"https:\/\/cdn.oxu.az\/uploads\/W1siZiIsIjIwMjEvMDMvMDkvMDkvMzcvMzkvMDc3ZGMzMmEtMGIzYi00NDIwLTljYWItYTJiYTJiN2QxZTZjL1NjcmVlbnNob3QgKDEpLnBuZyJdLFsicCIsImVuY29kZSIsImpwZyIsIi1xdWFsaXR5IDgwIl0sWyJwIiwidGh1bWIiLCI1OTB4NTkwXHUwMDNlIl1d?sha=789de2d182d91008\" alt=\"\" \/><\/p>\n<div class=\"gallery-i-caption\"><\/div>\n<\/div>\n<div class=\"gallery-i\"><img src=\"https:\/\/cdn.oxu.az\/uploads\/W1siZiIsIjIwMjEvMDMvMDkvMDkvMzcvMzkvY2Q3NmU1ZjAtYjFmZi00OWRkLTk3NzctODVjMWUyYzliODQzL1doYXRzQXBwIEltYWdlIDIwMjEtMDMtMDkgYXQgMDkuMjguNDAgKDEpLmpwZWciXSxbInAiLCJlbmNvZGUiLCJqcGciLCItcXVhbGl0eSA4MCJdLFsicCIsInRodW1iIiwiNTkweDU5MFx1MDAzZSJdXQ?sha=d8a2cfd644a02b05\" alt=\"\" \/><\/div>\n<\/div>\n","protected":false},"excerpt":{"rendered":"<p>Astarada atas\u0131na m\u0259xsus avtomobill\u0259 avtoxuliqanl\u0131q ed\u0259n \u015f\u0259xs h\u0259bs edilib. Daxili \u0130\u015fl\u0259r Nazirliyinin m\u0259tbuat xidm\u0259tinin L\u0259nk\u0259ran regional qrupundan veril\u0259n m\u0259lumata g\u00f6r\u0259, Astara Rayon Polis \u015e\u00f6b\u0259sinin D\u00f6vl\u0259t Yol Polisi B\u00f6lm\u0259sinin \u0259m\u0259kda\u015flar\u0131 t\u0259r\u0259find\u0259n ke\u00e7iril\u0259n t\u0259dbirl\u0259rl\u0259 rayon \u0259razisind\u0259 yol h\u0259r\u0259k\u0259ti qaydalar\u0131n\u0131 kobud \u015f\u0259kild\u0259 pozaraq piyadalara v\u0259 dig\u0259r yol h\u0259r\u0259k\u0259ti i\u015ftirak\u00e7\u0131lar\u0131na ciddi t\u0259hl\u00fck\u0259 yaradan s\u00fcr\u00fcc\u00fc saxlan\u0131l\u0131b. Bel\u0259 ki, Astara sakini \u0130.Tofiqzad\u0259 s\u00fcr\u00fcc\u00fcl\u00fck h\u00fcququ olmadan atas\u0131na m\u0259xsus VAZ-2107\u00a0markal\u0131 avtomobill\u0259 rayon \u0259razisind\u0259 avtoxuliqanl\u0131q h\u0259r\u0259k\u0259tl\u0259ri ed\u0259rk\u0259n d\u00f6vl\u0259t yol polisi b\u00f6lm\u0259sinin \u0259m\u0259kda\u015flar\u0131 t\u0259r\u0259find\u0259n saxlan\u0131l\u0131b. \u0130ntizams\u0131zl\u0131q ed\u0259n, yol h\u0259r\u0259k\u0259ti qaydalar\u0131n\u0131 kobud \u015f\u0259kild\u0259 pozan \u0130.Tofiqzad\u0259 bar\u0259sind\u0259 toplanm\u0131\u015f materiallar bax\u0131lmas\u0131 \u00fc\u00e7\u00fcn Astara&hellip;<\/p>\n","protected":false},"author":2,"featured_media":309063,"comment_status":"closed","ping_status":"closed","sticky":false,"template":"","format":"standard","meta":{"om_disable_all_campaigns":false,"_monsterinsights_skip_tracking":false,"_monsterinsights_sitenote_active":false,"_monsterinsights_sitenote_note":"","_monsterinsights_sitenote_category":0},"categories":[5],"tags":[],"aioseo_notices":[],"gutentor_comment":0,"rttpg_featured_image_url":{"full":["https:\/\/arantv.az\/wp-content\/uploads\/2021\/03\/WhatsApp-Image-2021-03-09-at-09.28.40-1.jpg",581,465,false],"landscape":["https:\/\/arantv.az\/wp-content\/uploads\/2021\/03\/WhatsApp-Image-2021-03-09-at-09.28.40-1.jpg",581,465,false],"portraits":["https:\/\/arantv.az\/wp-content\/uploads\/2021\/03\/WhatsApp-Image-2021-03-09-at-09.28.40-1.jpg",581,465,false],"thumbnail":["https:\/\/arantv.az\/wp-content\/uploads\/2021\/03\/WhatsApp-Image-2021-03-09-at-09.28.40-1-150x150.jpg",150,150,true],"medium":["https:\/\/arantv.az\/wp-content\/uploads\/2021\/03\/WhatsApp-Image-2021-03-09-at-09.28.40-1-300x240.jpg",300,240,true],"large":["https:\/\/arantv.az\/wp-content\/uploads\/2021\/03\/WhatsApp-Image-2021-03-09-at-09.28.40-1.jpg",581,465,false],"1536x1536":["https:\/\/arantv.az\/wp-content\/uploads\/2021\/03\/WhatsApp-Image-2021-03-09-at-09.28.40-1.jpg",581,465,false],"2048x2048":["https:\/\/arantv.az\/wp-content\/uploads\/2021\/03\/WhatsApp-Image-2021-03-09-at-09.28.40-1.jpg",581,465,false],"post-thumbnail":["https:\/\/arantv.az\/wp-content\/uploads\/2021\/03\/WhatsApp-Image-2021-03-09-at-09.28.40-1-240x172.jpg",240,172,true],"advps-thumb-one":["https:\/\/arantv.az\/wp-content\/uploads\/2021\/03\/WhatsApp-Image-2021-03-09-at-09.28.40-1.jpg",581,465,false]},"rttpg_author":{"display_name":"V\u00fcsal Rafiqo\u011flu","author_link":"https:\/\/arantv.az\/?author=2"},"rttpg_comment":0,"rttpg_category":"<a href=\"https:\/\/arantv.az\/?cat=5\" rel=\"category\">Hadis\u0259<\/a>","rttpg_excerpt":"Astarada atas\u0131na m\u0259xsus avtomobill\u0259 avtoxuliqanl\u0131q ed\u0259n \u015f\u0259xs h\u0259bs edilib. Daxili \u0130\u015fl\u0259r Nazirliyinin m\u0259tbuat xidm\u0259tinin L\u0259nk\u0259ran regional qrupundan veril\u0259n m\u0259lumata g\u00f6r\u0259, Astara Rayon Polis \u015e\u00f6b\u0259sinin D\u00f6vl\u0259t Yol Polisi B\u00f6lm\u0259sinin \u0259m\u0259kda\u015flar\u0131 t\u0259r\u0259find\u0259n ke\u00e7iril\u0259n t\u0259dbirl\u0259rl\u0259 rayon \u0259razisind\u0259 yol h\u0259r\u0259k\u0259ti qaydalar\u0131n\u0131 kobud \u015f\u0259kild\u0259 pozaraq piyadalara v\u0259 dig\u0259r yol h\u0259r\u0259k\u0259ti i\u015ftirak\u00e7\u0131lar\u0131na ciddi t\u0259hl\u00fck\u0259 yaradan s\u00fcr\u00fcc\u00fc saxlan\u0131l\u0131b. Bel\u0259 ki, Astara sakini&hellip;","_links":{"self":[{"href":"https:\/\/arantv.az\/index.php?rest_route=\/wp\/v2\/posts\/309062"}],"collection":[{"href":"https:\/\/arantv.az\/index.php?rest_route=\/wp\/v2\/posts"}],"about":[{"href":"https:\/\/arantv.az\/index.php?rest_route=\/wp\/v2\/types\/post"}],"author":[{"embeddable":true,"href":"https:\/\/arantv.az\/index.php?rest_route=\/wp\/v2\/users\/2"}],"replies":[{"embeddable":true,"href":"https:\/\/arantv.az\/index.php?rest_route=%2Fwp%2Fv2%2Fcomments&post=309062"}],"version-history":[{"count":0,"href":"https:\/\/arantv.az\/index.php?rest_route=\/wp\/v2\/posts\/309062\/revisions"}],"wp:featuredmedia":[{"embeddable":true,"href":"https:\/\/arantv.az\/index.php?rest_route=\/wp\/v2\/media\/309063"}],"wp:attachment":[{"href":"https:\/\/arantv.az\/index.php?rest_route=%2Fwp%2Fv2%2Fmedia&parent=309062"}],"wp:term":[{"taxonomy":"category","embeddable":true,"href":"https:\/\/arantv.az\/index.php?rest_route=%2Fwp%2Fv2%2Fcategories&post=309062"},{"taxonomy":"post_tag","embeddable":true,"href":"https:\/\/arantv.az\/index.php?rest_route=%2Fwp%2Fv2%2Ftags&post=309062"}],"curies":[{"name":"wp","href":"https:\/\/api.w.org\/{rel}","templated":true}]}}