{"id":309070,"date":"2021-03-09T08:57:44","date_gmt":"2021-03-09T05:57:44","guid":{"rendered":"http:\/\/arantv.az\/?p=309070"},"modified":"2021-03-09T08:57:44","modified_gmt":"2021-03-09T05:57:44","slug":"vaksind%c9%99n-sonra-t%c9%99hluk%c9%99li-x%c9%99st%c9%99likl%c9%99rin-yaranmasi-fikirl%c9%99ri-yalandir-adil-allahverdiyev","status":"publish","type":"post","link":"https:\/\/arantv.az\/?p=309070","title":{"rendered":"&#8220;Vaksind\u0259n sonra t\u0259hl\u00fck\u0259li x\u0259st\u0259likl\u0259rin yaranmas\u0131 fikirl\u0259ri yaland\u0131r&#8221; &#8211; Adil Allahverdiyev"},"content":{"rendered":"<p><strong>V\u0259li Axundov ad\u0131na Elmi T\u0259dqiqat Tibbi Profilaktika \u0130nstitutunun direktoru, professor Adil Allahverdiyev COV\u0130D-19 virusuna qar\u015f\u0131 vaksin olunan \u015f\u0259xsl\u0259rd\u0259 t\u0259hl\u00fck\u0259li x\u0259st\u0259likl\u0259rin yaranmas\u0131 bar\u0259d\u0259 s\u0259sl\u0259n\u0259n fikirl\u0259r\u0259 m\u00fcnasib\u0259t bildirib.<\/strong><\/p>\n<p><strong>ARANTV.AZ<\/strong> x\u0259b\u0259r verir ki, A.Allahverdiyev\u00a0<a href=\"http:\/\/trend.az\/\" target=\"_blank\" rel=\"noopener\">Trend<\/a>-\u0259\u00a0a\u00e7\u0131qlamas\u0131nda deyib ki, Az\u0259rbaycanda \u0259vv\u0259ll\u0259r &#8220;COV\u0130D-19 virusu yoxdur&#8221; dey\u0259n insanlar oldu\u011fu kimi, vaksinasiya ba\u015flad\u0131\u011f\u0131 d\u00f6vrl\u0259rd\u0259 d\u0259 b\u0259lli qruplar bu proses\u0259 qar\u015f\u0131 \u00e7\u0131x\u0131\u015f etm\u0259y\u0259 ba\u015flayaraq bu vaksinin t\u0259hl\u00fck\u0259li olmas\u0131, vaksin olunan \u015f\u0259xsl\u0259rd\u0259 t\u0259hl\u00fck\u0259li x\u0259st\u0259likl\u0259rin yaranmas\u0131 bar\u0259d\u0259 fikirl\u0259r s\u0259sl\u0259ndirdil\u0259r. Amma zaman g\u00f6st\u0259rdi ki, insanlar COV\u0130D-19-un m\u00f6vcud olmamas\u0131 bar\u0259d\u0259 fikirl\u0259rin yalan oldu\u011funu g\u00f6rd\u00fckl\u0259ri kimi, vaksinin t\u0259hl\u00fck\u0259li x\u0259st\u0259lik yaratmas\u0131 bar\u0259d\u0259 fikirl\u0259rin \u0259sass\u0131z oldu\u011funu, \u00f6lk\u0259mizd\u0259 t\u0259tbiq olunan vaksinl\u0259rin \u00e7ox keyfiyy\u0259tli v\u0259 profilaktik t\u0259dbir g\u00f6r\u0259 bilm\u0259k x\u00fcsusiyy\u0259tin\u0259 malik oldu\u011funu g\u00f6rd\u00fcl\u0259r. Buna g\u00f6r\u0259 d\u0259 indi art\u0131q h\u0259r bir insan k\u00f6n\u00fcll\u00fc \u015f\u0259kild\u0259 vaksin vurdurmaq ist\u0259yir.<\/p>\n<p>Vaksin vurdurmaq ist\u0259y\u0259n insanlar\u0131n say\u0131n\u0131n getdikc\u0259 artd\u0131\u011f\u0131n\u0131 dey\u0259n A.Allahverdiyev qeyd edib ki, \u00f6lk\u0259mizd\u0259 istifad\u0259 edil\u0259n peyv\u0259nd inaktivl\u0259\u015fdirilmi\u015f, y\u0259ni \u00f6lm\u00fc\u015f viruslardan haz\u0131rlan\u0131b.<\/p>\n<p>Professorun dediyin\u0259 g\u00f6r\u0259, vaksinin birinci dozas\u0131 vurulan zaman orqanizm \u0259slind\u0259, \u00f6ld\u00fcr\u00fclm\u00fc\u015f virusla tan\u0131\u015f olur. \u0130kinci doza vurulan zaman is\u0259 orqanizm art\u0131q \u00f6ld\u00fcr\u00fclm\u00fc\u015f virusla tan\u0131\u015f oldu\u011fu \u00fc\u00e7\u00fcn immun h\u00fcceyr\u0259l\u0259r aktiv h\u0259r\u0259k\u0259t\u0259 ke\u00e7m\u0259y\u0259 ba\u015flay\u0131r:<\/p>\n<p>&#8220;Bel\u0259likl\u0259, immun sistemi orqanizm\u0259 daxil ola bil\u0259c\u0259k virusdan qorunmaq \u00fc\u00e7\u00fcn b\u00fct\u00fcn f\u0259aliyy\u0259tini y\u00fcks\u0259k s\u0259viyy\u0259d\u0259 yerin\u0259 yetirmi\u015f olur&#8221;.<\/p>\n","protected":false},"excerpt":{"rendered":"<p>V\u0259li Axundov ad\u0131na Elmi T\u0259dqiqat Tibbi Profilaktika \u0130nstitutunun direktoru, professor Adil Allahverdiyev COV\u0130D-19 virusuna qar\u015f\u0131 vaksin olunan \u015f\u0259xsl\u0259rd\u0259 t\u0259hl\u00fck\u0259li x\u0259st\u0259likl\u0259rin yaranmas\u0131 bar\u0259d\u0259 s\u0259sl\u0259n\u0259n fikirl\u0259r\u0259 m\u00fcnasib\u0259t bildirib. ARANTV.AZ x\u0259b\u0259r verir ki, A.Allahverdiyev\u00a0Trend-\u0259\u00a0a\u00e7\u0131qlamas\u0131nda deyib ki, Az\u0259rbaycanda \u0259vv\u0259ll\u0259r &#8220;COV\u0130D-19 virusu yoxdur&#8221; dey\u0259n insanlar oldu\u011fu kimi, vaksinasiya ba\u015flad\u0131\u011f\u0131 d\u00f6vrl\u0259rd\u0259 d\u0259 b\u0259lli qruplar bu proses\u0259 qar\u015f\u0131 \u00e7\u0131x\u0131\u015f etm\u0259y\u0259 ba\u015flayaraq bu vaksinin t\u0259hl\u00fck\u0259li olmas\u0131, vaksin olunan \u015f\u0259xsl\u0259rd\u0259 t\u0259hl\u00fck\u0259li x\u0259st\u0259likl\u0259rin yaranmas\u0131 bar\u0259d\u0259 fikirl\u0259r s\u0259sl\u0259ndirdil\u0259r. Amma zaman g\u00f6st\u0259rdi ki, insanlar COV\u0130D-19-un m\u00f6vcud olmamas\u0131 bar\u0259d\u0259 fikirl\u0259rin yalan oldu\u011funu g\u00f6rd\u00fckl\u0259ri kimi, vaksinin t\u0259hl\u00fck\u0259li x\u0259st\u0259lik yaratmas\u0131 bar\u0259d\u0259 fikirl\u0259rin \u0259sass\u0131z oldu\u011funu, \u00f6lk\u0259mizd\u0259&hellip;<\/p>\n","protected":false},"author":2,"featured_media":309071,"comment_status":"closed","ping_status":"closed","sticky":false,"template":"","format":"standard","meta":{"om_disable_all_campaigns":false,"_monsterinsights_skip_tracking":false,"_monsterinsights_sitenote_active":false,"_monsterinsights_sitenote_note":"","_monsterinsights_sitenote_category":0},"categories":[26],"tags":[],"aioseo_notices":[],"gutentor_comment":0,"rttpg_featured_image_url":{"full":["https:\/\/arantv.az\/wp-content\/uploads\/2021\/03\/929081.jpg",800,600,false],"landscape":["https:\/\/arantv.az\/wp-content\/uploads\/2021\/03\/929081.jpg",800,600,false],"portraits":["https:\/\/arantv.az\/wp-content\/uploads\/2021\/03\/929081.jpg",800,600,false],"thumbnail":["https:\/\/arantv.az\/wp-content\/uploads\/2021\/03\/929081-150x150.jpg",150,150,true],"medium":["https:\/\/arantv.az\/wp-content\/uploads\/2021\/03\/929081-300x225.jpg",300,225,true],"large":["https:\/\/arantv.az\/wp-content\/uploads\/2021\/03\/929081.jpg",640,480,false],"1536x1536":["https:\/\/arantv.az\/wp-content\/uploads\/2021\/03\/929081.jpg",800,600,false],"2048x2048":["https:\/\/arantv.az\/wp-content\/uploads\/2021\/03\/929081.jpg",800,600,false],"post-thumbnail":["https:\/\/arantv.az\/wp-content\/uploads\/2021\/03\/929081-240x172.jpg",240,172,true],"advps-thumb-one":["https:\/\/arantv.az\/wp-content\/uploads\/2021\/03\/929081.jpg",800,600,false]},"rttpg_author":{"display_name":"V\u00fcsal Rafiqo\u011flu","author_link":"https:\/\/arantv.az\/?author=2"},"rttpg_comment":0,"rttpg_category":"<a href=\"https:\/\/arantv.az\/?cat=26\" rel=\"category\">Sosial<\/a>","rttpg_excerpt":"V\u0259li Axundov ad\u0131na Elmi T\u0259dqiqat Tibbi Profilaktika \u0130nstitutunun direktoru, professor Adil Allahverdiyev COV\u0130D-19 virusuna qar\u015f\u0131 vaksin olunan \u015f\u0259xsl\u0259rd\u0259 t\u0259hl\u00fck\u0259li x\u0259st\u0259likl\u0259rin yaranmas\u0131 bar\u0259d\u0259 s\u0259sl\u0259n\u0259n fikirl\u0259r\u0259 m\u00fcnasib\u0259t bildirib. ARANTV.AZ x\u0259b\u0259r verir ki, A.Allahverdiyev\u00a0Trend-\u0259\u00a0a\u00e7\u0131qlamas\u0131nda deyib ki, Az\u0259rbaycanda \u0259vv\u0259ll\u0259r &#8220;COV\u0130D-19 virusu yoxdur&#8221; dey\u0259n insanlar oldu\u011fu kimi, vaksinasiya ba\u015flad\u0131\u011f\u0131 d\u00f6vrl\u0259rd\u0259 d\u0259 b\u0259lli qruplar bu proses\u0259 qar\u015f\u0131 \u00e7\u0131x\u0131\u015f etm\u0259y\u0259 ba\u015flayaraq bu&hellip;","_links":{"self":[{"href":"https:\/\/arantv.az\/index.php?rest_route=\/wp\/v2\/posts\/309070"}],"collection":[{"href":"https:\/\/arantv.az\/index.php?rest_route=\/wp\/v2\/posts"}],"about":[{"href":"https:\/\/arantv.az\/index.php?rest_route=\/wp\/v2\/types\/post"}],"author":[{"embeddable":true,"href":"https:\/\/arantv.az\/index.php?rest_route=\/wp\/v2\/users\/2"}],"replies":[{"embeddable":true,"href":"https:\/\/arantv.az\/index.php?rest_route=%2Fwp%2Fv2%2Fcomments&post=309070"}],"version-history":[{"count":0,"href":"https:\/\/arantv.az\/index.php?rest_route=\/wp\/v2\/posts\/309070\/revisions"}],"wp:featuredmedia":[{"embeddable":true,"href":"https:\/\/arantv.az\/index.php?rest_route=\/wp\/v2\/media\/309071"}],"wp:attachment":[{"href":"https:\/\/arantv.az\/index.php?rest_route=%2Fwp%2Fv2%2Fmedia&parent=309070"}],"wp:term":[{"taxonomy":"category","embeddable":true,"href":"https:\/\/arantv.az\/index.php?rest_route=%2Fwp%2Fv2%2Fcategories&post=309070"},{"taxonomy":"post_tag","embeddable":true,"href":"https:\/\/arantv.az\/index.php?rest_route=%2Fwp%2Fv2%2Ftags&post=309070"}],"curies":[{"name":"wp","href":"https:\/\/api.w.org\/{rel}","templated":true}]}}