{"id":309258,"date":"2021-03-09T09:54:22","date_gmt":"2021-03-09T06:54:22","guid":{"rendered":"http:\/\/arantv.az\/?p=309258"},"modified":"2021-03-09T09:55:49","modified_gmt":"2021-03-09T06:55:49","slug":"15-yasli-qiz-bayram-gunu-intihar-etdi","status":"publish","type":"post","link":"https:\/\/arantv.az\/?p=309258","title":{"rendered":"15 ya\u015fl\u0131 q\u0131z bayram g\u00fcn\u00fc intihar etdi"},"content":{"rendered":"<p><strong>A\u011fsu rayonunda 15 ya\u015fl\u0131 q\u0131z 8 Mart &#8211; Beyn\u0259lxalq Qad\u0131nlar G\u00fcn\u00fcnd\u0259 intihar edib.<\/strong><\/p>\n<p><strong>ARANTV.AZ<\/strong> qafqazinfo-ya istinad\u0259n x\u0259b\u0259r verir ki,\u00a0rayon sakini, 15 ya\u015fl\u0131 P\u0259rvan\u0259 Salahzad\u0259 mart\u0131n 8-d\u0259 intihar edib.<\/p>\n<p>O, ya\u015fad\u0131qlar\u0131 evin h\u0259y\u0259tind\u0259 yerl\u0259\u015f\u0259n \u00e7inar a\u011fac\u0131ndan \u00f6z\u00fcn\u00fc as\u0131b.<\/p>\n<p>Faktla ba\u011fl\u0131 ara\u015fd\u0131rma apar\u0131l\u0131r.<\/p>\n","protected":false},"excerpt":{"rendered":"<p>A\u011fsu rayonunda 15 ya\u015fl\u0131 q\u0131z 8 Mart &#8211; Beyn\u0259lxalq Qad\u0131nlar G\u00fcn\u00fcnd\u0259 intihar edib. ARANTV.AZ qafqazinfo-ya istinad\u0259n x\u0259b\u0259r verir ki,\u00a0rayon sakini, 15 ya\u015fl\u0131 P\u0259rvan\u0259 Salahzad\u0259 mart\u0131n 8-d\u0259 intihar edib. O, ya\u015fad\u0131qlar\u0131 evin h\u0259y\u0259tind\u0259 yerl\u0259\u015f\u0259n \u00e7inar a\u011fac\u0131ndan \u00f6z\u00fcn\u00fc as\u0131b. Faktla ba\u011fl\u0131 ara\u015fd\u0131rma apar\u0131l\u0131r.<\/p>\n","protected":false},"author":2,"featured_media":309259,"comment_status":"closed","ping_status":"closed","sticky":false,"template":"","format":"standard","meta":{"om_disable_all_campaigns":false,"_monsterinsights_skip_tracking":false,"_monsterinsights_sitenote_active":false,"_monsterinsights_sitenote_note":"","_monsterinsights_sitenote_category":0},"categories":[5],"tags":[],"aioseo_notices":[],"gutentor_comment":0,"rttpg_featured_image_url":{"full":["https:\/\/arantv.az\/wp-content\/uploads\/2021\/03\/in.jpg",620,372,false],"landscape":["https:\/\/arantv.az\/wp-content\/uploads\/2021\/03\/in.jpg",620,372,false],"portraits":["https:\/\/arantv.az\/wp-content\/uploads\/2021\/03\/in.jpg",620,372,false],"thumbnail":["https:\/\/arantv.az\/wp-content\/uploads\/2021\/03\/in-150x150.jpg",150,150,true],"medium":["https:\/\/arantv.az\/wp-content\/uploads\/2021\/03\/in-300x180.jpg",300,180,true],"large":["https:\/\/arantv.az\/wp-content\/uploads\/2021\/03\/in.jpg",620,372,false],"1536x1536":["https:\/\/arantv.az\/wp-content\/uploads\/2021\/03\/in.jpg",620,372,false],"2048x2048":["https:\/\/arantv.az\/wp-content\/uploads\/2021\/03\/in.jpg",620,372,false],"post-thumbnail":["https:\/\/arantv.az\/wp-content\/uploads\/2021\/03\/in-240x172.jpg",240,172,true],"advps-thumb-one":["https:\/\/arantv.az\/wp-content\/uploads\/2021\/03\/in.jpg",620,372,false]},"rttpg_author":{"display_name":"V\u00fcsal Rafiqo\u011flu","author_link":"https:\/\/arantv.az\/?author=2"},"rttpg_comment":0,"rttpg_category":"<a href=\"https:\/\/arantv.az\/?cat=5\" rel=\"category\">Hadis\u0259<\/a>","rttpg_excerpt":"A\u011fsu rayonunda 15 ya\u015fl\u0131 q\u0131z 8 Mart &#8211; Beyn\u0259lxalq Qad\u0131nlar G\u00fcn\u00fcnd\u0259 intihar edib. ARANTV.AZ qafqazinfo-ya istinad\u0259n x\u0259b\u0259r verir ki,\u00a0rayon sakini, 15 ya\u015fl\u0131 P\u0259rvan\u0259 Salahzad\u0259 mart\u0131n 8-d\u0259 intihar edib. O, ya\u015fad\u0131qlar\u0131 evin h\u0259y\u0259tind\u0259 yerl\u0259\u015f\u0259n \u00e7inar a\u011fac\u0131ndan \u00f6z\u00fcn\u00fc as\u0131b. Faktla ba\u011fl\u0131 ara\u015fd\u0131rma apar\u0131l\u0131r.","_links":{"self":[{"href":"https:\/\/arantv.az\/index.php?rest_route=\/wp\/v2\/posts\/309258"}],"collection":[{"href":"https:\/\/arantv.az\/index.php?rest_route=\/wp\/v2\/posts"}],"about":[{"href":"https:\/\/arantv.az\/index.php?rest_route=\/wp\/v2\/types\/post"}],"author":[{"embeddable":true,"href":"https:\/\/arantv.az\/index.php?rest_route=\/wp\/v2\/users\/2"}],"replies":[{"embeddable":true,"href":"https:\/\/arantv.az\/index.php?rest_route=%2Fwp%2Fv2%2Fcomments&post=309258"}],"version-history":[{"count":0,"href":"https:\/\/arantv.az\/index.php?rest_route=\/wp\/v2\/posts\/309258\/revisions"}],"wp:featuredmedia":[{"embeddable":true,"href":"https:\/\/arantv.az\/index.php?rest_route=\/wp\/v2\/media\/309259"}],"wp:attachment":[{"href":"https:\/\/arantv.az\/index.php?rest_route=%2Fwp%2Fv2%2Fmedia&parent=309258"}],"wp:term":[{"taxonomy":"category","embeddable":true,"href":"https:\/\/arantv.az\/index.php?rest_route=%2Fwp%2Fv2%2Fcategories&post=309258"},{"taxonomy":"post_tag","embeddable":true,"href":"https:\/\/arantv.az\/index.php?rest_route=%2Fwp%2Fv2%2Ftags&post=309258"}],"curies":[{"name":"wp","href":"https:\/\/api.w.org\/{rel}","templated":true}]}}