{"id":309273,"date":"2021-03-09T09:58:56","date_gmt":"2021-03-09T06:58:56","guid":{"rendered":"http:\/\/arantv.az\/?p=309273"},"modified":"2021-03-09T09:58:56","modified_gmt":"2021-03-09T06:58:56","slug":"hicabla-bagli-qanuna-d%c9%99yisiklik-edil%c9%99-bil%c9%99r","status":"publish","type":"post","link":"https:\/\/arantv.az\/?p=309273","title":{"rendered":"Hicabla ba\u011fl\u0131 qanuna d\u0259yi\u015fiklik edil\u0259 bil\u0259r"},"content":{"rendered":"<p>Ombudsman Az\u0259rbaycan Respublikas\u0131 Prezidentinin 2011-ci il 27 dekabr tarixli s\u0259r\u0259ncam\u0131 il\u0259 t\u0259sdiq edilmi\u015f \u201cAz\u0259rbaycan Respublikas\u0131nda \u0130nsan h\u00fcquq v\u0259 azadl\u0131qlar\u0131n\u0131n m\u00fcdafi\u0259sinin s\u0259m\u0259r\u0259liliyinin art\u0131rmaq sah\u0259sind\u0259 Milli F\u0259aliyy\u0259t Proqram\u0131\u201dn\u0131n bir \u00e7ox b\u0259ndl\u0259rinin icra m\u00fcdd\u0259tinin ba\u015fa \u00e7atd\u0131\u011f\u0131n\u0131 n\u0259z\u0259r\u0259 alaraq, m\u00fcasir d\u00f6vr\u00fcn t\u0259l\u0259bl\u0259rin\u0259 uy\u011fun yeni strateji s\u0259n\u0259d q\u0259bul olunmas\u0131n\u0131 t\u0259klif edib.<\/p>\n<p><strong>ARANTV.AZ<\/strong> x\u0259b\u0259r\u00a0verir ki, bu, Az\u0259rbaycan Respublikas\u0131n\u0131n \u0130nsan h\u00fcquqlar\u0131 \u00fczr\u0259 m\u00fcv\u0259kkilinin (Ombudsman) 2020-ci il \u00fczr\u0259 m\u0259ruz\u0259sind\u0259 \u0259ksini tap\u0131b.<\/p>\n<p>Eyni zamanda \u201cAz\u0259rbaycan Respublikas\u0131n\u0131n \u015f\u0259xsiyy\u0259t v\u0259siq\u0259si haqq\u0131nda\u201d Az\u0259rbaycan Respublikas\u0131n\u0131n qanununda \u015f\u0259xsiyy\u0259t v\u0259siq\u0259sinin \u00fcz\u0259rind\u0259 Beyn\u0259lxalq M\u00fclki Aviasiya T\u0259\u015fkilat\u0131n\u0131n t\u0259l\u0259bl\u0259rin\u0259 uy\u011fun foto\u015f\u0259klin yerl\u0259\u015fdirilm\u0259sinin n\u0259z\u0259rd\u0259 tutulmas\u0131na baxmayaraq, h\u0259min t\u0259l\u0259bl\u0259r\u0259 ayd\u0131nl\u0131q g\u0259tirilm\u0259diyi v\u0259 bu hallar\u0131n \u015fikay\u0259tl\u0259r\u0259 s\u0259b\u0259b oldu\u011fu \u00fc\u00e7\u00fcn foto\u015f\u0259kill\u0259rin yol veril\u0259n n\u00fcmun\u0259l\u0259rinin (ba\u015f \u00f6rt\u00fckl\u0259rind\u0259n istifad\u0259 edilm\u0259si v\u0259 s.) \u0259ks etdirilm\u0259si il\u0259 ba\u011fl\u0131 m\u00fcvafiq qanuna, habel\u0259 \u201cPasportlar haqq\u0131nda\u201d qanuna \u0259lav\u0259 v\u0259 d\u0259yi\u015fikl\u0259rin edilm\u0259si t\u0259klif olunub.<\/p>\n","protected":false},"excerpt":{"rendered":"<p>Ombudsman Az\u0259rbaycan Respublikas\u0131 Prezidentinin 2011-ci il 27 dekabr tarixli s\u0259r\u0259ncam\u0131 il\u0259 t\u0259sdiq edilmi\u015f \u201cAz\u0259rbaycan Respublikas\u0131nda \u0130nsan h\u00fcquq v\u0259 azadl\u0131qlar\u0131n\u0131n m\u00fcdafi\u0259sinin s\u0259m\u0259r\u0259liliyinin art\u0131rmaq sah\u0259sind\u0259 Milli F\u0259aliyy\u0259t Proqram\u0131\u201dn\u0131n bir \u00e7ox b\u0259ndl\u0259rinin icra m\u00fcdd\u0259tinin ba\u015fa \u00e7atd\u0131\u011f\u0131n\u0131 n\u0259z\u0259r\u0259 alaraq, m\u00fcasir d\u00f6vr\u00fcn t\u0259l\u0259bl\u0259rin\u0259 uy\u011fun yeni strateji s\u0259n\u0259d q\u0259bul olunmas\u0131n\u0131 t\u0259klif edib. ARANTV.AZ x\u0259b\u0259r\u00a0verir ki, bu, Az\u0259rbaycan Respublikas\u0131n\u0131n \u0130nsan h\u00fcquqlar\u0131 \u00fczr\u0259 m\u00fcv\u0259kkilinin (Ombudsman) 2020-ci il \u00fczr\u0259 m\u0259ruz\u0259sind\u0259 \u0259ksini tap\u0131b. Eyni zamanda \u201cAz\u0259rbaycan Respublikas\u0131n\u0131n \u015f\u0259xsiyy\u0259t v\u0259siq\u0259si haqq\u0131nda\u201d Az\u0259rbaycan Respublikas\u0131n\u0131n qanununda \u015f\u0259xsiyy\u0259t v\u0259siq\u0259sinin \u00fcz\u0259rind\u0259 Beyn\u0259lxalq M\u00fclki Aviasiya T\u0259\u015fkilat\u0131n\u0131n t\u0259l\u0259bl\u0259rin\u0259 uy\u011fun foto\u015f\u0259klin yerl\u0259\u015fdirilm\u0259sinin n\u0259z\u0259rd\u0259 tutulmas\u0131na baxmayaraq, h\u0259min t\u0259l\u0259bl\u0259r\u0259 ayd\u0131nl\u0131q&hellip;<\/p>\n","protected":false},"author":2,"featured_media":309274,"comment_status":"closed","ping_status":"closed","sticky":false,"template":"","format":"standard","meta":{"om_disable_all_campaigns":false,"_monsterinsights_skip_tracking":false,"_monsterinsights_sitenote_active":false,"_monsterinsights_sitenote_note":"","_monsterinsights_sitenote_category":0},"categories":[26],"tags":[],"aioseo_notices":[],"gutentor_comment":0,"rttpg_featured_image_url":{"full":["https:\/\/arantv.az\/wp-content\/uploads\/2021\/03\/792c7b5a161527269883034413410801846.jpg",975,540,false],"landscape":["https:\/\/arantv.az\/wp-content\/uploads\/2021\/03\/792c7b5a161527269883034413410801846.jpg",975,540,false],"portraits":["https:\/\/arantv.az\/wp-content\/uploads\/2021\/03\/792c7b5a161527269883034413410801846.jpg",975,540,false],"thumbnail":["https:\/\/arantv.az\/wp-content\/uploads\/2021\/03\/792c7b5a161527269883034413410801846-150x150.jpg",150,150,true],"medium":["https:\/\/arantv.az\/wp-content\/uploads\/2021\/03\/792c7b5a161527269883034413410801846-300x166.jpg",300,166,true],"large":["https:\/\/arantv.az\/wp-content\/uploads\/2021\/03\/792c7b5a161527269883034413410801846.jpg",640,354,false],"1536x1536":["https:\/\/arantv.az\/wp-content\/uploads\/2021\/03\/792c7b5a161527269883034413410801846.jpg",975,540,false],"2048x2048":["https:\/\/arantv.az\/wp-content\/uploads\/2021\/03\/792c7b5a161527269883034413410801846.jpg",975,540,false],"post-thumbnail":["https:\/\/arantv.az\/wp-content\/uploads\/2021\/03\/792c7b5a161527269883034413410801846-240x172.jpg",240,172,true],"advps-thumb-one":["https:\/\/arantv.az\/wp-content\/uploads\/2021\/03\/792c7b5a161527269883034413410801846.jpg",975,540,false]},"rttpg_author":{"display_name":"V\u00fcsal Rafiqo\u011flu","author_link":"https:\/\/arantv.az\/?author=2"},"rttpg_comment":0,"rttpg_category":"<a href=\"https:\/\/arantv.az\/?cat=26\" rel=\"category\">Sosial<\/a>","rttpg_excerpt":"Ombudsman Az\u0259rbaycan Respublikas\u0131 Prezidentinin 2011-ci il 27 dekabr tarixli s\u0259r\u0259ncam\u0131 il\u0259 t\u0259sdiq edilmi\u015f \u201cAz\u0259rbaycan Respublikas\u0131nda \u0130nsan h\u00fcquq v\u0259 azadl\u0131qlar\u0131n\u0131n m\u00fcdafi\u0259sinin s\u0259m\u0259r\u0259liliyinin art\u0131rmaq sah\u0259sind\u0259 Milli F\u0259aliyy\u0259t Proqram\u0131\u201dn\u0131n bir \u00e7ox b\u0259ndl\u0259rinin icra m\u00fcdd\u0259tinin ba\u015fa \u00e7atd\u0131\u011f\u0131n\u0131 n\u0259z\u0259r\u0259 alaraq, m\u00fcasir d\u00f6vr\u00fcn t\u0259l\u0259bl\u0259rin\u0259 uy\u011fun yeni strateji s\u0259n\u0259d q\u0259bul olunmas\u0131n\u0131 t\u0259klif edib. ARANTV.AZ x\u0259b\u0259r\u00a0verir ki, bu, Az\u0259rbaycan Respublikas\u0131n\u0131n \u0130nsan h\u00fcquqlar\u0131 \u00fczr\u0259&hellip;","_links":{"self":[{"href":"https:\/\/arantv.az\/index.php?rest_route=\/wp\/v2\/posts\/309273"}],"collection":[{"href":"https:\/\/arantv.az\/index.php?rest_route=\/wp\/v2\/posts"}],"about":[{"href":"https:\/\/arantv.az\/index.php?rest_route=\/wp\/v2\/types\/post"}],"author":[{"embeddable":true,"href":"https:\/\/arantv.az\/index.php?rest_route=\/wp\/v2\/users\/2"}],"replies":[{"embeddable":true,"href":"https:\/\/arantv.az\/index.php?rest_route=%2Fwp%2Fv2%2Fcomments&post=309273"}],"version-history":[{"count":0,"href":"https:\/\/arantv.az\/index.php?rest_route=\/wp\/v2\/posts\/309273\/revisions"}],"wp:featuredmedia":[{"embeddable":true,"href":"https:\/\/arantv.az\/index.php?rest_route=\/wp\/v2\/media\/309274"}],"wp:attachment":[{"href":"https:\/\/arantv.az\/index.php?rest_route=%2Fwp%2Fv2%2Fmedia&parent=309273"}],"wp:term":[{"taxonomy":"category","embeddable":true,"href":"https:\/\/arantv.az\/index.php?rest_route=%2Fwp%2Fv2%2Fcategories&post=309273"},{"taxonomy":"post_tag","embeddable":true,"href":"https:\/\/arantv.az\/index.php?rest_route=%2Fwp%2Fv2%2Ftags&post=309273"}],"curies":[{"name":"wp","href":"https:\/\/api.w.org\/{rel}","templated":true}]}}