{"id":309335,"date":"2021-03-09T10:42:41","date_gmt":"2021-03-09T07:42:41","guid":{"rendered":"http:\/\/arantv.az\/?p=309335"},"modified":"2021-03-09T10:42:41","modified_gmt":"2021-03-09T07:42:41","slug":"aliment-fondunun-yaradilmasi-t%c9%99klif-edilir","status":"publish","type":"post","link":"https:\/\/arantv.az\/?p=309335","title":{"rendered":"Aliment Fondunun yarad\u0131lmas\u0131 t\u0259klif edilir"},"content":{"rendered":"<p><strong>U\u015fa\u011f\u0131n saxlan\u0131lmas\u0131 \u00fc\u00e7\u00fcn m\u0259hk\u0259m\u0259nin t\u0259yin etdiyi alimentin d\u00f6vl\u0259t t\u0259r\u0259find\u0259n (sonradan borcludan m\u0259cburi qaydada al\u0131nmas\u0131 \u015f\u0259rti il\u0259) \u00f6d\u0259nilm\u0259si \u00fczr\u0259 mexanizmin (Aliment Fondunun) yarad\u0131lmas\u0131 t\u0259klif edilir.<\/strong><\/p>\n<p><strong>ARANTV.AZ<\/strong>\u00a0\u00a0<a href=\"https:\/\/az.trend.az\/\" target=\"_blank\" rel=\"noopener\">Trend<\/a>-\u0259 istinad\u0259n bildirir ki, bu, Az\u0259rbaycanda insan h\u00fcquqlar\u0131n\u0131n qorunmas\u0131 haqq\u0131nda \u0130nsan h\u00fcquqlar\u0131 \u00fczr\u0259 m\u00fcv\u0259kkilin (Ombudsman\u0131n) 2020-ci il \u00fczr\u0259 m\u0259ruz\u0259sind\u0259 qeyd edilib.<\/p>\n<p>Hesabatda edil\u0259n dig\u0259r t\u00f6vsiy\u0259 bundan ibar\u0259tdir ki, m\u0259hk\u0259m\u0259 q\u0259tnam\u0259l\u0259rin\u0259 \u0259sas\u0259n, borclu d\u00f6vl\u0259t qurumlar\u0131 t\u0259r\u0259find\u0259n v\u0259t\u0259nda\u015flara \u00f6d\u0259nilm\u0259li olan v\u0259saitl\u0259rin \u00f6d\u0259ni\u015finin t\u0259min edilm\u0259si m\u0259qs\u0259dil\u0259 h\u0259min qurumlara m\u00fcvafiq maliyy\u0259 v\u0259saitinin ayr\u0131lmas\u0131 \u00fczr\u0259 mexanizmin haz\u0131rlans\u0131n v\u0259 t\u0259tbiq edilsin.<\/p>\n","protected":false},"excerpt":{"rendered":"<p>U\u015fa\u011f\u0131n saxlan\u0131lmas\u0131 \u00fc\u00e7\u00fcn m\u0259hk\u0259m\u0259nin t\u0259yin etdiyi alimentin d\u00f6vl\u0259t t\u0259r\u0259find\u0259n (sonradan borcludan m\u0259cburi qaydada al\u0131nmas\u0131 \u015f\u0259rti il\u0259) \u00f6d\u0259nilm\u0259si \u00fczr\u0259 mexanizmin (Aliment Fondunun) yarad\u0131lmas\u0131 t\u0259klif edilir. ARANTV.AZ\u00a0\u00a0Trend-\u0259 istinad\u0259n bildirir ki, bu, Az\u0259rbaycanda insan h\u00fcquqlar\u0131n\u0131n qorunmas\u0131 haqq\u0131nda \u0130nsan h\u00fcquqlar\u0131 \u00fczr\u0259 m\u00fcv\u0259kkilin (Ombudsman\u0131n) 2020-ci il \u00fczr\u0259 m\u0259ruz\u0259sind\u0259 qeyd edilib. Hesabatda edil\u0259n dig\u0259r t\u00f6vsiy\u0259 bundan ibar\u0259tdir ki, m\u0259hk\u0259m\u0259 q\u0259tnam\u0259l\u0259rin\u0259 \u0259sas\u0259n, borclu d\u00f6vl\u0259t qurumlar\u0131 t\u0259r\u0259find\u0259n v\u0259t\u0259nda\u015flara \u00f6d\u0259nilm\u0259li olan v\u0259saitl\u0259rin \u00f6d\u0259ni\u015finin t\u0259min edilm\u0259si m\u0259qs\u0259dil\u0259 h\u0259min qurumlara m\u00fcvafiq maliyy\u0259 v\u0259saitinin ayr\u0131lmas\u0131 \u00fczr\u0259 mexanizmin haz\u0131rlans\u0131n v\u0259 t\u0259tbiq edilsin.<\/p>\n","protected":false},"author":2,"featured_media":309336,"comment_status":"closed","ping_status":"closed","sticky":false,"template":"","format":"standard","meta":{"om_disable_all_campaigns":false,"_monsterinsights_skip_tracking":false,"_monsterinsights_sitenote_active":false,"_monsterinsights_sitenote_note":"","_monsterinsights_sitenote_category":0},"categories":[26],"tags":[],"aioseo_notices":[],"gutentor_comment":0,"rttpg_featured_image_url":{"full":["https:\/\/arantv.az\/wp-content\/uploads\/2021\/03\/929135.jpg",800,600,false],"landscape":["https:\/\/arantv.az\/wp-content\/uploads\/2021\/03\/929135.jpg",800,600,false],"portraits":["https:\/\/arantv.az\/wp-content\/uploads\/2021\/03\/929135.jpg",800,600,false],"thumbnail":["https:\/\/arantv.az\/wp-content\/uploads\/2021\/03\/929135-150x150.jpg",150,150,true],"medium":["https:\/\/arantv.az\/wp-content\/uploads\/2021\/03\/929135-300x225.jpg",300,225,true],"large":["https:\/\/arantv.az\/wp-content\/uploads\/2021\/03\/929135.jpg",640,480,false],"1536x1536":["https:\/\/arantv.az\/wp-content\/uploads\/2021\/03\/929135.jpg",800,600,false],"2048x2048":["https:\/\/arantv.az\/wp-content\/uploads\/2021\/03\/929135.jpg",800,600,false],"post-thumbnail":["https:\/\/arantv.az\/wp-content\/uploads\/2021\/03\/929135-240x172.jpg",240,172,true],"advps-thumb-one":["https:\/\/arantv.az\/wp-content\/uploads\/2021\/03\/929135.jpg",800,600,false]},"rttpg_author":{"display_name":"V\u00fcsal Rafiqo\u011flu","author_link":"https:\/\/arantv.az\/?author=2"},"rttpg_comment":0,"rttpg_category":"<a href=\"https:\/\/arantv.az\/?cat=26\" rel=\"category\">Sosial<\/a>","rttpg_excerpt":"U\u015fa\u011f\u0131n saxlan\u0131lmas\u0131 \u00fc\u00e7\u00fcn m\u0259hk\u0259m\u0259nin t\u0259yin etdiyi alimentin d\u00f6vl\u0259t t\u0259r\u0259find\u0259n (sonradan borcludan m\u0259cburi qaydada al\u0131nmas\u0131 \u015f\u0259rti il\u0259) \u00f6d\u0259nilm\u0259si \u00fczr\u0259 mexanizmin (Aliment Fondunun) yarad\u0131lmas\u0131 t\u0259klif edilir. ARANTV.AZ\u00a0\u00a0Trend-\u0259 istinad\u0259n bildirir ki, bu, Az\u0259rbaycanda insan h\u00fcquqlar\u0131n\u0131n qorunmas\u0131 haqq\u0131nda \u0130nsan h\u00fcquqlar\u0131 \u00fczr\u0259 m\u00fcv\u0259kkilin (Ombudsman\u0131n) 2020-ci il \u00fczr\u0259 m\u0259ruz\u0259sind\u0259 qeyd edilib. Hesabatda edil\u0259n dig\u0259r t\u00f6vsiy\u0259 bundan ibar\u0259tdir ki, m\u0259hk\u0259m\u0259 q\u0259tnam\u0259l\u0259rin\u0259 \u0259sas\u0259n,&hellip;","_links":{"self":[{"href":"https:\/\/arantv.az\/index.php?rest_route=\/wp\/v2\/posts\/309335"}],"collection":[{"href":"https:\/\/arantv.az\/index.php?rest_route=\/wp\/v2\/posts"}],"about":[{"href":"https:\/\/arantv.az\/index.php?rest_route=\/wp\/v2\/types\/post"}],"author":[{"embeddable":true,"href":"https:\/\/arantv.az\/index.php?rest_route=\/wp\/v2\/users\/2"}],"replies":[{"embeddable":true,"href":"https:\/\/arantv.az\/index.php?rest_route=%2Fwp%2Fv2%2Fcomments&post=309335"}],"version-history":[{"count":0,"href":"https:\/\/arantv.az\/index.php?rest_route=\/wp\/v2\/posts\/309335\/revisions"}],"wp:featuredmedia":[{"embeddable":true,"href":"https:\/\/arantv.az\/index.php?rest_route=\/wp\/v2\/media\/309336"}],"wp:attachment":[{"href":"https:\/\/arantv.az\/index.php?rest_route=%2Fwp%2Fv2%2Fmedia&parent=309335"}],"wp:term":[{"taxonomy":"category","embeddable":true,"href":"https:\/\/arantv.az\/index.php?rest_route=%2Fwp%2Fv2%2Fcategories&post=309335"},{"taxonomy":"post_tag","embeddable":true,"href":"https:\/\/arantv.az\/index.php?rest_route=%2Fwp%2Fv2%2Ftags&post=309335"}],"curies":[{"name":"wp","href":"https:\/\/api.w.org\/{rel}","templated":true}]}}