{"id":309339,"date":"2021-03-09T10:43:34","date_gmt":"2021-03-09T07:43:34","guid":{"rendered":"http:\/\/arantv.az\/?p=309339"},"modified":"2021-03-09T10:43:34","modified_gmt":"2021-03-09T07:43:34","slug":"deputat-qiym%c9%99t-artimini-t%c9%99nqid-etdi","status":"publish","type":"post","link":"https:\/\/arantv.az\/?p=309339","title":{"rendered":"Deputat qiym\u0259t art\u0131m\u0131n\u0131 t\u0259nqid etdi"},"content":{"rendered":"<p>Milli M\u0259clisin iclas\u0131nda deputat \u018fli M\u0259simli Az\u0259rbaycanda qiym\u0259t art\u0131m\u0131ndan dan\u0131\u015f\u0131b.<\/p>\n<p><strong>ARANTV.AZ<\/strong>-\u0131n m\u0259lumat\u0131na \u0259sas\u0259n, \u018f.M\u0259simli bildirib ki, monopolistl\u0259r m\u00fcxt\u0259lif b\u0259han\u0259l\u0259rl\u0259 qiym\u0259tl\u0259ri h\u0259r g\u00fcn art\u0131r\u0131rlar.<\/p>\n<div id=\"AdviadNativeVideo0\" class=\"AdviadNativeVideo\"><\/div>\n<p>\u201c\u0130ndi Novruz bayram\u0131 \u0259r\u0259f\u0259sidir. Monopolistl\u0259r is\u0259 ist\u0259yir ki, qiym\u0259tl\u0259ri bayrama g\u00f6r\u0259 bir az da qald\u0131rs\u0131nlar\u201d, &#8211; dey\u0259 \u018f.M\u0259simli \u0259lav\u0259 edib.<\/p>\n<p>O qeyd edib ki, Az\u0259rbaycanda monopoliyaya son qoyulmal\u0131d\u0131r v\u0259 iqtisadi azadl\u0131qlar geni\u015fl\u0259ndirilm\u0259lidir.<\/p>\n","protected":false},"excerpt":{"rendered":"<p>Milli M\u0259clisin iclas\u0131nda deputat \u018fli M\u0259simli Az\u0259rbaycanda qiym\u0259t art\u0131m\u0131ndan dan\u0131\u015f\u0131b. ARANTV.AZ-\u0131n m\u0259lumat\u0131na \u0259sas\u0259n, \u018f.M\u0259simli bildirib ki, monopolistl\u0259r m\u00fcxt\u0259lif b\u0259han\u0259l\u0259rl\u0259 qiym\u0259tl\u0259ri h\u0259r g\u00fcn art\u0131r\u0131rlar. \u201c\u0130ndi Novruz bayram\u0131 \u0259r\u0259f\u0259sidir. Monopolistl\u0259r is\u0259 ist\u0259yir ki, qiym\u0259tl\u0259ri bayrama g\u00f6r\u0259 bir az da qald\u0131rs\u0131nlar\u201d, &#8211; dey\u0259 \u018f.M\u0259simli \u0259lav\u0259 edib. O qeyd edib ki, Az\u0259rbaycanda monopoliyaya son qoyulmal\u0131d\u0131r v\u0259 iqtisadi azadl\u0131qlar geni\u015fl\u0259ndirilm\u0259lidir.<\/p>\n","protected":false},"author":2,"featured_media":309340,"comment_status":"closed","ping_status":"closed","sticky":false,"template":"","format":"standard","meta":{"om_disable_all_campaigns":false,"_monsterinsights_skip_tracking":false,"_monsterinsights_sitenote_active":false,"_monsterinsights_sitenote_note":"","_monsterinsights_sitenote_category":0},"categories":[4],"tags":[],"aioseo_notices":[],"gutentor_comment":0,"rttpg_featured_image_url":{"full":["https:\/\/arantv.az\/wp-content\/uploads\/2021\/03\/qiy.jpg",620,416,false],"landscape":["https:\/\/arantv.az\/wp-content\/uploads\/2021\/03\/qiy.jpg",620,416,false],"portraits":["https:\/\/arantv.az\/wp-content\/uploads\/2021\/03\/qiy.jpg",620,416,false],"thumbnail":["https:\/\/arantv.az\/wp-content\/uploads\/2021\/03\/qiy-150x150.jpg",150,150,true],"medium":["https:\/\/arantv.az\/wp-content\/uploads\/2021\/03\/qiy-300x201.jpg",300,201,true],"large":["https:\/\/arantv.az\/wp-content\/uploads\/2021\/03\/qiy.jpg",620,416,false],"1536x1536":["https:\/\/arantv.az\/wp-content\/uploads\/2021\/03\/qiy.jpg",620,416,false],"2048x2048":["https:\/\/arantv.az\/wp-content\/uploads\/2021\/03\/qiy.jpg",620,416,false],"post-thumbnail":["https:\/\/arantv.az\/wp-content\/uploads\/2021\/03\/qiy-240x172.jpg",240,172,true],"advps-thumb-one":["https:\/\/arantv.az\/wp-content\/uploads\/2021\/03\/qiy.jpg",620,416,false]},"rttpg_author":{"display_name":"V\u00fcsal Rafiqo\u011flu","author_link":"https:\/\/arantv.az\/?author=2"},"rttpg_comment":0,"rttpg_category":"<a href=\"https:\/\/arantv.az\/?cat=4\" rel=\"category\">Siyas\u0259t<\/a>","rttpg_excerpt":"Milli M\u0259clisin iclas\u0131nda deputat \u018fli M\u0259simli Az\u0259rbaycanda qiym\u0259t art\u0131m\u0131ndan dan\u0131\u015f\u0131b. ARANTV.AZ-\u0131n m\u0259lumat\u0131na \u0259sas\u0259n, \u018f.M\u0259simli bildirib ki, monopolistl\u0259r m\u00fcxt\u0259lif b\u0259han\u0259l\u0259rl\u0259 qiym\u0259tl\u0259ri h\u0259r g\u00fcn art\u0131r\u0131rlar. \u201c\u0130ndi Novruz bayram\u0131 \u0259r\u0259f\u0259sidir. Monopolistl\u0259r is\u0259 ist\u0259yir ki, qiym\u0259tl\u0259ri bayrama g\u00f6r\u0259 bir az da qald\u0131rs\u0131nlar\u201d, &#8211; dey\u0259 \u018f.M\u0259simli \u0259lav\u0259 edib. O qeyd edib ki, Az\u0259rbaycanda monopoliyaya son qoyulmal\u0131d\u0131r v\u0259 iqtisadi azadl\u0131qlar geni\u015fl\u0259ndirilm\u0259lidir.","_links":{"self":[{"href":"https:\/\/arantv.az\/index.php?rest_route=\/wp\/v2\/posts\/309339"}],"collection":[{"href":"https:\/\/arantv.az\/index.php?rest_route=\/wp\/v2\/posts"}],"about":[{"href":"https:\/\/arantv.az\/index.php?rest_route=\/wp\/v2\/types\/post"}],"author":[{"embeddable":true,"href":"https:\/\/arantv.az\/index.php?rest_route=\/wp\/v2\/users\/2"}],"replies":[{"embeddable":true,"href":"https:\/\/arantv.az\/index.php?rest_route=%2Fwp%2Fv2%2Fcomments&post=309339"}],"version-history":[{"count":0,"href":"https:\/\/arantv.az\/index.php?rest_route=\/wp\/v2\/posts\/309339\/revisions"}],"wp:featuredmedia":[{"embeddable":true,"href":"https:\/\/arantv.az\/index.php?rest_route=\/wp\/v2\/media\/309340"}],"wp:attachment":[{"href":"https:\/\/arantv.az\/index.php?rest_route=%2Fwp%2Fv2%2Fmedia&parent=309339"}],"wp:term":[{"taxonomy":"category","embeddable":true,"href":"https:\/\/arantv.az\/index.php?rest_route=%2Fwp%2Fv2%2Fcategories&post=309339"},{"taxonomy":"post_tag","embeddable":true,"href":"https:\/\/arantv.az\/index.php?rest_route=%2Fwp%2Fv2%2Ftags&post=309339"}],"curies":[{"name":"wp","href":"https:\/\/api.w.org\/{rel}","templated":true}]}}