{"id":309351,"date":"2021-03-09T10:49:35","date_gmt":"2021-03-09T07:49:35","guid":{"rendered":"http:\/\/arantv.az\/?p=309351"},"modified":"2021-03-09T10:49:35","modified_gmt":"2021-03-09T07:49:35","slug":"az%c9%99rbaycanda-m%c9%99hkumlar-ucun-videoz%c9%99ngl%c9%99r-t%c9%99skil-edil%c9%99-bil%c9%99r","status":"publish","type":"post","link":"https:\/\/arantv.az\/?p=309351","title":{"rendered":"Az\u0259rbaycanda m\u0259hkumlar \u00fc\u00e7\u00fcn videoz\u0259ngl\u0259r t\u0259\u015fkil edil\u0259 bil\u0259r"},"content":{"rendered":"<p><strong>Az\u0259rbaycanda m\u0259hkumlar \u00fc\u00e7\u00fcn videoz\u0259ngl\u0259rin t\u0259\u015fkili m\u0259qs\u0259dil\u0259 qanunvericiliy\u0259 d\u0259yi\u015fiklik t\u0259klif olunur.<\/strong><\/p>\n<p><strong>ARANTV.AZ<\/strong> APA-ya\u00a0istinad\u0259n bildirir ki,\u00a0bu bar\u0259d\u0259 Az\u0259rbaycan \u0130nsan h\u00fcquqlar\u0131 \u00fczr\u0259 m\u00fcv\u0259kkilin (Ombudsman) 2020-ci il \u00fczr\u0259 illik m\u0259ruz\u0259sind\u0259 bildirilib.<\/p>\n<p>S\u0259n\u0259dd\u0259 videoz\u0259ngl\u0259rin t\u0259\u015fkil edilm\u0259sinin m\u0259hkumun ail\u0259si v\u0259 yax\u0131nlar\u0131 il\u0259 \u0259laq\u0259l\u0259rini m\u00f6hk\u0259ml\u0259ndirm\u0259kl\u0259 islah prosesin\u0259 m\u00fcsb\u0259t t\u0259sirini, g\u00f6r\u00fc\u015f \u00fc\u00e7\u00fcn s\u0259rf edil\u0259c\u0259k n\u0259qliyyat x\u0259rcl\u0259rin\u0259 (x\u00fcsusil\u0259 uzaqda ya\u015fayanlar \u00fc\u00e7\u00fcn) q\u0259na\u0259ti, qada\u011fan edilmi\u015f \u0259\u015fyalar\u0131n m\u00fc\u0259ssis\u0259 daxilin\u0259 ke\u00e7irilm\u0259sinin qar\u015f\u0131s\u0131n\u0131n al\u0131nmas\u0131nda \u0259h\u0259miyy\u0259tini, habel\u0259 xarici \u00f6lk\u0259l\u0259rd\u0259 geni\u015f t\u0259tbiq edil\u0259n videog\u00f6r\u00fcnt\u00fc vasit\u0259sil\u0259 \u0259laq\u0259 saxlamaq t\u0259cr\u00fcb\u0259sini n\u0259z\u0259r\u0259 alaraq, Az\u0259rbaycan Respublikas\u0131 c\u0259zalar\u0131n icras\u0131 M\u0259c\u0259ll\u0259sin\u0259 q\u0131sam\u00fcdd\u0259tli g\u00f6r\u00fc\u015f\u0259 g\u0259l\u0259 bilm\u0259y\u0259n \u015f\u0259xsl\u0259r \u00fc\u00e7\u00fcn videog\u00f6r\u00fc\u015fl\u0259rin t\u0259\u015fkilini n\u0259z\u0259rd\u0259 tutan \u0259lav\u0259nin edilm\u0259si t\u0259klif olunur.<\/p>\n","protected":false},"excerpt":{"rendered":"<p>Az\u0259rbaycanda m\u0259hkumlar \u00fc\u00e7\u00fcn videoz\u0259ngl\u0259rin t\u0259\u015fkili m\u0259qs\u0259dil\u0259 qanunvericiliy\u0259 d\u0259yi\u015fiklik t\u0259klif olunur. ARANTV.AZ APA-ya\u00a0istinad\u0259n bildirir ki,\u00a0bu bar\u0259d\u0259 Az\u0259rbaycan \u0130nsan h\u00fcquqlar\u0131 \u00fczr\u0259 m\u00fcv\u0259kkilin (Ombudsman) 2020-ci il \u00fczr\u0259 illik m\u0259ruz\u0259sind\u0259 bildirilib. S\u0259n\u0259dd\u0259 videoz\u0259ngl\u0259rin t\u0259\u015fkil edilm\u0259sinin m\u0259hkumun ail\u0259si v\u0259 yax\u0131nlar\u0131 il\u0259 \u0259laq\u0259l\u0259rini m\u00f6hk\u0259ml\u0259ndirm\u0259kl\u0259 islah prosesin\u0259 m\u00fcsb\u0259t t\u0259sirini, g\u00f6r\u00fc\u015f \u00fc\u00e7\u00fcn s\u0259rf edil\u0259c\u0259k n\u0259qliyyat x\u0259rcl\u0259rin\u0259 (x\u00fcsusil\u0259 uzaqda ya\u015fayanlar \u00fc\u00e7\u00fcn) q\u0259na\u0259ti, qada\u011fan edilmi\u015f \u0259\u015fyalar\u0131n m\u00fc\u0259ssis\u0259 daxilin\u0259 ke\u00e7irilm\u0259sinin qar\u015f\u0131s\u0131n\u0131n al\u0131nmas\u0131nda \u0259h\u0259miyy\u0259tini, habel\u0259 xarici \u00f6lk\u0259l\u0259rd\u0259 geni\u015f t\u0259tbiq edil\u0259n videog\u00f6r\u00fcnt\u00fc vasit\u0259sil\u0259 \u0259laq\u0259 saxlamaq t\u0259cr\u00fcb\u0259sini n\u0259z\u0259r\u0259 alaraq, Az\u0259rbaycan Respublikas\u0131 c\u0259zalar\u0131n icras\u0131 M\u0259c\u0259ll\u0259sin\u0259 q\u0131sam\u00fcdd\u0259tli g\u00f6r\u00fc\u015f\u0259 g\u0259l\u0259 bilm\u0259y\u0259n \u015f\u0259xsl\u0259r \u00fc\u00e7\u00fcn videog\u00f6r\u00fc\u015fl\u0259rin t\u0259\u015fkilini n\u0259z\u0259rd\u0259 tutan&hellip;<\/p>\n","protected":false},"author":2,"featured_media":309352,"comment_status":"closed","ping_status":"closed","sticky":false,"template":"","format":"standard","meta":{"om_disable_all_campaigns":false,"_monsterinsights_skip_tracking":false,"_monsterinsights_sitenote_active":false,"_monsterinsights_sitenote_note":"","_monsterinsights_sitenote_category":0},"categories":[26],"tags":[],"aioseo_notices":[],"gutentor_comment":0,"rttpg_featured_image_url":{"full":["https:\/\/arantv.az\/wp-content\/uploads\/2021\/03\/929091.jpg",800,600,false],"landscape":["https:\/\/arantv.az\/wp-content\/uploads\/2021\/03\/929091.jpg",800,600,false],"portraits":["https:\/\/arantv.az\/wp-content\/uploads\/2021\/03\/929091.jpg",800,600,false],"thumbnail":["https:\/\/arantv.az\/wp-content\/uploads\/2021\/03\/929091-150x150.jpg",150,150,true],"medium":["https:\/\/arantv.az\/wp-content\/uploads\/2021\/03\/929091-300x225.jpg",300,225,true],"large":["https:\/\/arantv.az\/wp-content\/uploads\/2021\/03\/929091.jpg",640,480,false],"1536x1536":["https:\/\/arantv.az\/wp-content\/uploads\/2021\/03\/929091.jpg",800,600,false],"2048x2048":["https:\/\/arantv.az\/wp-content\/uploads\/2021\/03\/929091.jpg",800,600,false],"post-thumbnail":["https:\/\/arantv.az\/wp-content\/uploads\/2021\/03\/929091-240x172.jpg",240,172,true],"advps-thumb-one":["https:\/\/arantv.az\/wp-content\/uploads\/2021\/03\/929091.jpg",800,600,false]},"rttpg_author":{"display_name":"V\u00fcsal Rafiqo\u011flu","author_link":"https:\/\/arantv.az\/?author=2"},"rttpg_comment":0,"rttpg_category":"<a href=\"https:\/\/arantv.az\/?cat=26\" rel=\"category\">Sosial<\/a>","rttpg_excerpt":"Az\u0259rbaycanda m\u0259hkumlar \u00fc\u00e7\u00fcn videoz\u0259ngl\u0259rin t\u0259\u015fkili m\u0259qs\u0259dil\u0259 qanunvericiliy\u0259 d\u0259yi\u015fiklik t\u0259klif olunur. ARANTV.AZ APA-ya\u00a0istinad\u0259n bildirir ki,\u00a0bu bar\u0259d\u0259 Az\u0259rbaycan \u0130nsan h\u00fcquqlar\u0131 \u00fczr\u0259 m\u00fcv\u0259kkilin (Ombudsman) 2020-ci il \u00fczr\u0259 illik m\u0259ruz\u0259sind\u0259 bildirilib. S\u0259n\u0259dd\u0259 videoz\u0259ngl\u0259rin t\u0259\u015fkil edilm\u0259sinin m\u0259hkumun ail\u0259si v\u0259 yax\u0131nlar\u0131 il\u0259 \u0259laq\u0259l\u0259rini m\u00f6hk\u0259ml\u0259ndirm\u0259kl\u0259 islah prosesin\u0259 m\u00fcsb\u0259t t\u0259sirini, g\u00f6r\u00fc\u015f \u00fc\u00e7\u00fcn s\u0259rf edil\u0259c\u0259k n\u0259qliyyat x\u0259rcl\u0259rin\u0259 (x\u00fcsusil\u0259 uzaqda ya\u015fayanlar \u00fc\u00e7\u00fcn) q\u0259na\u0259ti, qada\u011fan edilmi\u015f&hellip;","_links":{"self":[{"href":"https:\/\/arantv.az\/index.php?rest_route=\/wp\/v2\/posts\/309351"}],"collection":[{"href":"https:\/\/arantv.az\/index.php?rest_route=\/wp\/v2\/posts"}],"about":[{"href":"https:\/\/arantv.az\/index.php?rest_route=\/wp\/v2\/types\/post"}],"author":[{"embeddable":true,"href":"https:\/\/arantv.az\/index.php?rest_route=\/wp\/v2\/users\/2"}],"replies":[{"embeddable":true,"href":"https:\/\/arantv.az\/index.php?rest_route=%2Fwp%2Fv2%2Fcomments&post=309351"}],"version-history":[{"count":0,"href":"https:\/\/arantv.az\/index.php?rest_route=\/wp\/v2\/posts\/309351\/revisions"}],"wp:featuredmedia":[{"embeddable":true,"href":"https:\/\/arantv.az\/index.php?rest_route=\/wp\/v2\/media\/309352"}],"wp:attachment":[{"href":"https:\/\/arantv.az\/index.php?rest_route=%2Fwp%2Fv2%2Fmedia&parent=309351"}],"wp:term":[{"taxonomy":"category","embeddable":true,"href":"https:\/\/arantv.az\/index.php?rest_route=%2Fwp%2Fv2%2Fcategories&post=309351"},{"taxonomy":"post_tag","embeddable":true,"href":"https:\/\/arantv.az\/index.php?rest_route=%2Fwp%2Fv2%2Ftags&post=309351"}],"curies":[{"name":"wp","href":"https:\/\/api.w.org\/{rel}","templated":true}]}}