{"id":309355,"date":"2021-03-09T10:50:21","date_gmt":"2021-03-09T07:50:21","guid":{"rendered":"http:\/\/arantv.az\/?p=309355"},"modified":"2021-03-09T10:50:21","modified_gmt":"2021-03-09T07:50:21","slug":"monopolistl%c9%99r-novruzu-b%c9%99han%c9%99-edib-qiym%c9%99ti-qaldirir","status":"publish","type":"post","link":"https:\/\/arantv.az\/?p=309355","title":{"rendered":"\u201cMonopolistl\u0259r \u201cNovruz\u201du b\u0259han\u0259 edib qiym\u0259ti qald\u0131r\u0131r\u201d"},"content":{"rendered":"<blockquote><p><em><strong>Yanvar\u0131n 5-d\u0259 benzinin qiym\u0259ti c\u0259mi 10 q\u0259pik artd\u0131. H\u0259min g\u00fcnd\u0259n etibar\u0259n bazarda qiym\u0259tl\u0259r g\u00fcn\u00fc-g\u00fcnd\u0259n ki\u00e7ik r\u0259q\u0259ml\u0259rl\u0259 h\u0259r g\u00fcn qalx\u0131r. N\u00f6vb\u0259ti dal\u011fa kimi monopolistl\u0259r Novruz bayram\u0131n\u0131 b\u0259han\u0259 edib qiym\u0259ti qald\u0131r\u0131r.<\/strong><\/em><\/p><\/blockquote>\n<p><strong>ARANTV.AZ\u00a0<\/strong> qafqazinfo-ya istinad\u0259n x\u0259b\u0259r verir ki, bunu deputat \u018fli M\u0259simli parlamentd\u0259 \u00e7\u0131x\u0131\u015f\u0131nda deyib.<\/p>\n<p>O qeyd edib ki, d\u00fcnyada bayramlar zaman\u0131 qiym\u0259tl\u0259r a\u015fa\u011f\u0131 d\u00fc\u015f\u00fcr: &#8220;Onlar bu zaman uduzmurlar, \u0259ksin\u0259 d\u00f6vriyy\u0259d\u0259n qazan\u0131rlar. Art\u0131q Az\u0259rbaycanda monopoliyaya son qoyub h\u0259min \u00fcsula ke\u00e7m\u0259k laz\u0131md\u0131r.<\/p>\n<p>H\u0259min i\u015fbazlar\u0131 Novruz bayram\u0131nda qiym\u0259t qald\u0131rmas\u0131n\u0131n qar\u015f\u0131s\u0131n\u0131 alma\u011fa \u00e7a\u011f\u0131r\u0131ram. M\u0259hsul n\u0259 q\u0259d\u0259r bol olarsa, qiym\u0259tl\u0259r d\u0259 iqtisadi c\u0259h\u0259td\u0259n a\u015fa\u011f\u0131 olar&#8221;.<\/p>\n","protected":false},"excerpt":{"rendered":"<p>Yanvar\u0131n 5-d\u0259 benzinin qiym\u0259ti c\u0259mi 10 q\u0259pik artd\u0131. H\u0259min g\u00fcnd\u0259n etibar\u0259n bazarda qiym\u0259tl\u0259r g\u00fcn\u00fc-g\u00fcnd\u0259n ki\u00e7ik r\u0259q\u0259ml\u0259rl\u0259 h\u0259r g\u00fcn qalx\u0131r. N\u00f6vb\u0259ti dal\u011fa kimi monopolistl\u0259r Novruz bayram\u0131n\u0131 b\u0259han\u0259 edib qiym\u0259ti qald\u0131r\u0131r. ARANTV.AZ\u00a0 qafqazinfo-ya istinad\u0259n x\u0259b\u0259r verir ki, bunu deputat \u018fli M\u0259simli parlamentd\u0259 \u00e7\u0131x\u0131\u015f\u0131nda deyib. O qeyd edib ki, d\u00fcnyada bayramlar zaman\u0131 qiym\u0259tl\u0259r a\u015fa\u011f\u0131 d\u00fc\u015f\u00fcr: &#8220;Onlar bu zaman uduzmurlar, \u0259ksin\u0259 d\u00f6vriyy\u0259d\u0259n qazan\u0131rlar. Art\u0131q Az\u0259rbaycanda monopoliyaya son qoyub h\u0259min \u00fcsula ke\u00e7m\u0259k laz\u0131md\u0131r. H\u0259min i\u015fbazlar\u0131 Novruz bayram\u0131nda qiym\u0259t qald\u0131rmas\u0131n\u0131n qar\u015f\u0131s\u0131n\u0131 alma\u011fa \u00e7a\u011f\u0131r\u0131ram. M\u0259hsul n\u0259 q\u0259d\u0259r bol olarsa, qiym\u0259tl\u0259r d\u0259 iqtisadi c\u0259h\u0259td\u0259n a\u015fa\u011f\u0131 olar&#8221;.<\/p>\n","protected":false},"author":2,"featured_media":309356,"comment_status":"closed","ping_status":"closed","sticky":false,"template":"","format":"standard","meta":{"om_disable_all_campaigns":false,"_monsterinsights_skip_tracking":false,"_monsterinsights_sitenote_active":false,"_monsterinsights_sitenote_note":"","_monsterinsights_sitenote_category":0},"categories":[26],"tags":[],"aioseo_notices":[],"gutentor_comment":0,"rttpg_featured_image_url":{"full":["https:\/\/arantv.az\/wp-content\/uploads\/2021\/03\/929144.jpg",800,600,false],"landscape":["https:\/\/arantv.az\/wp-content\/uploads\/2021\/03\/929144.jpg",800,600,false],"portraits":["https:\/\/arantv.az\/wp-content\/uploads\/2021\/03\/929144.jpg",800,600,false],"thumbnail":["https:\/\/arantv.az\/wp-content\/uploads\/2021\/03\/929144-150x150.jpg",150,150,true],"medium":["https:\/\/arantv.az\/wp-content\/uploads\/2021\/03\/929144-300x225.jpg",300,225,true],"large":["https:\/\/arantv.az\/wp-content\/uploads\/2021\/03\/929144.jpg",640,480,false],"1536x1536":["https:\/\/arantv.az\/wp-content\/uploads\/2021\/03\/929144.jpg",800,600,false],"2048x2048":["https:\/\/arantv.az\/wp-content\/uploads\/2021\/03\/929144.jpg",800,600,false],"post-thumbnail":["https:\/\/arantv.az\/wp-content\/uploads\/2021\/03\/929144-240x172.jpg",240,172,true],"advps-thumb-one":["https:\/\/arantv.az\/wp-content\/uploads\/2021\/03\/929144.jpg",800,600,false]},"rttpg_author":{"display_name":"V\u00fcsal Rafiqo\u011flu","author_link":"https:\/\/arantv.az\/?author=2"},"rttpg_comment":0,"rttpg_category":"<a href=\"https:\/\/arantv.az\/?cat=26\" rel=\"category\">Sosial<\/a>","rttpg_excerpt":"Yanvar\u0131n 5-d\u0259 benzinin qiym\u0259ti c\u0259mi 10 q\u0259pik artd\u0131. H\u0259min g\u00fcnd\u0259n etibar\u0259n bazarda qiym\u0259tl\u0259r g\u00fcn\u00fc-g\u00fcnd\u0259n ki\u00e7ik r\u0259q\u0259ml\u0259rl\u0259 h\u0259r g\u00fcn qalx\u0131r. N\u00f6vb\u0259ti dal\u011fa kimi monopolistl\u0259r Novruz bayram\u0131n\u0131 b\u0259han\u0259 edib qiym\u0259ti qald\u0131r\u0131r. ARANTV.AZ\u00a0 qafqazinfo-ya istinad\u0259n x\u0259b\u0259r verir ki, bunu deputat \u018fli M\u0259simli parlamentd\u0259 \u00e7\u0131x\u0131\u015f\u0131nda deyib. O qeyd edib ki, d\u00fcnyada bayramlar zaman\u0131 qiym\u0259tl\u0259r a\u015fa\u011f\u0131 d\u00fc\u015f\u00fcr: &#8220;Onlar bu zaman&hellip;","_links":{"self":[{"href":"https:\/\/arantv.az\/index.php?rest_route=\/wp\/v2\/posts\/309355"}],"collection":[{"href":"https:\/\/arantv.az\/index.php?rest_route=\/wp\/v2\/posts"}],"about":[{"href":"https:\/\/arantv.az\/index.php?rest_route=\/wp\/v2\/types\/post"}],"author":[{"embeddable":true,"href":"https:\/\/arantv.az\/index.php?rest_route=\/wp\/v2\/users\/2"}],"replies":[{"embeddable":true,"href":"https:\/\/arantv.az\/index.php?rest_route=%2Fwp%2Fv2%2Fcomments&post=309355"}],"version-history":[{"count":0,"href":"https:\/\/arantv.az\/index.php?rest_route=\/wp\/v2\/posts\/309355\/revisions"}],"wp:featuredmedia":[{"embeddable":true,"href":"https:\/\/arantv.az\/index.php?rest_route=\/wp\/v2\/media\/309356"}],"wp:attachment":[{"href":"https:\/\/arantv.az\/index.php?rest_route=%2Fwp%2Fv2%2Fmedia&parent=309355"}],"wp:term":[{"taxonomy":"category","embeddable":true,"href":"https:\/\/arantv.az\/index.php?rest_route=%2Fwp%2Fv2%2Fcategories&post=309355"},{"taxonomy":"post_tag","embeddable":true,"href":"https:\/\/arantv.az\/index.php?rest_route=%2Fwp%2Fv2%2Ftags&post=309355"}],"curies":[{"name":"wp","href":"https:\/\/api.w.org\/{rel}","templated":true}]}}